{"id":168184,"date":"2025-06-11T12:35:08","date_gmt":"2025-06-11T12:35:08","guid":{"rendered":"https:\/\/www.europesays.com\/fr\/168184\/"},"modified":"2025-06-11T12:35:08","modified_gmt":"2025-06-11T12:35:08","slug":"marie-bousquet-etait-elle-la-derniere-sorciere-de-provence-un-livre-enquete-tente-de-percer-le-mystere","status":"publish","type":"post","link":"https:\/\/www.europesays.com\/fr\/168184\/","title":{"rendered":"Marie Bousquet \u00e9tait-elle la derni\u00e8re sorci\u00e8re de Provence? Un livre-enqu\u00eate tente de percer le myst\u00e8re"},"content":{"rendered":"<p><strong>On dit qu\u2019elle est la derni\u00e8re sorci\u00e8re de Provence. Mais personne ne sait si Marie Bousquet l\u2019\u00e9tait vraiment.<\/strong> \u00ab\u00a0Je crois que ceux qui auraient pu la conna\u00eetre sont tous d\u00e9c\u00e9d\u00e9s aujourd\u2019hui\u2026\u00a0\u00bb<\/p>\n<p>Fascin\u00e9e par la l\u00e9gende, <strong>Martine Vita Ciofi<\/strong> a enqu\u00eat\u00e9 pendant un an sur cette \u00e9trange dame \u00ab\u00a0plus f\u00e9e qu\u2019humaine\u00a0\u00bb, qui serait n\u00e9e et d\u00e9c\u00e9d\u00e9e \u00e0 Aiguines au si\u00e8cle dernier. Depuis sa r\u00e9sidence secondaire \u00e0 <strong>Aups<\/strong>, l\u2019autrice a sond\u00e9 les archives, interrog\u00e9 les habitants du village et \u00e9crit son cinqui\u00e8me livre. Marie de Canjuers, la derni\u00e8re sorci\u00e8re du haut Var est sorti aux Presses du midi hier. Un roman qui, \u00e0 travers 95 pages, retrace sa vie entre contes, fictions et r\u00e9alit\u00e9s tir\u00e9es de vieux papiers.<\/p>\n<p>Elle cueillait ses herbes magiques \u00e0 Canjuers<\/p>\n<p>Marie Bousquet avait-elle un nez crochu, des verrues, un chapeau pointu et un balai pour survoler le maquis Vallier? On laissera les enfants y croire\u2026 Reste que Martine Vita Ciofi n\u2019a trouv\u00e9 aucun clich\u00e9 de cette myst\u00e9rieuse femme. <strong>\u00ab\u00a0Il y a plein d\u2019autres choses qui clochent dans son histoire.\u00a0\u00bb <\/strong>Il se murmure que, comme toute sorci\u00e8re qui se respecte, elle n\u2019aurait jamais eu d\u2019enfant et ne se serait jamais mari\u00e9e. \u00ab\u00a0Les gens du coin affirment aussi qu\u2019elle serait d\u00e9c\u00e9d\u00e9e \u00e0 l\u2019\u00e2ge de 45 ans. Alain Archiloque, l\u2019ancien maire de Moustiers-Sainte-Marie (2008-2014), assure qu\u2019elle est morte dans les bras du docteur du coin, Cassius-Brutus Senes.\u00a0\u00bb Impossible. Selon les archives, le m\u00e9decin a disparu avant la magicienne.<\/p>\n<p>\u00ab\u00a0Il n\u2019y a pas grand-chose \u00e0 dire sur elle. Marie Bousquet \u00e9tait une fille comme toutes les autres je pense, proche de la nature, simple et solitaire.\u00a0\u00bb <strong>C\u2019\u00e9tait une cultivatrice, comme son p\u00e8re.<\/strong> \u00ab\u00a0Canjuers, c\u2019\u00e9tait le bout du monde. Il n\u2019y avait ni le camp militaire, ni le lac de Sainte-Croix. Il fallait se d\u00e9brouiller par soi-m\u00eame.\u00a0\u00bb On raconte qu\u2019elle avait l\u2019habitude de cueillir ses herbes \u00ab\u00a0magiques\u00a0\u00bb dans le maquis pour faire ses potions curatives. C\u2019\u00e9tait une herboriste, une gu\u00e9risseuse. Mais Martine Vita Ciofi n\u2019a trouv\u00e9 aucune trace de ses pr\u00e9tendus soins. \u00ab\u00a0Vous savez, \u00e0 cette \u00e9poque, il y avait beaucoup de rebouteux.\u00a0\u00bb L\u2019information passait surtout par le bouche-\u00e0-oreille.<\/p>\n<p>              <img ci-src=\"https:\/\/www.varmatin.com\/vie-locale\/protec\/DATA_ART_15687695-1MZBwdEl.jpg?vh=f108dc&amp;ci_seal=a3ba806cdf\" alt=\"\"\/><br \/>\n        Marie Jos\u00e9phine Jeanne Bousquet a v\u00e9cu au hameau de La M\u00e9decine, \u00e0 Aiguines, sur le plateau de Canjuers. <strong>Cr\u00e9dit photo Web uniquement.<\/strong> <\/p>\n<p>                                Marie Bousquet n\u2019a en fait jamais disparu\u2026<\/p>\n<p>Hameau du pont*, le 10 mars 1895. Des vagissements r\u00e9sonnent non loin du village d\u2019Aiguines. Ana\u00efs Long vient de donner naissance \u00e0 Marie Jos\u00e9phine Jeanne Bousquet. Voil\u00e0 cinq ans qu\u2019elle vit ici en m\u00e9tayage avec son mari, Isa\u00ef Joseph Bousquet. La petite famille n\u2019y reste pas longtemps. Elle d\u00e9m\u00e9nage un an plus tard. Puis trois autres fois avant qu\u2019elle ne se s\u00e9pare.<\/p>\n<p>En 1921, Marie est devenue grande. \u00c0 26 ans, elle prend son ind\u00e9pendance et s\u2019installe au hameau de La M\u00e9decine, toujours \u00e0 Aiguines. Mais ses parents ne sont pas loin: \u00ab\u00a0Ils ont investi une maison dans la rue Haute avec son oncle Sim\u00e9on, le fr\u00e8re d\u2019Isa\u00ef.\u00a0\u00bb En faisant d\u2019autres recherches, Martine Vita Ciofi retrouve un article de presse relatant une affaire judiciaire: On apprend qu\u2019un d\u00e9nomm\u00e9 Bousquet est accus\u00e9, en 1923, d\u2019avoir volontairement mis le feu \u00e0 deux reprises au village. Le propri\u00e9taire des b\u00e2timents atteints par l\u2019incendie s\u2019appelait monsieur Isnard. Le d\u00e9nomm\u00e9 Bousquet ne lui aurait pas pardonn\u00e9 d\u2019avoir \u00e9pous\u00e9 sa cousine que lui-m\u00eame courtisait\u2026 \u00bb<\/p>\n<p>\u00c0 cet instant, tout prend sens.<\/p>\n<p>La derni\u00e8re sorci\u00e8re de Provence s\u2019est mari\u00e9e. Avec Bertin Isnard, un tourneur sur bois. C\u2019\u00e9tait le 29 avril 1916.<\/p>\n<p>La romanci\u00e8re creuse encore\u2026 Et tombe des nues. Une fois de plus. \u00ab\u00a0Ils ont eu deux filles.\u00a0\u00bb Sacril\u00e8ge!<\/p>\n<p>La premi\u00e8re vient au monde un an apr\u00e8s leur union. Puis, Gabrielle fait la connaissance de sa petite s\u0153ur, Marie-Claire, en 1923.<\/p>\n<p>Soudain, abracadabra.<\/p>\n<p>Comme le veut la l\u00e9gende, Marie Bousquet est victime d\u2019un coup du sort. Elle dispara\u00eet donc \u00e0 45 ans. Des offrandes fleurissent aussit\u00f4t sur le parvis de La M\u00e9decine. Hommage ou geste de reconnaissance?<\/p>\n<p>En r\u00e9alit\u00e9, alors que les rumeurs la disent d\u00e9c\u00e9d\u00e9e, il n\u2019en est rien. Marie Bousquet est simplement partie s\u2019installer dans le d\u00e9partement d\u2019\u00e0-c\u00f4t\u00e9! Elle a emmen\u00e9 son mari et ses filles \u00e0 Aiglun. \u00ab\u00a0On ne saura jamais pourquoi. Mon hypoth\u00e8se, c\u2019est qu\u2019ils sont all\u00e9s se rapprocher de Marie No\u00e9mie Eug\u00e9nie, la petite s\u0153ur de la sorci\u00e8re (2). Elle vivait \u00e0 P\u00e9roules. Elle avait r\u00e9cemment perdu son \u00e9poux.\u00a0\u00bb<\/p>\n<p>La famille ne reviendra \u00e0 La M\u00e9decine qu\u2019en 1931\u2026 comme par magie.<\/p>\n<p>Selon les archives, Marie Bousquet se fait discr\u00e8te. Pendant au moins vingt-sept ans. Martine Vita Ciofi a retrouv\u00e9 un acte notari\u00e9 datant de 1958: \u00ab\u00a0Elle et son mari ont vendu une remise \u00e0 Aiguines.\u00a0\u00bb Bertin Isnard meurt en 1966. Mais un autre myst\u00e8re entoure sa perte. \u00ab\u00a0On ne sait pas exactement s\u2019il a quitt\u00e9 ce monde dans les Alpes-de-Haute-Provence ou \u00e0 Aiguines\u2026\u00a0\u00bb Sa s\u00e9pulture est bien ici, mais le registre d\u2019inhumation fait \u00e9tat de la mention \u00ab\u00a0relev\u00e9 \u00e0 Aiglun\u00a0\u00bb. \u00ab\u00a0Je ne suis pas parvenue \u00e0 la d\u00e9chiffrer.\u00a0\u00bb<\/p>\n<p>Ce secret, Marie Bousquet l\u2019a sans doute emport\u00e9 avec elle dans sa tombe, \u00e0 Aiguines. La sorci\u00e8re d\u00e9c\u00e8de \u00e0 son tour le 27 septembre 1978, \u00e0 l\u2019\u00e2ge de 83 ans.<\/p>\n<p>Peut-\u00eatre un sortil\u00e8ge? Qui sait\u2026<\/p>\n","protected":false},"excerpt":{"rendered":"On dit qu\u2019elle est la derni\u00e8re sorci\u00e8re de Provence. Mais personne ne sait si Marie Bousquet l\u2019\u00e9tait vraiment.&hellip;\n","protected":false},"author":2,"featured_media":168185,"comment_status":"","ping_status":"","sticky":false,"template":"","format":"standard","meta":{"footnotes":""},"categories":[1357],"tags":[1379,58,59,1011,27,937,1380,3366],"class_list":{"0":"post-168184","1":"post","2":"type-post","3":"status-publish","4":"format-standard","5":"has-post-thumbnail","7":"category-livres","8":"tag-books","9":"tag-divertissement","10":"tag-entertainment","11":"tag-fr","12":"tag-france","13":"tag-histoire","14":"tag-livres","15":"tag-vie-locale"},"share_on_mastodon":{"url":"https:\/\/pubeurope.com\/@fr\/114664762481698205","error":""},"_links":{"self":[{"href":"https:\/\/www.europesays.com\/fr\/wp-json\/wp\/v2\/posts\/168184","targetHints":{"allow":["GET"]}}],"collection":[{"href":"https:\/\/www.europesays.com\/fr\/wp-json\/wp\/v2\/posts"}],"about":[{"href":"https:\/\/www.europesays.com\/fr\/wp-json\/wp\/v2\/types\/post"}],"author":[{"embeddable":true,"href":"https:\/\/www.europesays.com\/fr\/wp-json\/wp\/v2\/users\/2"}],"replies":[{"embeddable":true,"href":"https:\/\/www.europesays.com\/fr\/wp-json\/wp\/v2\/comments?post=168184"}],"version-history":[{"count":0,"href":"https:\/\/www.europesays.com\/fr\/wp-json\/wp\/v2\/posts\/168184\/revisions"}],"wp:featuredmedia":[{"embeddable":true,"href":"https:\/\/www.europesays.com\/fr\/wp-json\/wp\/v2\/media\/168185"}],"wp:attachment":[{"href":"https:\/\/www.europesays.com\/fr\/wp-json\/wp\/v2\/media?parent=168184"}],"wp:term":[{"taxonomy":"category","embeddable":true,"href":"https:\/\/www.europesays.com\/fr\/wp-json\/wp\/v2\/categories?post=168184"},{"taxonomy":"post_tag","embeddable":true,"href":"https:\/\/www.europesays.com\/fr\/wp-json\/wp\/v2\/tags?post=168184"}],"curies":[{"name":"wp","href":"https:\/\/api.w.org\/{rel}","templated":true}]}}