{"id":168188,"date":"2025-06-11T12:37:15","date_gmt":"2025-06-11T12:37:15","guid":{"rendered":"https:\/\/www.europesays.com\/fr\/168188\/"},"modified":"2025-06-11T12:37:15","modified_gmt":"2025-06-11T12:37:15","slug":"un-an-apres-sa-mort-thomas-dutronc-explique-pourquoi-sa-mere-na-toujours-pas-de-tombe","status":"publish","type":"post","link":"https:\/\/www.europesays.com\/fr\/168188\/","title":{"rendered":"Un an apr\u00e8s sa mort, Thomas Dutronc explique pourquoi sa m\u00e8re n&rsquo;a toujours pas de tombe"},"content":{"rendered":"<p>Mercredi 11 juin 2025, cela fait un an jour pour jour que Fran\u00e7oise Hardy est d\u00e9c\u00e9d\u00e9e. Pourtant, elle n&rsquo;a toujours pas de tombe. Son fils, Thomas Dutronc, explique pourquoi dans les colonnes du Figaro.<\/p>\n<p>Le 11 juin 2024, <a href=\"https:\/\/www.programme-tv.net\/news\/people\/354830-la-chanteuse-francoise-hardy-est-morte-a-80-ans\/\" data-api-deeplink=\"teleloisirs:\/\/news\/354830\" target=\"_blank\" rel=\"noopener\">Fran\u00e7oise Hardy nous quittais \u00e0 l&rsquo;\u00e2ge de 80\u00a0ans<\/a>. La chanteuse, connue pour ses tubes Comment te dire adieu ou Message personnel, est d\u00e9c\u00e9d\u00e9e d&rsquo;un cancer du pharynx. Depuis, son fils unique, Thomas Dutronc travaille \u00e0 un projet tr\u00e8s sp\u00e9cial. Mercredi 11 juin 2025, \u00e0 l&rsquo;occasion du premier anniversaire de la mort de sa m\u00e8re, il confie au <a href=\"https:\/\/www.lefigaro.fr\/musique\/thomas-dutronc-ma-mere-nous-interdisait-d-ecouter-ses-premiers-albums-20250610\" target=\"_blank\" rel=\"noopener\">Figaro<\/a> les coulisses de son travail sur le premier volume d\u2019une int\u00e9grale de l&rsquo;\u0153uvre de <a href=\"https:\/\/www.programme-tv.net\/news\/people\/355145-comment-francoise-hardy-fiancee-a-jean-marie-perier-a-connu-et-craque-pour-jacques-dutronc-alain-chamfort-raconte-leur-rencontre\/\" data-api-deeplink=\"teleloisirs:\/\/news\/355145\" target=\"_blank\" rel=\"noopener\">l&rsquo;ancienne compagne de Jacques Dutronc<\/a>. \u00ab\u00a0Il y a eu un tel engouement quand ma m\u00e8re est partie\u00a0! Elle a \u00e9t\u00e9 \u00e9cout\u00e9e dans le monde entier, y compris dans des pays o\u00f9 elle n\u2019avait jamais \u00e9t\u00e9 entendue. Comme si tout le monde prenait conscience de sa valeur artistique, de son rayonnement et de sa renomm\u00e9e\u00a0\u00bb, explique-t-il. C&rsquo;est une des raisons qui l&rsquo;ont pouss\u00e9 \u00e0 se lancer dans cette aventure.<\/p>\n<p>Ce beau projet de Thomas Dutronc pour rendre hommage \u00e0 sa m\u00e8re, Fran\u00e7oise Hardy<\/p>\n<p>\u00ab\u00a0Il y a des bijoux dans son r\u00e9pertoire. Et c\u2019est la seule artiste fran\u00e7aise qui a figur\u00e9 dans le classement \u00e9tabli par le magazine Rolling Stone des meilleurs chanteurs de tous les temps, c\u2019est la classe\u00a0!\u00a0\u00bb, poursuit-il, admiratif. Pour autant, les d\u00e9buts de ce projet ont \u00e9t\u00e9 complexes. \u00ab\u00a0Le travail l\u00e0-dessus a commenc\u00e9 il y a assez longtemps. Je n\u2019avais pas tellement envie de m\u2019y plonger, c\u2019\u00e9tait assez d\u00e9licat. Heureusement qu\u2019<a href=\"https:\/\/www.programme-tv.net\/news\/musique\/354868-nous-tavons-veillee-hier-tard-dans-la-nuit-tu-etais-belle-le-message-bouleversant-d-etienne-daho-en-hommage-a-francoise-hardy\/\" data-api-deeplink=\"teleloisirs:\/\/news\/354868\" target=\"_blank\" rel=\"noopener\">\u00c9tienne Daho \u00e9tait vraiment \u00e0 fond<\/a>. [\u2026] Il la conna\u00eet d\u00e9j\u00e0 bien mieux que moi, c\u2019est s\u00fbr. Et il est en contact avec des fans encore plus hardcore que lui. Nous avons d\u00een\u00e9 ensemble pour parler de tout \u00e7a. Ensuite, il m\u2019a emmen\u00e9 voir l\u2019appartement o\u00f9 vivait\u00a0ma m\u00e8re\u00a0\u00e0 10\u00a0ans, l\u2019\u00e9cole qu\u2019elle fr\u00e9quentait, des lieux que je ne connaissais pas\u00a0\u00bb. Sans l&rsquo;aide de cet ami fid\u00e8le, Thomas Dutronc ne se serait pas senti capable de r\u00e9aliser ce projet. \u00ab\u00a0D\u2019abord parce que je ne connaissais pas tout. Et puis c\u2019est encore un peu dur pour moi d\u2019\u00e9couter ma m\u00e8re chanter. Le fait de travailler avec \u00c9tienne a \u00e9t\u00e9 assez id\u00e9al parce que nous avons pris toutes les d\u00e9cisions ensemble\u00a0\u00bb. <\/p>\n<p>                        Cette raison pour laquelle Fran\u00e7oise Hardy n&rsquo;est pas enterr\u00e9e<\/p>\n<p>\u00c0 travers cette int\u00e9grale, le fils apprend \u00e0 conna\u00eetre sa m\u00e8re et veut la faire d\u00e9couvrir au monde. \u00ab\u00a0Ce coffret revient sur les premi\u00e8res ann\u00e9es de sa carri\u00e8re, une p\u00e9riode assez mal connue aujourd\u2019hui\u2026 Ma m\u00e8re nous interdisait d\u2019\u00e9couter \u00e0 la maison les disques de sa premi\u00e8re p\u00e9riode. J\u2019ai toujours \u00e9t\u00e9 inquiet d\u2019y trouver des trucs pas terribles. Alors que c\u2019est fabuleux\u00a0\u00bb, avoue-t-il. Parmi ces archives : \u00ab\u00a0Il y a un live in\u00e9dit qui est le premier t\u00e9moignage majeur de ses prestations en public et il est tr\u00e8s bien. Elle assure \u00e0 fond, elle est hyper dr\u00f4le\u00a0\u00bb. En marge de cette compilation colossale, le fils doit \u00e9galement s&rsquo;occuper de quelque chose qu&rsquo;on aurait pens\u00e9 fait depuis longtemps. Car depuis un an, Fran\u00e7oise Hardy n&rsquo;a pas encore de tombe. \u00ab\u00a0C\u2019est mon p\u00e8re qui s\u2019en occupe, donc il ne se passe rien. Il faudrait que je prenne le relais mais j\u2019ai plein de choses \u00e0 faire. Elle sera enterr\u00e9e au cimeti\u00e8re de Monticello, en Haute-Corse, o\u00f9 elle verra la mer d\u2019un c\u00f4t\u00e9 et la maison qu\u2019elle a fait construire en 1967 de l\u2019autre. Nous avons trouv\u00e9 l\u2019endroit mais il nous faut encore choisir l\u2019architecture d\u2019un petit caveau o\u00f9 d\u00e9poser ses cendres. \u00c7a tra\u00eene, mais rien ne presse, en m\u00eame temps\u2026\u00a0\u00bb<\/p>\n","protected":false},"excerpt":{"rendered":"Mercredi 11 juin 2025, cela fait un an jour pour jour que Fran\u00e7oise Hardy est d\u00e9c\u00e9d\u00e9e. Pourtant, elle&hellip;\n","protected":false},"author":2,"featured_media":168189,"comment_status":"","ping_status":"","sticky":false,"template":"","format":"standard","meta":{"footnotes":""},"categories":[1355],"tags":[244,58,59,1011,27,30154,7545,18,1361,873,3110,1630],"class_list":{"0":"post-168188","1":"post","2":"type-post","3":"status-publish","4":"format-standard","5":"has-post-thumbnail","7":"category-musique","8":"tag-commentaire","9":"tag-divertissement","10":"tag-entertainment","11":"tag-fr","12":"tag-france","13":"tag-franu00e7oise-hardy","14":"tag-jacques-dutronc","15":"tag-mort","16":"tag-music","17":"tag-musique","18":"tag-thomas-dutronc","19":"tag-zapping"},"share_on_mastodon":{"url":"https:\/\/pubeurope.com\/@fr\/114664770365791633","error":""},"_links":{"self":[{"href":"https:\/\/www.europesays.com\/fr\/wp-json\/wp\/v2\/posts\/168188","targetHints":{"allow":["GET"]}}],"collection":[{"href":"https:\/\/www.europesays.com\/fr\/wp-json\/wp\/v2\/posts"}],"about":[{"href":"https:\/\/www.europesays.com\/fr\/wp-json\/wp\/v2\/types\/post"}],"author":[{"embeddable":true,"href":"https:\/\/www.europesays.com\/fr\/wp-json\/wp\/v2\/users\/2"}],"replies":[{"embeddable":true,"href":"https:\/\/www.europesays.com\/fr\/wp-json\/wp\/v2\/comments?post=168188"}],"version-history":[{"count":0,"href":"https:\/\/www.europesays.com\/fr\/wp-json\/wp\/v2\/posts\/168188\/revisions"}],"wp:featuredmedia":[{"embeddable":true,"href":"https:\/\/www.europesays.com\/fr\/wp-json\/wp\/v2\/media\/168189"}],"wp:attachment":[{"href":"https:\/\/www.europesays.com\/fr\/wp-json\/wp\/v2\/media?parent=168188"}],"wp:term":[{"taxonomy":"category","embeddable":true,"href":"https:\/\/www.europesays.com\/fr\/wp-json\/wp\/v2\/categories?post=168188"},{"taxonomy":"post_tag","embeddable":true,"href":"https:\/\/www.europesays.com\/fr\/wp-json\/wp\/v2\/tags?post=168188"}],"curies":[{"name":"wp","href":"https:\/\/api.w.org\/{rel}","templated":true}]}}