{"id":16821,"date":"2025-04-11T08:19:16","date_gmt":"2025-04-11T08:19:16","guid":{"rendered":"https:\/\/www.europesays.com\/fr\/16821\/"},"modified":"2025-04-11T08:19:16","modified_gmt":"2025-04-11T08:19:16","slug":"la-chronique-de-laurent-gerra-du-11-avril-2025-en-direct-de-nice","status":"publish","type":"post","link":"https:\/\/www.europesays.com\/fr\/16821\/","title":{"rendered":"La chronique de Laurent Gerra du 11 avril 2025, en direct de Nice"},"content":{"rendered":"<p class=\"article-p mdl\">Toutes les \u00e9quipes de RTL d\u00e9barquent \u00e0 Nice ce 10 et 11 avril 2025 ! Laurent Gerra est \u00e9videmment du voyage et est en direct de la place Massena. Mais il a apparemment oubli\u00e9 d&#8217;emmener avec lui<strong> Patrick Bruel, qui semble bien \u00e9nerv\u00e9<\/strong>&#8230; \u00ab\u00a0On fait une \u00e9mission sp\u00e9ciale \u00e0 Nice et je ne suis pas invit\u00e9. En tant qu\u2019en tant qu\u2019en tant qu\u2019en tant que producteur de vin ros\u00e9, de savon, de miel, d\u2019huile d\u2019olive\u2026 Je connais tr\u00e8s bien les produits locaux\u00a0\u00bb. Et, prenant une voix \u00e9tonnante, le chanteur se lance dans la promotion des produits du sud. \u00ab\u00a0En ce moment dans les supermarch\u00e9s Bruel, d\u00e9couvrez notre s\u00e9lection de salades, notamment notre salade ni\u00e7oise et<strong> notre salade Ciotti<\/strong>. C\u2019est comme une salade ni\u00e7oise, mais avec un suppl\u00e9ment cr\u00e2ne d\u2019\u0153uf\u00a0\u00bb.<\/p>\n<p class=\"article-p mdl\"><strong>Xavier de Moulins, lui, est bien du voyage sur le C\u00f4te d&rsquo;Azur<\/strong>. J\u2019ai en effet profit\u00e9 de l\u2019autocar affr\u00e9t\u00e9 par RTL, avec son vieil autocollant \u00ab\u00a0Les routiers sont sympa\u00a0\u00bb pour venir \u00e0\u00a0<a class=\"link\" href=\"https:\/\/www.rtl.fr\/actu\/international\/pourquoi-nice-est-le-nouvel-eldorado-des-americains-7900492502\" title=\"Nice : pourquoi la perle de la C\u00f4te d&#039;Azur est le nouvel eldorado des Am\u00e9ricains\" target=\"_blank\" rel=\"noopener\">Nice\u00a0<\/a>d\u00e9dicacer mon nouveau roman Refaire l\u2019amour\u2026 Mais il y a un probl\u00e8me. Il n\u2019y a ici que des grands-m\u00e8res \u00e0 caniches, qui, sans volont\u00e9 aucune de leur faire offense, ne me donnent pas exactement envie de Refaire l\u2019amour.\u00a0<\/p>\n<p class=\"article-p mdl\">V\u00e9ritable embl\u00e8me de la ville de Nice,<strong> le journal Nice Matin f\u00eate ses 80 ans<\/strong>. <strong>Et Michel Drucker a sp\u00e9cialement fait le d\u00e9placement pour rendre hommage au quotidien r\u00e9gional<\/strong>. \u00ab\u00a0Nice Matin, formidable ! J\u2019ai assist\u00e9 au lancement du journal, en 1945, d\u2019ailleurs j\u2019ai toujours le premier num\u00e9ro \u00e0 la maison, raconte l&rsquo;animateur. J\u2019adore la ville de Nice ! J\u2019y viens souvent pour faire du v\u00e9lo, le long de la mer, sur la\u00a0<a class=\"link\" href=\"https:\/\/www.rtl.fr\/actu\/justice-faits-divers\/attentat-de-nice-le-14-juillet-2016-un-camion-belier-semait-la-mort-sur-la-promenade-des-anglais-7900181312\" title=\"Attentat de Nice : le 14 juillet 2016, un camion-b\u00e9lier semait la mort sur la promenade des Anglais\" target=\"_blank\" rel=\"noopener\">Promenade des Anglais<\/a>. Magnifique, la Promenade des Anglais ! Elle a \u00e9t\u00e9 inaugur\u00e9e en 1824, je m\u2019en souviens tr\u00e8s bien, j\u2019y \u00e9tais, c\u2019\u00e9tait magnifique\u00a0\u00bb.\u00a0&#13;<\/p>\n<p>    La r\u00e9daction vous recommande<\/p>\n<p class=\"s-newsletter__title\">\n                L\u2019actualit\u00e9 par la r\u00e9daction de RTL dans votre bo\u00eete mail.\n            <\/p>\n<p class=\"s-newsletter__subtitle\">\n                Gr\u00e2ce \u00e0 votre compte RTL abonnez-vous \u00e0 la newsletter RTL info pour suivre toute l&rsquo;actualit\u00e9 au quotidien\n            <\/p>\n<p>\n                                    Lire la suite\n                                <\/p>\n","protected":false},"excerpt":{"rendered":"Toutes les \u00e9quipes de RTL d\u00e9barquent \u00e0 Nice ce 10 et 11 avril 2025 ! Laurent Gerra est&hellip;\n","protected":false},"author":2,"featured_media":16822,"comment_status":"","ping_status":"","sticky":false,"template":"","format":"standard","meta":{"footnotes":""},"categories":[2819],"tags":[1111,11,1777,674,1011,27,6098,12,2401,882,25],"class_list":{"0":"post-16821","1":"post","2":"type-post","3":"status-publish","4":"format-standard","5":"has-post-thumbnail","7":"category-nice","8":"tag-actu","9":"tag-actualites","10":"tag-eu","11":"tag-europe","12":"tag-fr","13":"tag-france","14":"tag-laurent-gerra","15":"tag-news","16":"tag-nice","17":"tag-provence-alpes-cote-dazur","18":"tag-republique-francaise"},"share_on_mastodon":{"url":"https:\/\/pubeurope.com\/@fr\/114318354948332249","error":""},"_links":{"self":[{"href":"https:\/\/www.europesays.com\/fr\/wp-json\/wp\/v2\/posts\/16821","targetHints":{"allow":["GET"]}}],"collection":[{"href":"https:\/\/www.europesays.com\/fr\/wp-json\/wp\/v2\/posts"}],"about":[{"href":"https:\/\/www.europesays.com\/fr\/wp-json\/wp\/v2\/types\/post"}],"author":[{"embeddable":true,"href":"https:\/\/www.europesays.com\/fr\/wp-json\/wp\/v2\/users\/2"}],"replies":[{"embeddable":true,"href":"https:\/\/www.europesays.com\/fr\/wp-json\/wp\/v2\/comments?post=16821"}],"version-history":[{"count":0,"href":"https:\/\/www.europesays.com\/fr\/wp-json\/wp\/v2\/posts\/16821\/revisions"}],"wp:featuredmedia":[{"embeddable":true,"href":"https:\/\/www.europesays.com\/fr\/wp-json\/wp\/v2\/media\/16822"}],"wp:attachment":[{"href":"https:\/\/www.europesays.com\/fr\/wp-json\/wp\/v2\/media?parent=16821"}],"wp:term":[{"taxonomy":"category","embeddable":true,"href":"https:\/\/www.europesays.com\/fr\/wp-json\/wp\/v2\/categories?post=16821"},{"taxonomy":"post_tag","embeddable":true,"href":"https:\/\/www.europesays.com\/fr\/wp-json\/wp\/v2\/tags?post=16821"}],"curies":[{"name":"wp","href":"https:\/\/api.w.org\/{rel}","templated":true}]}}