{"id":168220,"date":"2025-06-11T12:53:09","date_gmt":"2025-06-11T12:53:09","guid":{"rendered":"https:\/\/www.europesays.com\/fr\/168220\/"},"modified":"2025-06-11T12:53:09","modified_gmt":"2025-06-11T12:53:09","slug":"lartiste-ohsalya-enflammera-la-scene-du-circus-ce-jeudi","status":"publish","type":"post","link":"https:\/\/www.europesays.com\/fr\/168220\/","title":{"rendered":"l&rsquo;artiste Ohsalya enflammera la sc\u00e8ne du Circus ce jeudi"},"content":{"rendered":"<p>            Par<br \/>\n        <strong><br \/>\n            <a href=\"https:\/\/actu.fr\/auteur\/j-phan\" title=\"Consulter tous les articles de Jordan Phan\" rel=\"nofollow noopener\" target=\"_blank\">Jordan Phan<\/a><br \/>\n        <\/strong><\/p>\n<p>        Publi\u00e9 le<\/p>\n<p>            11 juin 2025 \u00e0 14h09        <\/p>\n<p>Oh \u00e7a y\u2019est\u2026 <strong>Ohsalya<\/strong> sort enfin son projet ! Et quoi de mieux qu\u2019une <strong>release party<\/strong> pour f\u00eater \u00e7a ? La chanteuse donne rendez-vous \u00e0 ses fans et \u00e0 tous ceux qui le souhaitent au <strong>Circus \u00e0 Montpellier ce jeudi 12 juin<\/strong> pour une soir\u00e9e des plus inoubliables, tant pour sa carri\u00e8re musicale que pour la jeune femme de 20 ans.<\/p>\n<p>    <a href=\"https:\/\/www.google.com\/maps\/embed?pb=!1m18!1m12!1m3!1d2888.82687128989!2d3.8758500751076697!3d43.61014625521596!2m3!1f0!2f0!3f0!3m2!1i1024!2i768!4f13.1!3m3!1m2!1s0x12b6afa77b54bf93%3A0x1cb95d0b20581268!2sCircus!5e0!3m2!1sfr!2sfr!4v1749560512880!5m2!1sfr!2sfr\" title=\"Ouvrie le lien\" rel=\"nofollow noopener\" target=\"_blank\">Cliquez ici pour visualiser le contenu<\/a><\/p>\n<p>Une passion d\u00e8s son plus jeune \u00e2ge<\/p>\n<p class=\" wall-content\">Le chant et la musique, pour elle, c\u2019est depuis qu\u2019elle est toute petite. Et depuis <strong>deux ans<\/strong>, c\u2019est devenu s\u00e9rieux. \u00ab\u00a0Je me suis professionnalis\u00e9e, entre guillemets, quand j\u2019ai rencontr\u00e9 Ma\u00ebl, qui est rappeur, et Hokiz, mon producteur\/ing\u00e9nieur du son\u00a0\u00bb, raconte l\u2019artiste avec enthousiasme. Un enthousiasme qui se manifeste dans sa musique, o\u00f9 ses morceaux chant\u00e9s en <strong>anglais<\/strong> sont empreints de ses styles favoris comme <strong>la neo soul, le jazz, le R&amp;B et la K-pop<\/strong>. \u00ab\u00a0Ma m\u00e8re me faisait \u00e9couter Good Girl Gone Bad de <strong>Rihanna<\/strong> lorsque j\u2019\u00e9tais petite et je m\u2019endormais dessus\u00a0\u00bb, aime \u00e0 se rappeler Ohsalya, elle qui s\u2019inspire grandement de femmes comme <strong>Madonna, Erykah Badu, Lauryn Hill ou encore Theodora<\/strong>.<\/p>\n<p class=\" wall-content\"><a href=\"https:\/\/www.instagram.com\/p\/DKcmEBNsOYd\/embed\" title=\"Ouvrir le lien sur Instagram\" rel=\"nofollow noopener\" target=\"_blank\">Visualiser le contenu sur Instagram<\/a><\/p>\n<p>Au programme de la soir\u00e9e<\/p>\n<p class=\" wall-content\">Pour promouvoir son projet de<strong> cinq titres<\/strong>, o\u00f9 elle explore sa <strong>relation avec elle-m\u00eame<\/strong> et <strong>se d\u00e9voile avec sinc\u00e9rit\u00e9<\/strong>, la jeune femme a fait appel \u00e0 ses amis artistes pour assurer sa premi\u00e8re partie : <strong>Malena Pancino, Shawna Louis, Abys, Loukv et Ma\u00ebl<\/strong> viendront prendre la temp\u00e9rature du Circus avant l\u2019arriv\u00e9e de la vedette du soir. Et si ce n\u2019\u00e9tait pas assez, les proth\u00e9sistes <strong>Cocow Nails and Strass<\/strong> seront pr\u00e9sents sur place pour faire briller votre dentition avec leurs <strong>strass dentaires<\/strong>, non loin de la sc\u00e8ne o\u00f9 les danseuses <strong>Valentina Rosa et L\u00e9ane Sabin<\/strong> performeront pendant le show. Ohsalya voit cette release comme un \u00ab\u00a0accomplissement\u00a0\u00bb et le fruit de son travail sur un an, elle qui commence d\u00e9j\u00e0 \u00e0 penser \u00e0 un <strong>deuxi\u00e8me opus<\/strong> dans la lanc\u00e9e de \u00ab\u00a0Dependency\u00a0\u00bb.<\/p>\n<p>    <a href=\"https:\/\/www.google.com\/maps\/embed?pb=!1m18!1m12!1m3!1d5777.653742579855!2d3.875850075622156!3d43.61014625521516!2m3!1f0!2f0!3f0!3m2!1i1024!2i768!4f13.1!3m3!1m2!1s0x12b6afa77b54bf93%3A0x1cb95d0b20581268!2sCircus!5e0!3m2!1sfr!2sfr!4v1749643717098!5m2!1sfr!2sfr\" title=\"Ouvrie le lien\" rel=\"nofollow noopener\" target=\"_blank\">Cliquez ici pour visualiser le contenu<\/a><\/p>\n<p>Jeudi 12 juin de 20h \u00e0 minuit au Circus, 3 rue Collot, Montpellier. Entr\u00e9e libre.<\/p>\n<p>Vid\u00e9os : en ce moment sur Actu<\/p>\n<p class=\" wall-content\">Suivez toute l\u2019actualit\u00e9 de vos villes et m\u00e9dias favoris en vous inscrivant \u00e0 <a href=\"https:\/\/moncompte.actu.fr\" title=\"D\u00e9couvez Mon Actu\" rel=\"nofollow noopener\" data-trk=\"{&quot;cta&quot;:{&quot;action&quot;:&quot;https:\\\/\\\/moncompte.actu.fr&quot;,&quot;category&quot;:&quot;mon compte&quot;,&quot;from&quot;:&quot;article footer&quot;,&quot;name&quot;:&quot;Mon actu&quot;,&quot;type&quot;:&quot;cta&quot;}}\" target=\"_blank\">Mon Actu<\/a>.<\/p>\n<p>                    <script async src=\"\/\/www.instagram.com\/embed.js\"><\/script><\/p>\n","protected":false},"excerpt":{"rendered":"Par Jordan Phan Publi\u00e9 le 11 juin 2025 \u00e0 14h09 Oh \u00e7a y\u2019est\u2026 Ohsalya sort enfin son projet&hellip;\n","protected":false},"author":2,"featured_media":168221,"comment_status":"","ping_status":"","sticky":false,"template":"","format":"standard","meta":{"footnotes":""},"categories":[9599],"tags":[1111,11,1697,1777,674,1011,27,1652,2208,12,2680,25],"class_list":{"0":"post-168220","1":"post","2":"type-post","3":"status-publish","4":"format-standard","5":"has-post-thumbnail","7":"category-montpellier","8":"tag-actu","9":"tag-actualites","10":"tag-concert","11":"tag-eu","12":"tag-europe","13":"tag-fr","14":"tag-france","15":"tag-loisirs-culture","16":"tag-montpellier","17":"tag-news","18":"tag-occitanie","19":"tag-republique-francaise"},"share_on_mastodon":{"url":"","error":""},"_links":{"self":[{"href":"https:\/\/www.europesays.com\/fr\/wp-json\/wp\/v2\/posts\/168220","targetHints":{"allow":["GET"]}}],"collection":[{"href":"https:\/\/www.europesays.com\/fr\/wp-json\/wp\/v2\/posts"}],"about":[{"href":"https:\/\/www.europesays.com\/fr\/wp-json\/wp\/v2\/types\/post"}],"author":[{"embeddable":true,"href":"https:\/\/www.europesays.com\/fr\/wp-json\/wp\/v2\/users\/2"}],"replies":[{"embeddable":true,"href":"https:\/\/www.europesays.com\/fr\/wp-json\/wp\/v2\/comments?post=168220"}],"version-history":[{"count":0,"href":"https:\/\/www.europesays.com\/fr\/wp-json\/wp\/v2\/posts\/168220\/revisions"}],"wp:featuredmedia":[{"embeddable":true,"href":"https:\/\/www.europesays.com\/fr\/wp-json\/wp\/v2\/media\/168221"}],"wp:attachment":[{"href":"https:\/\/www.europesays.com\/fr\/wp-json\/wp\/v2\/media?parent=168220"}],"wp:term":[{"taxonomy":"category","embeddable":true,"href":"https:\/\/www.europesays.com\/fr\/wp-json\/wp\/v2\/categories?post=168220"},{"taxonomy":"post_tag","embeddable":true,"href":"https:\/\/www.europesays.com\/fr\/wp-json\/wp\/v2\/tags?post=168220"}],"curies":[{"name":"wp","href":"https:\/\/api.w.org\/{rel}","templated":true}]}}