{"id":168222,"date":"2025-06-11T12:54:21","date_gmt":"2025-06-11T12:54:21","guid":{"rendered":"https:\/\/www.europesays.com\/fr\/168222\/"},"modified":"2025-06-11T12:54:21","modified_gmt":"2025-06-11T12:54:21","slug":"quel-programme-pour-la-pride-ce-week-end","status":"publish","type":"post","link":"https:\/\/www.europesays.com\/fr\/168222\/","title":{"rendered":"quel programme pour la Pride ce week-end ?"},"content":{"rendered":"<p>\n\t\t\t\t\tMontpellier vibrera au rythme de la Pride ce vendredi 13 et samedi 14 juin. D\u00e9couvrez le programme.\t\t\t\t<\/p>\n<p>\n\t\t\t\t\t\t\t\t\t\u00a9 Illustration \/ La Marche des Fiert\u00e9s se d\u00e9roulera \u00e0 partir de 16 heures le 14 juin.\t\t\t\t\t\t\t\t<\/p>\n<p>Alors que le mois des fiert\u00e9s bat son plein partout en France depuis le d\u00e9but du mois de juin, la <strong>32e Pride <\/strong>de <a href=\"https:\/\/infoccitanie.fr\/tag\/montpellier\/\" target=\"_blank\" rel=\"noopener\">Montpellier <\/a>approche \u00e0 grands pas. D\u00e8s le <strong>13 juin<\/strong>, le <strong>village associatif de la Pride<\/strong> s\u2019installe dans les <strong>Jardins du Peyrou <\/strong>\u00e0 partir de 14 heures, \u00e0 l\u2019occasion de la <strong>queer afternoon<\/strong>. Cette journ\u00e9e sera suivie d\u2019un ap\u00e9ro pride \u00e0 partir de 19 heures.<\/p>\n<p>Marche des fiert\u00e9s et Pride Night<\/p>\n<p>Le lendemain, le village associatif ouvre ses portes \u00e0 midi, suivi \u00e0 15 heures du traditionnel discours avant de lancer officiellement la Marche des fiert\u00e9s, \u00e0 partir de 16 heures, au d\u00e9part de l\u2019Esplanade du Peyrou. Un nouvel ap\u00e9ro pride est pr\u00e9vu d\u00e8s 19 heures. Pour les plus f\u00eatards, une <a href=\"https:\/\/infoccitanie.fr\/montpellier-la-pride-night-au-rockstore-pour-prolonger-la-fete-de-la-marche-des-fiertes\/\" target=\"_blank\" rel=\"noopener\">Pride Night<\/a> est organis\u00e9e au Rockstore de minuit \u00e0 6 heures du matin.<\/p>\n","protected":false},"excerpt":{"rendered":"Montpellier vibrera au rythme de la Pride ce vendredi 13 et samedi 14 juin. D\u00e9couvrez le programme. \u00a9&hellip;\n","protected":false},"author":2,"featured_media":168223,"comment_status":"","ping_status":"","sticky":false,"template":"","format":"standard","meta":{"footnotes":""},"categories":[9599],"tags":[1111,11,1777,674,1011,27,24310,2208,12,2680,25],"class_list":{"0":"post-168222","1":"post","2":"type-post","3":"status-publish","4":"format-standard","5":"has-post-thumbnail","7":"category-montpellier","8":"tag-actu","9":"tag-actualites","10":"tag-eu","11":"tag-europe","12":"tag-fr","13":"tag-france","14":"tag-marche-des-fiertes","15":"tag-montpellier","16":"tag-news","17":"tag-occitanie","18":"tag-republique-francaise"},"share_on_mastodon":{"url":"https:\/\/pubeurope.com\/@fr\/114664837232588808","error":""},"_links":{"self":[{"href":"https:\/\/www.europesays.com\/fr\/wp-json\/wp\/v2\/posts\/168222","targetHints":{"allow":["GET"]}}],"collection":[{"href":"https:\/\/www.europesays.com\/fr\/wp-json\/wp\/v2\/posts"}],"about":[{"href":"https:\/\/www.europesays.com\/fr\/wp-json\/wp\/v2\/types\/post"}],"author":[{"embeddable":true,"href":"https:\/\/www.europesays.com\/fr\/wp-json\/wp\/v2\/users\/2"}],"replies":[{"embeddable":true,"href":"https:\/\/www.europesays.com\/fr\/wp-json\/wp\/v2\/comments?post=168222"}],"version-history":[{"count":0,"href":"https:\/\/www.europesays.com\/fr\/wp-json\/wp\/v2\/posts\/168222\/revisions"}],"wp:featuredmedia":[{"embeddable":true,"href":"https:\/\/www.europesays.com\/fr\/wp-json\/wp\/v2\/media\/168223"}],"wp:attachment":[{"href":"https:\/\/www.europesays.com\/fr\/wp-json\/wp\/v2\/media?parent=168222"}],"wp:term":[{"taxonomy":"category","embeddable":true,"href":"https:\/\/www.europesays.com\/fr\/wp-json\/wp\/v2\/categories?post=168222"},{"taxonomy":"post_tag","embeddable":true,"href":"https:\/\/www.europesays.com\/fr\/wp-json\/wp\/v2\/tags?post=168222"}],"curies":[{"name":"wp","href":"https:\/\/api.w.org\/{rel}","templated":true}]}}