{"id":168226,"date":"2025-06-11T12:56:08","date_gmt":"2025-06-11T12:56:08","guid":{"rendered":"https:\/\/www.europesays.com\/fr\/168226\/"},"modified":"2025-06-11T12:56:08","modified_gmt":"2025-06-11T12:56:08","slug":"un-restaurant-de-la-place-du-vieux-marche-a-rouen-ferme-ses-portes-du-jour-au-lendemain","status":"publish","type":"post","link":"https:\/\/www.europesays.com\/fr\/168226\/","title":{"rendered":"Un restaurant de la place du Vieux-March\u00e9, \u00e0 Rouen, ferme ses portes du jour au lendemain"},"content":{"rendered":"<p>            Par<br \/>\n        <strong><br \/>\n            <a href=\"https:\/\/actu.fr\/auteur\/thomas-rideau\" title=\"Consulter tous les articles de Thomas Rideau\" rel=\"nofollow noopener\" target=\"_blank\">Thomas Rideau<\/a><br \/>\n        <\/strong><\/p>\n<p>        Publi\u00e9 le<\/p>\n<p>            11 juin 2025 \u00e0 14h23<br \/>\n        ; mis \u00e0 jour le 11 juin 2025 \u00e0 14h24    <\/p>\n<p>Surprise (peut-\u00eatre) ce matin. <strong>Les passants et les habitu\u00e9s<\/strong> de la place du Vieux-March\u00e9, \u00e0 <a href=\"https:\/\/actu.fr\/normandie\/rouen_76540\" rel=\"nofollow noopener\" target=\"_blank\">Rouen (Seine-Maritime)<\/a> ont pu constater qu\u2019un restaurant du secteur avait ferm\u00e9 ses portes, ce mercredi 11\u00a0juin 2025. Et plus pr\u00e9cis\u00e9ment, il s\u2019agit de l\u2019enseigne de restauration rapide <a href=\"https:\/\/actu.fr\/normandie\/rouen_76540\/le-premier-big-fernand-de-rouen-va-ouvrir-place-du-vieux-marche_51709806.html\" rel=\"nofollow noopener\" target=\"_blank\">Big Fernand<\/a>.<\/p>\n<p>Les raisons de la fermeture<\/p>\n<p class=\" wall-content\">Selon plusieurs sources, il s\u2019agit <strong>d\u2019une liquidation judiciaire<\/strong> et le restaurant est bel et bien ferm\u00e9 d\u00e9finitivement (et non \u00ab\u00a0temporairement\u00a0\u00bb comme il est indiqu\u00e9 sur leur site).<\/p>\n<p class=\" wall-content\">Situ\u00e9 entre la rue Rollon et la place du Vieux-March\u00e9, le restaurant avait ouvert au printemps 2022 et proposait une offre de hamburger voulue <strong>\u00ab\u2009haut de gamme\u2009\u00bb<\/strong>.\u00a0Il avait pris la place de l\u2019\u00e9picerie Saveurs du Sud-Ouest.<\/p>\n<p class=\" wall-content\">Une nouvelle case libre d\u2019exception fait donc son apparition au plein c\u0153ur de la capitale normande. Guettons d\u00e9sormais qui sera le prochain \u00e0 tenter sa chance entre <strong>les<\/strong> <strong>ind\u00e9boulonnables<\/strong> de la brasserie du JM et de la boulangerie Cressent.<\/p>\n<p class=\" wall-content\">Contact\u00e9e, la franchise n\u2019est pas encore revenue vers nous \u00e0 l\u2019heure de la publication de cet article.<\/p>\n<p>Suivez l\u2019actualit\u00e9 de Rouen <a href=\"https:\/\/www.whatsapp.com\/channel\/0029VaKfnf99hXF2ddApFB1D\" rel=\"nofollow noopener\" target=\"_blank\">sur notre cha\u00eene WhatsApp<\/a> et <a href=\"https:\/\/www.tiktok.com\/@76actu.fr?lang=fr\" rel=\"nofollow noopener\" target=\"_blank\">sur notre compte TikTok<\/a><\/p>\n<p class=\" wall-content\">Suivez toute l\u2019actualit\u00e9 de vos villes et m\u00e9dias favoris en vous inscrivant \u00e0 <a href=\"https:\/\/moncompte.actu.fr\" title=\"D\u00e9couvez Mon Actu\" rel=\"nofollow noopener\" data-trk=\"{&quot;cta&quot;:{&quot;action&quot;:&quot;https:\\\/\\\/moncompte.actu.fr&quot;,&quot;category&quot;:&quot;mon compte&quot;,&quot;from&quot;:&quot;article footer&quot;,&quot;name&quot;:&quot;Mon actu&quot;,&quot;type&quot;:&quot;cta&quot;}}\" target=\"_blank\">Mon Actu<\/a>.<\/p>\n<p>                    <script async src=\"\/\/www.tiktok.com\/embed.js\"><\/script><\/p>\n","protected":false},"excerpt":{"rendered":"Par Thomas Rideau Publi\u00e9 le 11 juin 2025 \u00e0 14h23 ; mis \u00e0 jour le 11 juin 2025&hellip;\n","protected":false},"author":2,"featured_media":168227,"comment_status":"","ping_status":"","sticky":false,"template":"","format":"standard","meta":{"footnotes":""},"categories":[9587],"tags":[1111,11,215,1777,674,1011,27,12,5161,25,1340,9590,104],"class_list":{"0":"post-168226","1":"post","2":"type-post","3":"status-publish","4":"format-standard","5":"has-post-thumbnail","7":"category-rouen","8":"tag-actu","9":"tag-actualites","10":"tag-commerce","11":"tag-eu","12":"tag-europe","13":"tag-fr","14":"tag-france","15":"tag-news","16":"tag-normandie","17":"tag-republique-francaise","18":"tag-restaurant","19":"tag-rouen","20":"tag-societe"},"share_on_mastodon":{"url":"https:\/\/pubeurope.com\/@fr\/114664845021852519","error":""},"_links":{"self":[{"href":"https:\/\/www.europesays.com\/fr\/wp-json\/wp\/v2\/posts\/168226","targetHints":{"allow":["GET"]}}],"collection":[{"href":"https:\/\/www.europesays.com\/fr\/wp-json\/wp\/v2\/posts"}],"about":[{"href":"https:\/\/www.europesays.com\/fr\/wp-json\/wp\/v2\/types\/post"}],"author":[{"embeddable":true,"href":"https:\/\/www.europesays.com\/fr\/wp-json\/wp\/v2\/users\/2"}],"replies":[{"embeddable":true,"href":"https:\/\/www.europesays.com\/fr\/wp-json\/wp\/v2\/comments?post=168226"}],"version-history":[{"count":0,"href":"https:\/\/www.europesays.com\/fr\/wp-json\/wp\/v2\/posts\/168226\/revisions"}],"wp:featuredmedia":[{"embeddable":true,"href":"https:\/\/www.europesays.com\/fr\/wp-json\/wp\/v2\/media\/168227"}],"wp:attachment":[{"href":"https:\/\/www.europesays.com\/fr\/wp-json\/wp\/v2\/media?parent=168226"}],"wp:term":[{"taxonomy":"category","embeddable":true,"href":"https:\/\/www.europesays.com\/fr\/wp-json\/wp\/v2\/categories?post=168226"},{"taxonomy":"post_tag","embeddable":true,"href":"https:\/\/www.europesays.com\/fr\/wp-json\/wp\/v2\/tags?post=168226"}],"curies":[{"name":"wp","href":"https:\/\/api.w.org\/{rel}","templated":true}]}}