{"id":16823,"date":"2025-04-11T08:20:10","date_gmt":"2025-04-11T08:20:10","guid":{"rendered":"https:\/\/www.europesays.com\/fr\/16823\/"},"modified":"2025-04-11T08:20:10","modified_gmt":"2025-04-11T08:20:10","slug":"la-meteo-sannonce-fraiche-et-humide-a-nantes","status":"publish","type":"post","link":"https:\/\/www.europesays.com\/fr\/16823\/","title":{"rendered":"la m\u00e9t\u00e9o s&rsquo;annonce \u00ab\u00a0fra\u00eeche et humide\u00a0\u00bb \u00e0 Nantes"},"content":{"rendered":"<p>            Par<br \/>\n        <strong><br \/>\n            <a href=\"https:\/\/actu.fr\/auteur\/clemence-pays02-actu-fr\" title=\"Consulter tous les articles de Cl\u00e9mence Pays\" rel=\"nofollow noopener\" target=\"_blank\">Cl\u00e9mence Pays<\/a><br \/>\n        <\/strong><\/p>\n<p>        Publi\u00e9 le<\/p>\n<p>            11 avr. 2025 \u00e0 9h36        <\/p>\n<p>Depuis une semaine, la cit\u00e9 des ducs de <a href=\"https:\/\/actu.fr\/bretagne\/\" rel=\"nofollow noopener\" target=\"_blank\">Bretagne<\/a> est sous le soleil. Mais <strong>cette m\u00e9t\u00e9o estivale ne va pas durer<\/strong> puisque la <strong>pluie<\/strong> doit faire son retour \u00e0 Nantes, d\u00e8s samedi 12\u00a0avril 2025. La r\u00e9daction d\u2019<a href=\"https:\/\/actu.fr\/nantes\/\" rel=\"nofollow noopener\" target=\"_blank\">actu Nantes<\/a> fait le point sur les pr\u00e9visions du week-end avec <strong>Gr\u00e9goire V\u00e9deau,<\/strong> m\u00e9t\u00e9orologue pr\u00e9visionniste chez M\u00e9t\u00e9o Bretagne.<\/p>\n<p class=\" wall-content\">Jusqu\u2019\u00e0 pr\u00e9sent, \u00ab\u2009la situation \u00e9tait anticyclonique. Les temp\u00e9ratures \u00e9taient donc tr\u00e8s douces avec un tr\u00e8s beau soleil et un temps sec\u2009\u00bb. Attention aux coups de soleil donc, puisque <strong>\u00ab\u2009l\u2019indice UV est \u00e0 5\u2009\u00bb,<\/strong> soit l\u2019\u00e9quivalent d\u2019un mois d\u2019ao\u00fbt.<\/p>\n<p>La fin de l\u2019anticyclone<\/p>\n<p class=\" wall-content\">Vendredi, selon Gr\u00e9goire V\u00e9deau, la journ\u00e9e sera<strong> ensoleill\u00e9e<\/strong> avec un temps toujours anticyclonique malgr\u00e9 la pr\u00e9sence de <strong>nuages d\u2019altitudes.<\/strong> Les temp\u00e9ratures seront encore tr\u00e8s douces \u00ab\u2009avec <strong>jusqu\u2019\u00e0 23\u00a0\u00b0C<\/strong> \u00e0 Nantes\u2009\u00bb. Ce sera \u00ab\u2009la derni\u00e8re journ\u00e9e de douceur\u2009\u00bb, note le m\u00e9t\u00e9orologue.<\/p>\n<p class=\" wall-content\"><strong>La m\u00e9t\u00e9o va \u00e9voluer, \u00ab\u2009mais pas favorablement\u2009\u00bb,<\/strong> \u00e0 partir de samedi. Le flux anticyclonique pr\u00e9sent au niveau des \u00eeles britanniques \u00ab\u2009va se r\u00e9tracter et mourir sur l\u2019Europe centrale\u2009\u00bb.<\/p>\n<blockquote class=\"ac-article-quote wall-content\">\n<p>Il y aura donc plus d&rsquo;humidit\u00e9 et les temp\u00e9ratures seront plus basses.<\/p>\n<p>    <strong>Gr\u00e9goire V\u00e9deau<\/strong><br \/>\n        M\u00e9t\u00e9orologue pr\u00e9visionniste    <\/p><\/blockquote>\n<p>Vid\u00e9os : en ce moment sur Actu<\/p>\n<p class=\" wall-content\">Ce changement sera particuli\u00e8rement notable \u00e0 partir du samedi 12\u00a0avril, o\u00f9 les <strong>pr\u00e9cipitations<\/strong> vont faire leur retour. \u00ab\u2009Mais ces pluies seront \u00e9parses et intermittentes.\u2009\u00bb<\/p>\n<p>La fra\u00eecheur de retour<\/p>\n<p class=\" wall-content\">\u00ab\u2009Dimanche, la perturbation va poursuivre sa route vers l\u2019est.\u2009\u00bb La <a href=\"https:\/\/actu.fr\/pays-de-la-loire\/loire-atlantique_44\" rel=\"nofollow noopener\" target=\"_blank\">Loire-Atlantique<\/a> basculera donc sur un flux de secteur ouest. \u00ab\u2009Il fera donc <strong>plus frais<\/strong> \u2013 surtout sur les c\u00f4tes \u2013 et <strong>plus humide\u2009\u00bb,<\/strong> avertit le pr\u00e9visionniste.<\/p>\n<p class=\" wall-content\">Lundi 14\u00a0avril, \u00ab\u2009il va y avoir<strong> beaucoup plus de pr\u00e9cipitations\u2009\u00bb<\/strong>. La fra\u00eecheur sera plus marqu\u00e9e avec un retour vers les normales de saison (16,2\u00a0\u00b0C pour Nantes), voire en dessous des normales avec <strong>14\u00a0\u00b0C<\/strong> attendus en milieu de semaine.<\/p>\n<blockquote class=\"ac-article-quote wall-content\">\n<p>On va sentir une fra\u00eecheur assez vive, surtout sous l&rsquo;effet du vent, m\u00eame s&rsquo;il ne sera pas tr\u00e8s fort. Celui-ci sera en provenance de la mer donc plus frais puisque les oc\u00e9ans sont encore assez frais \u00e0 cette p\u00e9riode de l&rsquo;ann\u00e9e.\u00a0<\/p>\n<p>    <strong>Gr\u00e9goire V\u00e9deau<\/strong><br \/>\n        M\u00e9t\u00e9orologue pr\u00e9visionniste    <\/p><\/blockquote>\n<p class=\" wall-content\">En bref, la p\u00e9riode qui arrive s\u2019annonce \u00ab\u2009fra\u00eeche et humide\u2009\u00bb. \u00c0 partir de mardi, voire mercredi,<strong> les pr\u00e9cipitations seront plus importantes<\/strong> qu\u2019en d\u00e9but de semaine.<\/p>\n<p class=\" wall-content\">Suivez toute l\u2019actualit\u00e9 de vos villes et m\u00e9dias favoris en vous inscrivant \u00e0 <a href=\"https:\/\/moncompte.actu.fr\" title=\"D\u00e9couvez Mon Actu\" rel=\"nofollow noopener\" data-trk=\"{&quot;cta&quot;:{&quot;action&quot;:&quot;https:\\\/\\\/moncompte.actu.fr&quot;,&quot;category&quot;:&quot;mon compte&quot;,&quot;from&quot;:&quot;article footer&quot;,&quot;name&quot;:&quot;Mon actu&quot;,&quot;type&quot;:&quot;cta&quot;}}\" target=\"_blank\">Mon Actu<\/a>.<\/p>\n","protected":false},"excerpt":{"rendered":"Par Cl\u00e9mence Pays Publi\u00e9 le 11 avr. 2025 \u00e0 9h36 Depuis une semaine, la cit\u00e9 des ducs de&hellip;\n","protected":false},"author":2,"featured_media":16824,"comment_status":"","ping_status":"","sticky":false,"template":"","format":"standard","meta":{"footnotes":""},"categories":[2818],"tags":[1111,11,1777,674,1011,27,2487,2357,766,12,2636,25],"class_list":{"0":"post-16823","1":"post","2":"type-post","3":"status-publish","4":"format-standard","5":"has-post-thumbnail","7":"category-nantes","8":"tag-actu","9":"tag-actualites","10":"tag-eu","11":"tag-europe","12":"tag-fr","13":"tag-france","14":"tag-meteo","15":"tag-meteo-france","16":"tag-nantes","17":"tag-news","18":"tag-pays-de-la-loire","19":"tag-republique-francaise"},"share_on_mastodon":{"url":"https:\/\/pubeurope.com\/@fr\/114318358977269883","error":""},"_links":{"self":[{"href":"https:\/\/www.europesays.com\/fr\/wp-json\/wp\/v2\/posts\/16823","targetHints":{"allow":["GET"]}}],"collection":[{"href":"https:\/\/www.europesays.com\/fr\/wp-json\/wp\/v2\/posts"}],"about":[{"href":"https:\/\/www.europesays.com\/fr\/wp-json\/wp\/v2\/types\/post"}],"author":[{"embeddable":true,"href":"https:\/\/www.europesays.com\/fr\/wp-json\/wp\/v2\/users\/2"}],"replies":[{"embeddable":true,"href":"https:\/\/www.europesays.com\/fr\/wp-json\/wp\/v2\/comments?post=16823"}],"version-history":[{"count":0,"href":"https:\/\/www.europesays.com\/fr\/wp-json\/wp\/v2\/posts\/16823\/revisions"}],"wp:featuredmedia":[{"embeddable":true,"href":"https:\/\/www.europesays.com\/fr\/wp-json\/wp\/v2\/media\/16824"}],"wp:attachment":[{"href":"https:\/\/www.europesays.com\/fr\/wp-json\/wp\/v2\/media?parent=16823"}],"wp:term":[{"taxonomy":"category","embeddable":true,"href":"https:\/\/www.europesays.com\/fr\/wp-json\/wp\/v2\/categories?post=16823"},{"taxonomy":"post_tag","embeddable":true,"href":"https:\/\/www.europesays.com\/fr\/wp-json\/wp\/v2\/tags?post=16823"}],"curies":[{"name":"wp","href":"https:\/\/api.w.org\/{rel}","templated":true}]}}