{"id":168236,"date":"2025-06-11T13:01:15","date_gmt":"2025-06-11T13:01:15","guid":{"rendered":"https:\/\/www.europesays.com\/fr\/168236\/"},"modified":"2025-06-11T13:01:15","modified_gmt":"2025-06-11T13:01:15","slug":"strasbourg-un-ancien-de-luni-exclu-a-vie-pour-un-salut-nazi","status":"publish","type":"post","link":"https:\/\/www.europesays.com\/fr\/168236\/","title":{"rendered":"Strasbourg. Un ancien de l&rsquo;UNI exclu \u00e0 vie pour un salut nazi"},"content":{"rendered":"<p class=\"wp-block-post-excerpt__excerpt\">Ancien membre du syndicat \u00e9tudiant UNI Strasbourg, Josselin a \u00e9t\u00e9 d\u00e9finitivement exclu de l\u2019Universit\u00e9 de Strasbourg. Il a reconnu avoir r\u00e9alis\u00e9 un salut nazi film\u00e9 au sein du campus universitaire. <\/p>\n<p class=\"font-sans\">\n\t\t\tCet article est en acc\u00e8s libre. Pour soutenir Rue89 Strasbourg,<br \/>\n\t\t\t<a class=\"underline\" href=\"https:\/\/www.rue89strasbourg.com\/abonnement\" rel=\"nofollow noopener\" target=\"_blank\">abonnez-vous<\/a>.\n\t\t<\/p>\n<p>Guillaume Krempp<\/p>\n<p>Publi\u00e9 le 11 juin 2025\u00a0\u00a0\u00b7\u00a0\u00a0<\/p>\n<p>Imprim\u00e9 le 11 juin 2025 \u00e0 14h13\u00a0\u00a0\u00b7\u00a0\u00a0<\/p>\n<p>\t\t\t\t\t2\u00a0minutes\n<\/p>\n<p>Les membres de l\u2019UNI Strasbourg ont un sens de l\u2019humour bien particulier. Lundi 31 mars, Josselin \u00e9tait entendu par la commission de discipline de l\u2019Universit\u00e9 de Strasbourg (Unistra). Alors pr\u00e9sident, Michel Deneken avait demand\u00e9 des poursuites disciplinaires \u00e0 l\u2019encontre de cet \u00e9tudiant en sciences de la Terre. L\u2019ancien membre du syndicat \u00e9tudiant UNI Strasbourg s\u2019\u00e9tait film\u00e9 en octobre 2023 en effectuant un salut nazi sur le campus universitaire. Un an et demi plus tard, les images fuitent sur X (ex Twitter) au milieu des <a href=\"https:\/\/www.rue89strasbourg.com\/uni-strasbourg-radicalisation-extreme-droite-333556\" rel=\"nofollow noopener\" target=\"_blank\">photomontages sexistes et antis\u00e9mites r\u00e9v\u00e9l\u00e9s par le collectif Golem<\/a>.<\/p>\n<p><a href=\"https:\/\/www.rue89strasbourg.com\/abonnement\" rel=\"nofollow noopener\" target=\"_blank\"><img loading=\"lazy\" decoding=\"async\" width=\"970\" height=\"250\" src=\"https:\/\/www.europesays.com\/fr\/wp-content\/uploads\/2025\/05\/bannie\u0300re-autopromo-2025-desktop-1.gif\" alt=\"\" class=\"wp-image-343590\" style=\"width:792px\"\/><\/a><\/p>\n<p><a href=\"https:\/\/www.rue89strasbourg.com\/abonnement\" rel=\"nofollow noopener\" target=\"_blank\"><img loading=\"lazy\" decoding=\"async\" width=\"300\" height=\"300\" src=\"https:\/\/www.europesays.com\/fr\/wp-content\/uploads\/2025\/05\/bannieres@2x.png\" alt=\"\" class=\"wp-image-341656\"  \/><\/a><\/p>\n<p>L\u2019humour comme d\u00e9fense <\/p>\n<p>Pour Josselin comme <a href=\"https:\/\/www.rue89strasbourg.com\/universite-antisemitisme-uni-strasbourg-snu-exclusion-345684\" target=\"_blank\" rel=\"noreferrer noopener nofollow\">pour Samy Amokrane, ancien pr\u00e9sident de l\u2019UNI Strasbourg<\/a>, la d\u00e9fense est la m\u00eame\u00a0:\u00a0l\u2019humour et \u00ab\u00a0l\u2019autod\u00e9rision\u00a0\u00bb. En amont de l\u2019audience du 31 mars, Josselin s\u2019est d\u00e9fendu par \u00e9crit en avan\u00e7ant que \u00ab\u00a0la vid\u00e9o (\u2026) relevait d\u2019une blague priv\u00e9e entre amis et n\u2019avait aucune vis\u00e9e publique. En effet, moqu\u00e9 par ses amis pour sa tenue vestimentaire \u00e9voquant une iconographie nazie, il s\u2019est film\u00e9 faisant un salut nazi hors de toute adh\u00e9sion id\u00e9ologique.\u00a0\u00bb De quoi rappeler les arguments mis en avant par Samy Amokrane face \u00e0 la m\u00eame section disciplinaire\u00a0:\u00a0\u00ab\u00a0Il s\u2019agissait de faire preuve d\u2019autod\u00e9rision de ce qu\u2019on reprochait \u00e0 l\u2019UNI.\u00a0\u00bb<\/p>\n<p>Face \u00e0 la section disciplinaire, Josselin a reconnu le caract\u00e8re \u00ab\u00a0inacceptable\u00a0\u00bb de son geste. L\u2019ancien \u00e9tudiant en sciences de la Terre a aussi invoqu\u00e9 l\u2019absence d\u2019intention de nuire \u00e0 la r\u00e9putation de l\u2019universit\u00e9. Il s\u2019est d\u00e9fendu de vouloir v\u00e9hiculer des id\u00e9es haineuses.<\/p>\n<p>\t\tUne sanction \u00ab\u00a0exemplaire\u00a0\u00bb<\/p>\n<p>Les membres de la commission de discipline ont estim\u00e9 que la vid\u00e9o du salut nazi d\u00e9montre \u00ab\u00a0une absence de discernement et de conscience critique\u00a0\u00bb d\u00e9montrant que \u00ab\u00a0l\u2019acte commis ne saurait \u00eatre qualifi\u00e9 de simple \u2018blague\u2019\u00a0\u00bb. Ils se sont aussi accord\u00e9s sur la gravit\u00e9 des faits ayant eu lieu dans l\u2019enceinte universitaire. La section disciplinaire a enfin affirm\u00e9 que la diffusion des images sur les r\u00e9seaux sociaux et dans les m\u00e9dias a \u00ab\u00a0conduit \u00e0 un trouble \u00e0 l\u2019ordre public au sein de l\u2019\u00e9tablissement et une atteinte manifeste \u00e0 la r\u00e9putation de l\u2019\u00e9tablissement\u00a0\u00bb.<\/p>\n<p>La section disciplinaire a tenu \u00e0 \u00ab\u00a0sanctionner de mani\u00e8re exemplaire un acte contraire aux valeurs fondamentales de l\u2019Universit\u00e9 de Strasbourg\u00a0\u00bb. Josselin a ainsi \u00e9t\u00e9 exclu d\u00e9finitivement de l\u2019Unistra.<\/p>\n<p>Contact\u00e9 par le biais de son profil X (ex Twitter), Josselin n\u2019a pas donn\u00e9 suite \u00e0 notre demande d\u2019entretien.<\/p>\n","protected":false},"excerpt":{"rendered":"Ancien membre du syndicat \u00e9tudiant UNI Strasbourg, Josselin a \u00e9t\u00e9 d\u00e9finitivement exclu de l\u2019Universit\u00e9 de Strasbourg. Il a&hellip;\n","protected":false},"author":2,"featured_media":168237,"comment_status":"","ping_status":"","sticky":false,"template":"","format":"standard","meta":{"footnotes":""},"categories":[2820],"tags":[1111,11,1777,674,1076,1011,27,775,20509,12,25,640,30161],"class_list":{"0":"post-168236","1":"post","2":"type-post","3":"status-publish","4":"format-standard","5":"has-post-thumbnail","7":"category-strasbourg","8":"tag-actu","9":"tag-actualites","10":"tag-eu","11":"tag-europe","12":"tag-extreme-droite","13":"tag-fr","14":"tag-france","15":"tag-grand-est","16":"tag-neonazis","17":"tag-news","18":"tag-republique-francaise","19":"tag-strasbourg","20":"tag-universite-de-strasbourg"},"share_on_mastodon":{"url":"https:\/\/pubeurope.com\/@fr\/114664864974731076","error":""},"_links":{"self":[{"href":"https:\/\/www.europesays.com\/fr\/wp-json\/wp\/v2\/posts\/168236","targetHints":{"allow":["GET"]}}],"collection":[{"href":"https:\/\/www.europesays.com\/fr\/wp-json\/wp\/v2\/posts"}],"about":[{"href":"https:\/\/www.europesays.com\/fr\/wp-json\/wp\/v2\/types\/post"}],"author":[{"embeddable":true,"href":"https:\/\/www.europesays.com\/fr\/wp-json\/wp\/v2\/users\/2"}],"replies":[{"embeddable":true,"href":"https:\/\/www.europesays.com\/fr\/wp-json\/wp\/v2\/comments?post=168236"}],"version-history":[{"count":0,"href":"https:\/\/www.europesays.com\/fr\/wp-json\/wp\/v2\/posts\/168236\/revisions"}],"wp:featuredmedia":[{"embeddable":true,"href":"https:\/\/www.europesays.com\/fr\/wp-json\/wp\/v2\/media\/168237"}],"wp:attachment":[{"href":"https:\/\/www.europesays.com\/fr\/wp-json\/wp\/v2\/media?parent=168236"}],"wp:term":[{"taxonomy":"category","embeddable":true,"href":"https:\/\/www.europesays.com\/fr\/wp-json\/wp\/v2\/categories?post=168236"},{"taxonomy":"post_tag","embeddable":true,"href":"https:\/\/www.europesays.com\/fr\/wp-json\/wp\/v2\/tags?post=168236"}],"curies":[{"name":"wp","href":"https:\/\/api.w.org\/{rel}","templated":true}]}}