{"id":168242,"date":"2025-06-11T13:09:11","date_gmt":"2025-06-11T13:09:11","guid":{"rendered":"https:\/\/www.europesays.com\/fr\/168242\/"},"modified":"2025-06-11T13:09:11","modified_gmt":"2025-06-11T13:09:11","slug":"haliotis-2-avec-le-soutien-de-la-bei-nice-transforme-lepuration-en-modele-ecologique-europeen","status":"publish","type":"post","link":"https:\/\/www.europesays.com\/fr\/168242\/","title":{"rendered":"Haliotis 2 : avec le soutien de la BEI, Nice transforme l\u2019\u00e9puration en mod\u00e8le \u00e9cologique europ\u00e9en"},"content":{"rendered":"<p>\tHaliotis 2 : avec le soutien de la BEI, Nice transforme l\u2019\u00e9puration en mod\u00e8le \u00e9cologique europ\u00e9en &#8211; Touteleurope.eu<\/p>\n<p>\t\t<img decoding=\"async\" alt=\"fermer\" class=\"close-info\" src=\"https:\/\/www.touteleurope.eu\/wp-content\/themes\/toute_leurope\/assets\/images\/close-picto-blue.svg\"\/><\/p>\n<p>Touteleurope.eu est le site p\u00e9dagogique de r\u00e9f\u00e9rence sur les questions europ\u00e9ennes : <a href=\"https:\/\/www.touteleurope.eu\/qui-sommes-nous\/\" target=\"_blank\" rel=\"noopener\">Qui sommes-nous ?<\/a><\/p>\n<p><img decoding=\"async\" class=\"logo-pdf\" alt=\"Toute L'Europe \u2013 Comprendre l'Europe\" src=\"https:\/\/www.touteleurope.eu\/wp-content\/themes\/toute_leurope\/assets\/images\/logo-ttl.svg\"\/><\/p>\n","protected":false},"excerpt":{"rendered":"Haliotis 2 : avec le soutien de la BEI, Nice transforme l\u2019\u00e9puration en mod\u00e8le \u00e9cologique europ\u00e9en &#8211; Touteleurope.eu&hellip;\n","protected":false},"author":2,"featured_media":168243,"comment_status":"","ping_status":"","sticky":false,"template":"","format":"standard","meta":{"footnotes":""},"categories":[2819],"tags":[1111,11,2498,4858,51,33,893,436,1777,674,1011,27,12,2401,12687,1800,882,25],"class_list":{"0":"post-168242","1":"post","2":"type-post","3":"status-publish","4":"format-standard","5":"has-post-thumbnail","7":"category-nice","8":"tag-actu","9":"tag-actualites","10":"tag-banque-europeenne-dinvestissement","11":"tag-eau","12":"tag-ecologie","13":"tag-economie","14":"tag-energie","15":"tag-environnement","16":"tag-eu","17":"tag-europe","18":"tag-fr","19":"tag-france","20":"tag-news","21":"tag-nice","22":"tag-oceans","23":"tag-pollution","24":"tag-provence-alpes-cote-dazur","25":"tag-republique-francaise"},"share_on_mastodon":{"url":"https:\/\/pubeurope.com\/@fr\/114664896417562000","error":""},"_links":{"self":[{"href":"https:\/\/www.europesays.com\/fr\/wp-json\/wp\/v2\/posts\/168242","targetHints":{"allow":["GET"]}}],"collection":[{"href":"https:\/\/www.europesays.com\/fr\/wp-json\/wp\/v2\/posts"}],"about":[{"href":"https:\/\/www.europesays.com\/fr\/wp-json\/wp\/v2\/types\/post"}],"author":[{"embeddable":true,"href":"https:\/\/www.europesays.com\/fr\/wp-json\/wp\/v2\/users\/2"}],"replies":[{"embeddable":true,"href":"https:\/\/www.europesays.com\/fr\/wp-json\/wp\/v2\/comments?post=168242"}],"version-history":[{"count":0,"href":"https:\/\/www.europesays.com\/fr\/wp-json\/wp\/v2\/posts\/168242\/revisions"}],"wp:featuredmedia":[{"embeddable":true,"href":"https:\/\/www.europesays.com\/fr\/wp-json\/wp\/v2\/media\/168243"}],"wp:attachment":[{"href":"https:\/\/www.europesays.com\/fr\/wp-json\/wp\/v2\/media?parent=168242"}],"wp:term":[{"taxonomy":"category","embeddable":true,"href":"https:\/\/www.europesays.com\/fr\/wp-json\/wp\/v2\/categories?post=168242"},{"taxonomy":"post_tag","embeddable":true,"href":"https:\/\/www.europesays.com\/fr\/wp-json\/wp\/v2\/tags?post=168242"}],"curies":[{"name":"wp","href":"https:\/\/api.w.org\/{rel}","templated":true}]}}