{"id":168246,"date":"2025-06-11T13:11:11","date_gmt":"2025-06-11T13:11:11","guid":{"rendered":"https:\/\/www.europesays.com\/fr\/168246\/"},"modified":"2025-06-11T13:11:11","modified_gmt":"2025-06-11T13:11:11","slug":"revivez-le-live-alouette-a-nantes","status":"publish","type":"post","link":"https:\/\/www.europesays.com\/fr\/168246\/","title":{"rendered":"Revivez le Live Alouette \u00e0 Nantes !"},"content":{"rendered":"<p>Nantes a vibr\u00e9 au rythme du Live Alouette !<img decoding=\"async\" class=\"\" style=\"width:100%;max-width:100%\" src=\"https:\/\/www.europesays.com\/fr\/wp-content\/uploads\/2025\/06\/live_nantes1749645943977-format16by9.png\" alt=\"Live Alouette \u00e0 Nantes\"\/><\/p>\n<p>Amel Bent sur la sc\u00e8ne du Live Alouette \u00e0 Nantes.<\/p>\n<p>Cr\u00e9dit : Alouette DR<\/p>\n<p style=\"text-align: justify;\"><strong>Ce mardi 10 juin, plus de 1 200 auditeurs ont eu la chance d\u2019assister, \u00e0 Nantes, \u00e0 une soir\u00e9e unique en compagnie de cinq artistes qui font l\u2019actualit\u00e9. Revivez cet \u00e9v\u00e9nement comme si vous y \u00e9tiez !<\/strong><\/p>\n<p style=\"text-align: justify;\">Un Live Alouette une fois de plus<strong> inoubliable <\/strong>! Les auditeurs qui avaient remport\u00e9 leurs invitations sur Alouette, alouette.fr et les r\u00e9seaux sociaux d\u2019Alouette avaient rendez-vous avec <strong>Amel Bent, Julien Lieb, Marguerite et Clara Luciani<\/strong>, et le moins que l&rsquo;on puisse dire, c&rsquo;est que la magie a op\u00e9r\u00e9 ! <strong>Un invit\u00e9 surprise <\/strong>a \u00e9galement r\u00e9pondu pr\u00e9sent \u00e0 l&rsquo;invitation d&rsquo;Alouette !<\/p>\n<p style=\"text-align: justify;\">\u00a0<\/p>\n<p>Une plong\u00e9e dans l&rsquo;univers de Julien Lieb<\/p>\n<p style=\"text-align: justify;\">Il \u00e9tait le premier artiste appel\u00e9 sur sc\u00e8ne par <strong>Niko &amp; Lola <\/strong>: Julien Lieb a ouvert ce Live Alouette \u00e0 Nantes. Le jeune artiste d\u00e9couvert \u00e0 la <strong>Star Academy<\/strong>, a pr\u00e9sent\u00e9 ses chansons, dont<strong> <a href=\"https:\/\/www.youtube.com\/watch?v=5oGxF91pH4Q\" rel=\"noopener\" target=\"_blank\">\u00ab\u00a0Le jeu\u00a0\u00bb<\/a><\/strong>, v\u00e9ritable hit que les auditeurs d&rsquo;Alouette ont reconnu d\u00e8s les premi\u00e8res notes.<\/p>\n<p style=\"text-align: justify;\">Moment doux au piano sur <a href=\"https:\/\/www.youtube.com\/watch?v=e9CXoW9MGKs\" rel=\"noopener\" target=\"_blank\"><strong>\u00ab\u00a0Encore une fois\u00a0\u00bb<\/strong><\/a>, instant festif sur <a href=\"https:\/\/www.youtube.com\/watch?v=f__JY0eWHmY\" rel=\"noopener\" target=\"_blank\"><strong>\u00ab\u00a0BPM\u00a0\u00bb<\/strong><\/a>&#8230; Julien Lieb a fait d\u00e9couvrir son univers, lui qui se produira <strong>bient\u00f4t en tourn\u00e9e <\/strong>dans toute la France. Au Live Alouette, il a aussi interpr\u00e9t\u00e9 sa derni\u00e8re chanson, <strong>\u00ab\u00a0Autrement\u00a0\u00bb<\/strong>, une invitation \u00e0 \u00ab\u00a0se dire les choses tant qu&rsquo;il est encore temps\u00a0\u00bb.<\/p>\n<p>Apr\u00e8s sa prestation sur la sc\u00e8ne du Live Alouette \u00e0 Nantes, Julien Lieb n\u2019a pas cach\u00e9 sa joie :Apr\u00e8s sa prestation sur la sc\u00e8ne du Live Alouette \u00e0 Nantes, Julien Lieb n\u2019a pas cach\u00e9 sa joie : Douce rencontre avec Marguerite<\/p>\n<p>Elle aussi r\u00e9v\u00e9l\u00e9e dans l&rsquo;\u00e9mission Star Academy, Marguerite s&rsquo;est pr\u00e9sent\u00e9e au public du Live Alouette en tout originalit\u00e9 : \u00ab\u00a0Bonjour je m&rsquo;appelle Marguerite. Je propose qu&rsquo;on fasse connaissance, \u00e0 3 vous criez tous votre pr\u00e9nom !\u00a0\u00bb<\/p>\n<p>Une belle entr\u00e9e en mati\u00e8re, avant d&rsquo;interpr\u00e9ter une reprise d&rsquo;un hit de <strong>Pierre de Maere<\/strong> : <strong>\u00ab\u00a0Un jour je marierai un ange\u00a0\u00bb<\/strong>. Puis, la jeune femme a chant\u00e9 avec douceur son propre hit <strong>\u00ab\u00a0Les filles, les meufs\u00a0\u00bb<\/strong>. Elle a d&rsquo;ailleurs constat\u00e9 avec \u00e9motion que les auditeurs d&rsquo;Alouette connaissent d\u00e9j\u00e0 <strong>par coeur<\/strong> la chanson !<\/p>\n<p> La surprise Joseph Kamel !<\/p>\n<p>Alors que Cobalt, souffrant, n&rsquo;a pas pu se produire sur la sc\u00e8ne du Live Alouette \u00e0 Nantes, l&rsquo;artiste Joseph Kamel l&rsquo;a remplac\u00e9 au pied lev\u00e9, \u00e0 la grande surprise des auditeurs d&rsquo;Alouette. <strong>Ovationn\u00e9<\/strong> d\u00e8s son arriv\u00e9e, l&rsquo;auteur-compositeur-interpr\u00e8te de 29 ans a encha\u00een\u00e9 ses plus grands hits : <a href=\"https:\/\/www.youtube.com\/watch?v=6BrvX0dIwBU\" rel=\"noopener\" target=\"_blank\"><strong>\u00ab\u00a0Ton regard\u00a0\u00bb<\/strong><\/a>, <a href=\"https:\/\/www.youtube.com\/watch?v=EGWTPrypdXQ\" rel=\"noopener\" target=\"_blank\"><strong>\u00ab\u00a0Beau\u00a0\u00bb<\/strong><\/a>, mais aussi <strong>\u00ab\u00a0Celui qui part\u00a0\u00bb<\/strong>, qui l&rsquo;a r\u00e9v\u00e9l\u00e9 au grand public.<\/p>\n<p>En sortie de sc\u00e8ne, Joseph Kamel est revenu sur ce moment partag\u00e9 avec les auditeurs d&rsquo;Alouette :En sortie de sc\u00e8ne, Joseph Kamel est revenu sur ce moment partag\u00e9 avec les auditeurs d&rsquo;Alouette : Amel Bent, en toute sinc\u00e9rit\u00e9<\/p>\n<p style=\"text-align: justify;\">Accompagn\u00e9e de deux musiciens, Amel Bent a livr\u00e9 une performance aux <strong>1 000 \u00e9motions<\/strong>. Celle qui confie qu&rsquo;elle raconte sa vie dans ses chansons ne cache rien, de ses plus grandes joies \u00e0 ses peines, en passant par ses doutes et ses envies. \u00ab\u00a0J&rsquo;ai commenc\u00e9 il y a 21 ans, <strong>je vous propose un voyage dans le temps !<\/strong>\u00ab\u00a0<\/p>\n<p style=\"text-align: justify;\">Quoi de mieux que le hit <a href=\"https:\/\/www.youtube.com\/watch?v=D38EUIll1pM\" rel=\"noopener\" target=\"_blank\"><strong>\u00ab\u00a0Ma philosophie\u00a0\u00bb<\/strong><\/a> pour commencer ce voyage ? Les r\u00e9actions ont \u00e9t\u00e9 imm\u00e9diates&#8230; et <a href=\"https:\/\/www.instagram.com\/p\/DKvH_qIqNY5\/\" rel=\"noopener\" target=\"_blank\">quelques voix se sont peut-\u00eatre cass\u00e9es pendant le refrain<\/a> !<\/p>\n<p style=\"text-align: justify;\">Ce voyage a aussi \u00e9t\u00e9 ponctu\u00e9 de <strong>moments forts en \u00e9motions<\/strong>, notamment pendant <a href=\"https:\/\/www.youtube.com\/watch?v=LkwHy-VoS7s\" rel=\"noopener\" target=\"_blank\"><strong>\u00ab\u00a0La norme\u00a0\u00bb<\/strong><\/a>, une chanson d\u00e9di\u00e9e \u00e0 ses trois enfants, ou encore <strong>\u00ab\u00a0Pourquoi tu restes\u00a0\u00bb<\/strong>, autre extrait de son nouvel album, \u00ab\u00a0Minuit une\u00a0\u00bb.<\/p>\n<p>Les confidences d&rsquo;Amel Bent sur l&rsquo;amour transmis par le public lors du Live Alouette \u00e0 Nantes :Les confidences d&rsquo;Amel Bent sur l&rsquo;amour transmis par le public lors du Live Alouette \u00e0 Nantes : En fusion avec Clara Luciani<\/p>\n<p style=\"text-align: justify;\">La soir\u00e9e s\u2019est termin\u00e9e en compagnie de Clara Luciani et deux de ses musiciens. Dans le public, \u00e7a chantait et dansait d\u00e8s les premi\u00e8res notes&#8230; et pour cause, l&rsquo;auteure-compositrice-interpr\u00e8te a interpr\u00e9t\u00e9 <strong>ses plus grands hits<\/strong>, dont les paroles n&rsquo;ont plus de secret pour les auditeurs d&rsquo;Alouette. Entre <a href=\"https:\/\/www.youtube.com\/watch?v=c0fV4w-wLOU\" rel=\"noopener\" target=\"_blank\"><strong>\u00ab\u00a0Le reste\u00a0\u00bb<\/strong><\/a>, <a href=\"https:\/\/www.youtube.com\/watch?v=85m-Qgo9_nE\" rel=\"noopener\" target=\"_blank\"><strong>\u00ab\u00a0La grenade\u00a0\u00bb<\/strong><\/a>, chanson d\u00e9di\u00e9e pour l&rsquo;occasion \u00e0 Amel Bent et Marguerite, et <a href=\"https:\/\/www.youtube.com\/watch?v=uWH00ehhLP8\" rel=\"noopener\" target=\"_blank\"><strong>\u00ab\u00a0Respire encore\u00a0\u00bb<\/strong><\/a>, Clara Luciani a fait participer le public sur sa nouvelle chanson, <a href=\"https:\/\/www.youtube.com\/watch?v=SqPuJgARUMo\" rel=\"noopener\" target=\"_blank\"><strong>\u00ab\u00a0Courage\u00a0\u00bb<\/strong><\/a> : \u00ab\u00a0je vous fais un tuto express !\u00a0\u00bb, s&rsquo;est-elle exclam\u00e9e, sourire aux l\u00e8vres, pour faire chanter correctement les simples paroles <strong>\u00ab\u00a0A\u00efe, a\u00efe, a\u00efe\u00a0\u00bb <\/strong>du refrain.<\/p>\n<p style=\"text-align: justify;\">Clara Luciani n&rsquo;a pas manqu\u00e9 d&rsquo;interpr\u00e9ter <strong>\u00ab\u00a0Tout pour moi\u00a0\u00bb<\/strong>, premier extrait de son dernier album, \u00ab\u00a0Mon sang\u00a0\u00bb, sorti fin 2024 et qui a rapidement conquis le coeur du public. Un moment de partage unique entre les plus de 1 200 auditeurs d&rsquo;Alouette et Clara Luciani, en cl\u00f4ture de ce Live Alouette \u00e0 Nantes !<\/p>\n<p><script async src=\"\/\/www.instagram.com\/embed.js\"><\/script><\/p>\n","protected":false},"excerpt":{"rendered":"Nantes a vibr\u00e9 au rythme du Live Alouette ! Amel Bent sur la sc\u00e8ne du Live Alouette \u00e0&hellip;\n","protected":false},"author":2,"featured_media":168247,"comment_status":"","ping_status":"","sticky":false,"template":"","format":"standard","meta":{"footnotes":""},"categories":[2818],"tags":[1111,11,20546,22007,1697,1777,674,2087,1011,27,30162,30163,820,2887,12184,873,766,12,30164,2636,1825,25,5095],"class_list":{"0":"post-168246","1":"post","2":"type-post","3":"status-publish","4":"format-standard","5":"has-post-thumbnail","7":"category-nantes","8":"tag-actu","9":"tag-actualites","10":"tag-amel-bent","11":"tag-clara-luciani","12":"tag-concert","13":"tag-eu","14":"tag-europe","15":"tag-evenement","16":"tag-fr","17":"tag-france","18":"tag-joseph-kamel","19":"tag-julien-liev","20":"tag-live","21":"tag-live-alouette","22":"tag-marguerite","23":"tag-musique","24":"tag-nantes","25":"tag-news","26":"tag-niko-lola","27":"tag-pays-de-la-loire","28":"tag-radio","29":"tag-republique-francaise","30":"tag-star-academy"},"share_on_mastodon":{"url":"https:\/\/pubeurope.com\/@fr\/114664904332836811","error":""},"_links":{"self":[{"href":"https:\/\/www.europesays.com\/fr\/wp-json\/wp\/v2\/posts\/168246","targetHints":{"allow":["GET"]}}],"collection":[{"href":"https:\/\/www.europesays.com\/fr\/wp-json\/wp\/v2\/posts"}],"about":[{"href":"https:\/\/www.europesays.com\/fr\/wp-json\/wp\/v2\/types\/post"}],"author":[{"embeddable":true,"href":"https:\/\/www.europesays.com\/fr\/wp-json\/wp\/v2\/users\/2"}],"replies":[{"embeddable":true,"href":"https:\/\/www.europesays.com\/fr\/wp-json\/wp\/v2\/comments?post=168246"}],"version-history":[{"count":0,"href":"https:\/\/www.europesays.com\/fr\/wp-json\/wp\/v2\/posts\/168246\/revisions"}],"wp:featuredmedia":[{"embeddable":true,"href":"https:\/\/www.europesays.com\/fr\/wp-json\/wp\/v2\/media\/168247"}],"wp:attachment":[{"href":"https:\/\/www.europesays.com\/fr\/wp-json\/wp\/v2\/media?parent=168246"}],"wp:term":[{"taxonomy":"category","embeddable":true,"href":"https:\/\/www.europesays.com\/fr\/wp-json\/wp\/v2\/categories?post=168246"},{"taxonomy":"post_tag","embeddable":true,"href":"https:\/\/www.europesays.com\/fr\/wp-json\/wp\/v2\/tags?post=168246"}],"curies":[{"name":"wp","href":"https:\/\/api.w.org\/{rel}","templated":true}]}}