{"id":168252,"date":"2025-06-11T13:14:09","date_gmt":"2025-06-11T13:14:09","guid":{"rendered":"https:\/\/www.europesays.com\/fr\/168252\/"},"modified":"2025-06-11T13:14:09","modified_gmt":"2025-06-11T13:14:09","slug":"derniere-nocturne-a-victor-hugo-avant-un-changement-de-formule","status":"publish","type":"post","link":"https:\/\/www.europesays.com\/fr\/168252\/","title":{"rendered":"derni\u00e8re nocturne \u00e0 Victor Hugo avant un changement de formule"},"content":{"rendered":"<p>            Par<br \/>\n        <strong><br \/>\n            <a href=\"https:\/\/actu.fr\/auteur\/lea-afonso\" title=\"Consulter tous les articles de L\u00e9a Afonso\" rel=\"nofollow noopener\" target=\"_blank\">L\u00e9a Afonso<\/a><br \/>\n        <\/strong><\/p>\n<p>        Publi\u00e9 le<\/p>\n<p>            11 juin 2025 \u00e0 13h15        <\/p>\n<p>R\u00e9servez votre soir\u00e9e, les <strong>nocturnes de Victor Hugo<\/strong> d\u00e9butent\u2009! Ce mercredi 11\u00a0juin 2025 ouvre la saison des soir\u00e9es dans ce haut lieu du bien manger \u00e0 <strong><a href=\"https:\/\/actu.fr\/toulouse\/\" rel=\"nofollow noopener\" target=\"_blank\">Toulouse<\/a><\/strong>. F\u00eate, nourriture et milliers de Toulousains sont attendus pour la <strong>33\u1d49 \u00e9dition.<\/strong> Mais ce pourrait bien \u00eatre la derni\u00e8re nocturne \u00e0 ressembler \u00e0 cela. Explications.<\/p>\n<p>F\u00eate et nourriture<\/p>\n<p class=\" wall-content\">Des milliers de Toulousains sont attendus ce mercredi 11\u00a0juin <strong>d\u00e8s 18\u2009h et jusqu\u2019\u00e0 22\u2009h\u200930<\/strong> au march\u00e9 couvert de Victor Hugo pour se rassembler et faire la f\u00eate en plein c\u0153ur du centre-ville.<\/p>\n<p class=\" wall-content\">Pour l\u2019occasion, des <strong>stands de boisson<\/strong> sont install\u00e9s tout autour du march\u00e9 couvert, et les commer\u00e7ants vendent leurs produits jusqu\u2019\u00e0 tard. Certains proposent des<strong> formules sp\u00e9ciales nocturnes<\/strong>, comme les planches de charcuterie venues de chez Garcia ou les planches de fromages de Chez Betty. Le tout dans une ambiance musicale\u2009!<\/p>\n<p>La derni\u00e8re avant le changement\u2026<\/p>\n<p class=\" wall-content\">Mais cette formule qui fonctionne depuis 2015 pourrait bien \u00eatre la derni\u00e8re, comme le glisse <strong>Anthony Madirac<\/strong>, pr\u00e9sident de l\u2019association des commer\u00e7ants du march\u00e9\u2009: \u00ab\u2009D\u00e8s la <strong>prochaine soir\u00e9e le 15\u00a0juillet<\/strong>, nous allons revenir \u00e0 ce que l\u2019on sait faire, ce que les nocturnes \u00e9taient auparavant, dans une <strong>ambiance guinguette gourmande.<\/strong> On est un march\u00e9 de bouche apr\u00e8s tout, pas un bar \u00e0 bi\u00e8res\u2009\u00bb.<\/p>\n<p class=\" wall-content\">Concr\u00e8tement, \u00ab\u2009on va <strong>dupliquer l\u2019ambiance des matin\u00e9es du week-end<\/strong>, en version soir\u00e9e\u2009\u00bb. Des mange-debout seront install\u00e9s tout autour de la place, des groupes musicaux d\u00e9ambuleront \u00e0 la place des DJ actuels, \u00ab\u2009on va aussi installer un photobooth, un terrain de p\u00e9tanque, et surtout, la nocturne se <strong>terminera \u00e0 21\u2009h<\/strong> et non plus \u00e0 22\u2009h\u200930\u2009\u00bb, continu le pr\u00e9sident.<\/p>\n<p>Vid\u00e9os : en ce moment sur ActuPourquoi ce changement\u2009?<\/p>\n<p class=\" wall-content\">Mais alors si depuis 2015 les nocturnes festives fonctionnent, pourquoi vouloir changer d\u2019image\u2009? Tout simplement \u00ab\u2009parce que l\u2019on veut revenir aux sources, \u00e0 l\u2019esprit originel et \u00e0 ce que l\u2019on sait faire. <strong>Il faut que les gens viennent pour nos produits<\/strong>, notre savoir-faire et pas parce que l\u2019on concurrence le temps d\u2019une soir\u00e9e un tenancier de bar place Saint-Pierre\u2009\u00bb.<\/p>\n<p class=\" wall-content\">Si cette nouvelle formule fonctionne, elle sera adopt\u00e9e\u2009: \u00ab\u2009on va prendre le <strong>meilleur des nocturnes actuelles et de la nouvelle<\/strong> pour cr\u00e9er un nouveau m\u00e9lange\u2009\u00bb, termine Anthony Madirac.<\/p>\n<p class=\" wall-content\">Suivez toute l\u2019actualit\u00e9 de vos villes et m\u00e9dias favoris en vous inscrivant \u00e0 <a href=\"https:\/\/moncompte.actu.fr\" title=\"D\u00e9couvez Mon Actu\" rel=\"nofollow noopener\" data-trk=\"{&quot;cta&quot;:{&quot;action&quot;:&quot;https:\\\/\\\/moncompte.actu.fr&quot;,&quot;category&quot;:&quot;mon compte&quot;,&quot;from&quot;:&quot;article footer&quot;,&quot;name&quot;:&quot;Mon actu&quot;,&quot;type&quot;:&quot;cta&quot;}}\" target=\"_blank\">Mon Actu<\/a>.<\/p>\n<ul class=\"ac-article-tag wall-content\">\n<li><a href=\"https:\/\/actu.fr\/tag\/marche\" data-trk=\"{&quot;cta&quot;:{&quot;action&quot;:&quot;March\\u00e9&quot;,&quot;category&quot;:&quot;tag&quot;,&quot;from&quot;:&quot;article footer&quot;,&quot;name&quot;:&quot;March\\u00e9&quot;,&quot;type&quot;:&quot;cta&quot;}}\" rel=\"nofollow noopener\" target=\"_blank\">#March\u00e9<\/a><\/li>\n<li><a href=\"https:\/\/actu.fr\/tag\/sortir-a-toulouse\" data-trk=\"{&quot;cta&quot;:{&quot;action&quot;:&quot;Sortir \\u00e0 Toulouse&quot;,&quot;category&quot;:&quot;tag&quot;,&quot;from&quot;:&quot;article footer&quot;,&quot;name&quot;:&quot;Sortir \\u00e0 Toulouse&quot;,&quot;type&quot;:&quot;cta&quot;}}\" rel=\"nofollow noopener\" target=\"_blank\">#Sortir \u00e0 Toulouse<\/a><\/li>\n<\/ul>\n","protected":false},"excerpt":{"rendered":"Par L\u00e9a Afonso Publi\u00e9 le 11 juin 2025 \u00e0 13h15 R\u00e9servez votre soir\u00e9e, les nocturnes de Victor Hugo&hellip;\n","protected":false},"author":2,"featured_media":168253,"comment_status":"","ping_status":"","sticky":false,"template":"","format":"standard","meta":{"footnotes":""},"categories":[2816],"tags":[1111,11,1777,674,1011,27,1652,2089,12,2680,25,1341,2312],"class_list":{"0":"post-168252","1":"post","2":"type-post","3":"status-publish","4":"format-standard","5":"has-post-thumbnail","7":"category-toulouse","8":"tag-actu","9":"tag-actualites","10":"tag-eu","11":"tag-europe","12":"tag-fr","13":"tag-france","14":"tag-loisirs-culture","15":"tag-marche","16":"tag-news","17":"tag-occitanie","18":"tag-republique-francaise","19":"tag-sortir-a-toulouse","20":"tag-toulouse"},"share_on_mastodon":{"url":"https:\/\/pubeurope.com\/@fr\/114664915862255477","error":""},"_links":{"self":[{"href":"https:\/\/www.europesays.com\/fr\/wp-json\/wp\/v2\/posts\/168252","targetHints":{"allow":["GET"]}}],"collection":[{"href":"https:\/\/www.europesays.com\/fr\/wp-json\/wp\/v2\/posts"}],"about":[{"href":"https:\/\/www.europesays.com\/fr\/wp-json\/wp\/v2\/types\/post"}],"author":[{"embeddable":true,"href":"https:\/\/www.europesays.com\/fr\/wp-json\/wp\/v2\/users\/2"}],"replies":[{"embeddable":true,"href":"https:\/\/www.europesays.com\/fr\/wp-json\/wp\/v2\/comments?post=168252"}],"version-history":[{"count":0,"href":"https:\/\/www.europesays.com\/fr\/wp-json\/wp\/v2\/posts\/168252\/revisions"}],"wp:featuredmedia":[{"embeddable":true,"href":"https:\/\/www.europesays.com\/fr\/wp-json\/wp\/v2\/media\/168253"}],"wp:attachment":[{"href":"https:\/\/www.europesays.com\/fr\/wp-json\/wp\/v2\/media?parent=168252"}],"wp:term":[{"taxonomy":"category","embeddable":true,"href":"https:\/\/www.europesays.com\/fr\/wp-json\/wp\/v2\/categories?post=168252"},{"taxonomy":"post_tag","embeddable":true,"href":"https:\/\/www.europesays.com\/fr\/wp-json\/wp\/v2\/tags?post=168252"}],"curies":[{"name":"wp","href":"https:\/\/api.w.org\/{rel}","templated":true}]}}