{"id":168262,"date":"2025-06-11T13:19:09","date_gmt":"2025-06-11T13:19:09","guid":{"rendered":"https:\/\/www.europesays.com\/fr\/168262\/"},"modified":"2025-06-11T13:19:09","modified_gmt":"2025-06-11T13:19:09","slug":"pollution-marseille-et-les-bouches-du-rhone-en-alerte-rouge-un-cocktail-explosif","status":"publish","type":"post","link":"https:\/\/www.europesays.com\/fr\/168262\/","title":{"rendered":"Pollution. Marseille et les Bouches-du-Rh\u00f4ne en alerte rouge : un cocktail explosif"},"content":{"rendered":"<p>            Par<br \/>\n        <strong><br \/>\n            <a href=\"https:\/\/actu.fr\/auteur\/fabien-binacchi\" title=\"Consulter tous les articles de Fabien Binacchi\" target=\"_blank\" rel=\"noopener\">Fabien Binacchi<\/a><br \/>\n        <\/strong><\/p>\n<p>        Publi\u00e9 le<\/p>\n<p>            11 juin 2025 \u00e0 15h12        <\/p>\n<p>Les cons\u00e9quences des m\u00e9ga feux de for\u00eat au Canada continuent de se faire sentir \u00e0 des milliers de kilom\u00e8tres de l\u00e0. Et les fum\u00e9es ne sont pas les seuls polluants \u00e0 rendre l\u2019air un peu moins respirable \u00e0 <a href=\"https:\/\/actu.fr\/marseille\/\" target=\"_blank\" rel=\"noopener\">Marseille<\/a> et dans les <a href=\"https:\/\/actu.fr\/provence-alpes-cote-d-azur\/bouches-du-rhone_13\" target=\"_blank\" rel=\"noopener\">Bouches-du-Rh\u00f4ne<\/a>. Le d\u00e9partement, en simple proc\u00e9dure d\u2019information-recommandation \u00e0 la pollution ce mardi 10\u00a0juin, passe en \u00ab\u2009alerte\u2009\u00bb <strong>ce mercredi, mais aussi jeudi<\/strong>, pr\u00e9vient l\u2019organisme de surveillance <a href=\"https:\/\/www.atmosud.org\/episodes-de-pollution\/vigilance-pollution-pm10-le-12062025\" target=\"_blank\" rel=\"noopener\">Atmosud<\/a>.<\/p>\n<p class=\" wall-content\">Voil\u00e0 ce qu\u2019il se passe.<\/p>\n<p>Un \u00e9pisode \u00ab\u2009multi-sources\u2009\u00bb<\/p>\n<p class=\" wall-content\">Des <strong>temp\u00e9ratures tr\u00e8s hautes<\/strong> pour la saison et <strong>une qualit\u00e9 de l\u2019air jug\u00e9e \u00ab\u2009mauvaise\u2009\u00bb.<\/strong> L\u2019ambiance de cette deuxi\u00e8me semaine de juin est d\u00e9cid\u00e9ment suffocante dans la r\u00e9gion de Marseille. La faute \u00e0 un \u00e9pisode de pollution \u00ab\u2009multi-sources\u2009\u00bb, alerte Atmosud.<\/p>\n<p class=\" wall-content\">La vigilance d\u00e9clench\u00e9e ce mardi 10\u00a0juin \u00e0 cause de la pr\u00e9sence de particules fines s\u2019est encore durcie ce mercredi\u00a011, avec <strong>des niveaux importants d\u2019ozone,<\/strong> font savoir les \u00e9quipes de cet organisme charg\u00e9 de pr\u00e9venir des s\u00e9quences de pollution atmosph\u00e9rique en r\u00e9gion Paca. Les Bouches-du-Rh\u00f4ne sont d\u00e9sormais en alerte rouge de niveau 1.<\/p>\n<p class=\" wall-content\">\n<p>Des particules et de l\u2019ozone<\/p>\n<p class=\" wall-content\">\u00ab\u2009L\u2019\u00e9pisode de particules li\u00e9 aux incendies canadiens se poursuit particuli\u00e8rement <strong>sur l\u2019ouest de la r\u00e9gion,<\/strong> d\u00e9crit l\u2019organisme. En plus des particules, la masse d\u2019air apporte des compos\u00e9s organiques volatiles et de l\u2019ozone qui viennent renforcer la photochimie locale.\u2009\u00bb<\/p>\n<p>Vid\u00e9os : en ce moment sur Actu<\/p>\n<p class=\" wall-content\">En altitude ces derniers jours, \u00ab\u2009les fum\u00e9es du Canada sont \u00e0 pr\u00e9sent plaqu\u00e9es au sol par les conditions anticycloniques qui s\u2019installent peu \u00e0 peu\u2009\u00bb, confirme <a href=\"https:\/\/www.facebook.com\/paul.marquis\" target=\"_blank\" rel=\"noopener\">le m\u00e9t\u00e9orologue Paul Marquis, fondateur de La M\u00e9t\u00e9o du 13<\/a>. Elles sont donc \u00e0 hauteur d\u2019homme.<\/p>\n<p>Les poussi\u00e8res du Sahara en plus<\/p>\n<p class=\" wall-content\">L\u2019alerte de niveau 1 en vigueur ce mercredi et \u00e9galement jeudi devrait au moins se confirmer sur le reste de la semaine. Avec <strong>un cocktail encore plus explosif\u2009:<\/strong><\/p>\n<blockquote class=\"ac-article-quote wall-content\">\n<p>L\u2019arriv\u00e9e d\u2019une masse d\u2019air charg\u00e9e de particules sahariennes d\u00e8s jeudi devrait encore compliquer la situation pour ce week-end.<\/p>\n<p>    <strong>Atmosud<\/strong>\n            <\/p><\/blockquote>\n<p class=\" wall-content\">Un certain nombre de recommandations sont \u00e0 respecter pendant ces \u00e9pisodes\u2009:<\/p>\n<ul class=\" wall-content\">\n<li>\u00c9vitez la pratique d\u2019activit\u00e9s physiques ou sportives intenses<\/li>\n<li>\u00c9vitez les zones \u00e0 fort trafic durant les heures de pointe<\/li>\n<li>Limiter les d\u00e9placements ou privil\u00e9gier les transports en commun<\/li>\n<\/ul>\n<p class=\" wall-content\">Suivez toute l\u2019actualit\u00e9 de vos villes et m\u00e9dias favoris en vous inscrivant \u00e0 <a href=\"https:\/\/moncompte.actu.fr\" title=\"D\u00e9couvez Mon Actu\" rel=\"nofollow noopener\" data-trk=\"{&quot;cta&quot;:{&quot;action&quot;:&quot;https:\\\/\\\/moncompte.actu.fr&quot;,&quot;category&quot;:&quot;mon compte&quot;,&quot;from&quot;:&quot;article footer&quot;,&quot;name&quot;:&quot;Mon actu&quot;,&quot;type&quot;:&quot;cta&quot;}}\" target=\"_blank\">Mon Actu<\/a>.<\/p>\n","protected":false},"excerpt":{"rendered":"Par Fabien Binacchi Publi\u00e9 le 11 juin 2025 \u00e0 15h12 Les cons\u00e9quences des m\u00e9ga feux de for\u00eat au&hellip;\n","protected":false},"author":2,"featured_media":168263,"comment_status":"","ping_status":"","sticky":false,"template":"","format":"standard","meta":{"footnotes":""},"categories":[2814],"tags":[1111,11,1777,674,1011,27,884,12,52,1800,882,25],"class_list":{"0":"post-168262","1":"post","2":"type-post","3":"status-publish","4":"format-standard","5":"has-post-thumbnail","7":"category-marseille","8":"tag-actu","9":"tag-actualites","10":"tag-eu","11":"tag-europe","12":"tag-fr","13":"tag-france","14":"tag-marseille","15":"tag-news","16":"tag-planete","17":"tag-pollution","18":"tag-provence-alpes-cote-dazur","19":"tag-republique-francaise"},"share_on_mastodon":{"url":"https:\/\/pubeurope.com\/@fr\/114664935504563866","error":""},"_links":{"self":[{"href":"https:\/\/www.europesays.com\/fr\/wp-json\/wp\/v2\/posts\/168262","targetHints":{"allow":["GET"]}}],"collection":[{"href":"https:\/\/www.europesays.com\/fr\/wp-json\/wp\/v2\/posts"}],"about":[{"href":"https:\/\/www.europesays.com\/fr\/wp-json\/wp\/v2\/types\/post"}],"author":[{"embeddable":true,"href":"https:\/\/www.europesays.com\/fr\/wp-json\/wp\/v2\/users\/2"}],"replies":[{"embeddable":true,"href":"https:\/\/www.europesays.com\/fr\/wp-json\/wp\/v2\/comments?post=168262"}],"version-history":[{"count":0,"href":"https:\/\/www.europesays.com\/fr\/wp-json\/wp\/v2\/posts\/168262\/revisions"}],"wp:featuredmedia":[{"embeddable":true,"href":"https:\/\/www.europesays.com\/fr\/wp-json\/wp\/v2\/media\/168263"}],"wp:attachment":[{"href":"https:\/\/www.europesays.com\/fr\/wp-json\/wp\/v2\/media?parent=168262"}],"wp:term":[{"taxonomy":"category","embeddable":true,"href":"https:\/\/www.europesays.com\/fr\/wp-json\/wp\/v2\/categories?post=168262"},{"taxonomy":"post_tag","embeddable":true,"href":"https:\/\/www.europesays.com\/fr\/wp-json\/wp\/v2\/tags?post=168262"}],"curies":[{"name":"wp","href":"https:\/\/api.w.org\/{rel}","templated":true}]}}