{"id":168264,"date":"2025-06-11T13:20:09","date_gmt":"2025-06-11T13:20:09","guid":{"rendered":"https:\/\/www.europesays.com\/fr\/168264\/"},"modified":"2025-06-11T13:20:09","modified_gmt":"2025-06-11T13:20:09","slug":"enlevee-par-sa-propre-famille-pour-une-nuit-a-lhotel-une-jeune-femme-sauvee-dans-la-nuit","status":"publish","type":"post","link":"https:\/\/www.europesays.com\/fr\/168264\/","title":{"rendered":"enlev\u00e9e par sa propre famille pour une nuit \u00e0 l&rsquo;h\u00f4tel, une jeune femme sauv\u00e9e dans la nuit"},"content":{"rendered":"<p itemprop=\"description\"><strong>Un simple s\u00e9jour \u00e0 l\u2019h\u00f4tel s\u2019est transform\u00e9 en op\u00e9ration d\u2019enl\u00e8vement.<\/strong><\/p>\n<p>Le rendez-vous devait se d\u00e9rouler discr\u00e8tement, dans une chambre d\u2019h\u00f4tel, \u00e0 Chasse-sur-Rh\u00f4ne. Il s\u2019est termin\u00e9 par une op\u00e9ration de sauvetage.\u00a0<\/p>\n<p>Lundi 9 juin dans la soir\u00e9e, une jeune femme a \u00e9t\u00e9 arrach\u00e9e \u00e0 son compagnon par trois hommes venus la chercher de force \u00e0 l\u2019h\u00f4tel Ibis, o\u00f9 elle comptait passer la nuit.<\/p>\n<p>Selon les informations du\u00a0<a href=\"https:\/\/www.ledauphine.com\/faits-divers-justice\/2025\/06\/11\/une-jeune-femme-chargee-dans-une-voiture-ses-trois-ravisseurs-interpelles\" target=\"_blank\" rel=\"noopener\">Dauphin\u00e9 Lib\u00e9r\u00e9<\/a>, les trois individus sont des fr\u00e8res et des cousins de la victime. Les faits se d\u00e9roulent peu apr\u00e8s l\u2019arriv\u00e9e du couple. Les trois hommes se pr\u00e9sentent sur place, \u00ab\u00a0arrachent\u00a0\u00bb la jeune femme, la bousculent, puis la \u00ab\u00a0chargent\u00a0\u00bb dans leur voiture avant de prendre la fuite.<\/p>\n<p>Alert\u00e9s rapidement, les gendarmes de la brigade de recherches de Vienne pensent rapidement \u00e0\u00a0un enl\u00e8vement. Ils sont \u00e9paul\u00e9s par les militaires de la Section de recherches de Grenoble. La piste d\u2019un diff\u00e9rend familial est explor\u00e9e d\u2019embl\u00e9e. Le trio est en effet issu du cercle proche de la victime.<\/p>\n<p>Tard dans la nuit, la jeune femme est localis\u00e9e sur la commune voisine de Givors, dans le Rh\u00f4ne. Elle est retrouv\u00e9e saine et sauve. Ses ravisseurs sont interpell\u00e9s dans la foul\u00e9e<\/p>\n<p>Les trois suspects ont \u00e9t\u00e9 plac\u00e9s en garde \u00e0 vue. Ces derniers\u00a0 n&rsquo;accepteraient pas pas cette relation en raison de la diff\u00e9rence d\u2019\u00e2ge entre la jeune femme et l\u2019homme qu\u2019elle fr\u00e9quentait<\/p>\n<p>Ils doivent \u00eatre d\u00e9f\u00e9r\u00e9s ce mercredi 11 juin au parquet de Vienne.<\/p>\n","protected":false},"excerpt":{"rendered":"Un simple s\u00e9jour \u00e0 l\u2019h\u00f4tel s\u2019est transform\u00e9 en op\u00e9ration d\u2019enl\u00e8vement. Le rendez-vous devait se d\u00e9rouler discr\u00e8tement, dans une&hellip;\n","protected":false},"author":2,"featured_media":168265,"comment_status":"","ping_status":"","sticky":false,"template":"","format":"standard","meta":{"footnotes":""},"categories":[1889],"tags":[1111,11,2813,2190,2430,1109,251,1112,2811,1777,674,118,1011,27,1922,1110,1114,2428,2810,12,241,316,25,2812,517,800],"class_list":{"0":"post-168264","1":"post","2":"type-post","3":"status-publish","4":"format-standard","5":"has-post-thumbnail","7":"category-lyon","8":"tag-actu","9":"tag-actualites","10":"tag-article","11":"tag-asvel","12":"tag-auvergne-rhone-alpes","13":"tag-breves","14":"tag-culture","15":"tag-depeches","16":"tag-economique","17":"tag-eu","18":"tag-europe","19":"tag-faits-divers","20":"tag-fr","21":"tag-france","22":"tag-info","23":"tag-informations","24":"tag-infos","25":"tag-lyon","26":"tag-lyonmag","27":"tag-news","28":"tag-ol","29":"tag-politique","30":"tag-republique-francaise","31":"tag-sociale","32":"tag-sport","33":"tag-transports"},"share_on_mastodon":{"url":"https:\/\/pubeurope.com\/@fr\/114664939450224903","error":""},"_links":{"self":[{"href":"https:\/\/www.europesays.com\/fr\/wp-json\/wp\/v2\/posts\/168264","targetHints":{"allow":["GET"]}}],"collection":[{"href":"https:\/\/www.europesays.com\/fr\/wp-json\/wp\/v2\/posts"}],"about":[{"href":"https:\/\/www.europesays.com\/fr\/wp-json\/wp\/v2\/types\/post"}],"author":[{"embeddable":true,"href":"https:\/\/www.europesays.com\/fr\/wp-json\/wp\/v2\/users\/2"}],"replies":[{"embeddable":true,"href":"https:\/\/www.europesays.com\/fr\/wp-json\/wp\/v2\/comments?post=168264"}],"version-history":[{"count":0,"href":"https:\/\/www.europesays.com\/fr\/wp-json\/wp\/v2\/posts\/168264\/revisions"}],"wp:featuredmedia":[{"embeddable":true,"href":"https:\/\/www.europesays.com\/fr\/wp-json\/wp\/v2\/media\/168265"}],"wp:attachment":[{"href":"https:\/\/www.europesays.com\/fr\/wp-json\/wp\/v2\/media?parent=168264"}],"wp:term":[{"taxonomy":"category","embeddable":true,"href":"https:\/\/www.europesays.com\/fr\/wp-json\/wp\/v2\/categories?post=168264"},{"taxonomy":"post_tag","embeddable":true,"href":"https:\/\/www.europesays.com\/fr\/wp-json\/wp\/v2\/tags?post=168264"}],"curies":[{"name":"wp","href":"https:\/\/api.w.org\/{rel}","templated":true}]}}