{"id":16827,"date":"2025-04-11T08:22:10","date_gmt":"2025-04-11T08:22:10","guid":{"rendered":"https:\/\/www.europesays.com\/fr\/16827\/"},"modified":"2025-04-11T08:22:10","modified_gmt":"2025-04-11T08:22:10","slug":"un-marche-global-de-plus-de-23me","status":"publish","type":"post","link":"https:\/\/www.europesays.com\/fr\/16827\/","title":{"rendered":"Un march\u00e9 global de plus de 23M\u20ac\u2026"},"content":{"rendered":"<p class=\"excerpt\">Cette semaine la r\u00e9daction Plac\u00e9co Gironde a s\u00e9lectionn\u00e9 trois op\u00e9rations. Un march\u00e9 global pour augmenter les capacit\u00e9s d\u2019un site autour de Bordeaux. Un march\u00e9 de ma\u00eetrise d\u2019\u0153uvre pour cr\u00e9er une r\u00e9sidence de 40 logements. dans l&rsquo;agglom\u00e9ration. Et un march\u00e9 de travaux pour restructurer un \u00e9quipement public dans le M\u00e9doc.<\/p>\n<p>Cet article premium vous int\u00e9resse ?<\/p>\n<p>Rejoignez nos 1000 adh\u00e9rents<\/p>\n<p>\n\t\t\t\t\t\t\t\t\t\t\t\t\t\tGagnez en visibilit\u00e9 et profitez d\u2019un r\u00e9seau de plusieurs centaines d\u2019adh\u00e9rents.\n\t\t\t\t\t\t\t\t\t\t\t\t\t<\/p>\n","protected":false},"excerpt":{"rendered":"Cette semaine la r\u00e9daction Plac\u00e9co Gironde a s\u00e9lectionn\u00e9 trois op\u00e9rations. Un march\u00e9 global pour augmenter les capacit\u00e9s d\u2019un&hellip;\n","protected":false},"author":2,"featured_media":16828,"comment_status":"","ping_status":"","sticky":false,"template":"","format":"standard","meta":{"footnotes":""},"categories":[2817],"tags":[1111,11,1997,1777,674,1011,27,12,2219,5645,25],"class_list":{"0":"post-16827","1":"post","2":"type-post","3":"status-publish","4":"format-standard","5":"has-post-thumbnail","7":"category-bordeaux","8":"tag-actu","9":"tag-actualites","10":"tag-bordeaux","11":"tag-eu","12":"tag-europe","13":"tag-fr","14":"tag-france","15":"tag-news","16":"tag-nouvelle-aquitaine","17":"tag-placco-placeco","18":"tag-republique-francaise"},"share_on_mastodon":{"url":"https:\/\/pubeurope.com\/@fr\/114318367006883150","error":""},"_links":{"self":[{"href":"https:\/\/www.europesays.com\/fr\/wp-json\/wp\/v2\/posts\/16827","targetHints":{"allow":["GET"]}}],"collection":[{"href":"https:\/\/www.europesays.com\/fr\/wp-json\/wp\/v2\/posts"}],"about":[{"href":"https:\/\/www.europesays.com\/fr\/wp-json\/wp\/v2\/types\/post"}],"author":[{"embeddable":true,"href":"https:\/\/www.europesays.com\/fr\/wp-json\/wp\/v2\/users\/2"}],"replies":[{"embeddable":true,"href":"https:\/\/www.europesays.com\/fr\/wp-json\/wp\/v2\/comments?post=16827"}],"version-history":[{"count":0,"href":"https:\/\/www.europesays.com\/fr\/wp-json\/wp\/v2\/posts\/16827\/revisions"}],"wp:featuredmedia":[{"embeddable":true,"href":"https:\/\/www.europesays.com\/fr\/wp-json\/wp\/v2\/media\/16828"}],"wp:attachment":[{"href":"https:\/\/www.europesays.com\/fr\/wp-json\/wp\/v2\/media?parent=16827"}],"wp:term":[{"taxonomy":"category","embeddable":true,"href":"https:\/\/www.europesays.com\/fr\/wp-json\/wp\/v2\/categories?post=16827"},{"taxonomy":"post_tag","embeddable":true,"href":"https:\/\/www.europesays.com\/fr\/wp-json\/wp\/v2\/tags?post=16827"}],"curies":[{"name":"wp","href":"https:\/\/api.w.org\/{rel}","templated":true}]}}