{"id":168271,"date":"2025-06-11T13:24:08","date_gmt":"2025-06-11T13:24:08","guid":{"rendered":"https:\/\/www.europesays.com\/fr\/168271\/"},"modified":"2025-06-11T13:24:08","modified_gmt":"2025-06-11T13:24:08","slug":"apres-dott-et-lime-un-troisieme-operateur-de-velos-en-libre-service-va-arriver-a-paris","status":"publish","type":"post","link":"https:\/\/www.europesays.com\/fr\/168271\/","title":{"rendered":"Apr\u00e8s Dott et Lime, un troisi\u00e8me op\u00e9rateur de v\u00e9los en libre-service va arriver \u00e0 Paris"},"content":{"rendered":"<p>            Par<br \/>\n        <strong><br \/>\n            <a href=\"https:\/\/actu.fr\/auteur\/redaction-paris\" title=\"Consulter tous les articles de R\u00e9daction Paris\" rel=\"nofollow noopener\" target=\"_blank\">R\u00e9daction Paris<\/a><br \/>\n        <\/strong><\/p>\n<p>        Publi\u00e9 le<\/p>\n<p>            11 juin 2025 \u00e0 14h29        <\/p>\n<p>Bient\u00f4t un nouveau venu sur les <a href=\"https:\/\/actu.fr\/ile-de-france\/paris_75056\/cohabitation-tendue-entre-cyclistes-et-pietons-a-paris-la-mairie-au-chevet-du-boulevard-magenta_62701317.html\" rel=\"nofollow noopener\" target=\"_blank\">pistes cyclables<\/a> de <a href=\"https:\/\/actu.fr\/paris\/\" rel=\"nofollow noopener\" target=\"_blank\">Paris<\/a>. Mercredi 11\u00a0juin 2025, la municipalit\u00e9, qui renouvelle son syst\u00e8me de <strong><a href=\"https:\/\/actu.fr\/tag\/velo\" rel=\"nofollow noopener\" target=\"_blank\">v\u00e9los<\/a> en libre-service<\/strong>, a annonc\u00e9 l\u2019arriv\u00e9e prochaine d\u2019un <strong>troisi\u00e8me op\u00e9rateur<\/strong>, en plus de deux acteurs actuellement autoris\u00e9s \u00e0 louer leurs deux-roues \u00e9lectriques. Un nouveau syst\u00e8me de stationnement est \u00e9galement pr\u00e9vu, sous r\u00e9serve de validation du <a href=\"https:\/\/actu.fr\/tag\/conseil-de-paris\" rel=\"nofollow noopener\" target=\"_blank\">Conseil de Paris<\/a> le 1er ou 2\u00a0juillet.<\/p>\n<p>Un nouvel acteur su\u00e9dois<\/p>\n<p class=\" wall-content\">\u00c0 partir du 1er\u00a0octobre, l\u2019op\u00e9rateur su\u00e9dois de v\u00e9los en libre-service <strong>Voi<\/strong> aura l\u2019autorisation de s\u2019implanter \u00e0 Paris, au m\u00eame titre que le Franco-Allemand<a href=\"https:\/\/actu.fr\/ile-de-france\/paris_75056\/fusion-entre-les-operateurs-de-velos-dott-et-tier-quels-changements-a-paris_60551881.html\" rel=\"nofollow noopener\" target=\"_blank\"> <strong>Dott<\/strong><\/a> et l\u2019Am\u00e9ricain <a href=\"https:\/\/actu.fr\/ile-de-france\/paris_75056\/lime-ajoute-5-000-velos-dans-les-rues-de-paris-et-augmente-ses-tarifs-pour-les-jo_60955049.html\" rel=\"nofollow noopener\" target=\"_blank\"><strong>Lime<\/strong><\/a>, d\u00e9j\u00e0 implant\u00e9s et \u00e0 nouveau choisis parmi une douzaine de candidats.<\/p>\n<p class=\" wall-content\">Les candidats retenus ont \u00e9t\u00e9 choisis pour leur \u00ab<strong>\u2009excellence environnementale<\/strong>, (production, dur\u00e9e de vie, maintenance des appareils), l\u2019assurance d\u2019une bonne gestion de l\u2019espace public\u2009\u00bb et le crit\u00e8re financier, a d\u00e9taill\u00e9\u00a0l\u2019adjoint aux mobilit\u00e9s \u00e0 la <a href=\"https:\/\/actu.fr\/tag\/mairie-de-paris\" rel=\"nofollow noopener\" target=\"_blank\">Ville de Paris<\/a>, <a href=\"https:\/\/actu.fr\/ile-de-france\/paris_75056\/municipales-2026-a-paris-david-belliard-une-personnalite-complexe-passee-d-outsider-a-champion-des-verts_62381904.html\" rel=\"nofollow noopener\" target=\"_blank\">David Belliard<\/a>.<\/p>\n<p>\u00ab\u2009R\u00e9guler le free floating\u2009\u00bb<\/p>\n<p class=\" wall-content\">\u00ab\u2009Depuis 2020, notre objectif est de <a href=\"https:\/\/actu.fr\/ile-de-france\/paris_75056\/trottinettes-a-paris-retour-sur-plus-de-quatre-ans-de-polemique_56620990.html\" rel=\"nofollow noopener\" target=\"_blank\">r\u00e9guler le\u2009\u00bb free floating \u00ab<\/a>\u2009[v\u00e9hicules en libre-service] [\u2026] qui vient en compl\u00e9ment des mobilit\u00e9s plus classiques type transport en commun, v\u00e9lo et marche \u00e0 pied\u2009\u00bb, a indiqu\u00e9 l\u2019\u00e9lu.<\/p>\n<p class=\" wall-content\">Apr\u00e8s avoir <a href=\"https:\/\/actu.fr\/ile-de-france\/paris_75056\/comment-paris-se-prepare-a-vivre-sans-trottinettes-en-libre-service_60026805.html\" rel=\"nofollow noopener\" target=\"_blank\">interdit les trottinettes en libre-service<\/a> en 2023, la Ville de Paris a souhait\u00e9 conserver les v\u00e9los, car \u00ab\u2009\u00e7a se g\u00e8re plus facilement, \u00e7a n\u2019occupe pas de la m\u00eame mani\u00e8re l\u2019espace public et il y a une plus faible dangerosit\u00e9\u2009\u00bb, selon l\u2019adjoint, \u00e9galement <a href=\"https:\/\/actu.fr\/ile-de-france\/paris_75056\/municipales-a-paris-vainqueur-de-la-primaire-david-belliard-conduira-la-liste-des-ecologistes-pour-2026_62410333.html\" rel=\"nofollow noopener\" target=\"_blank\">candidat des Vert \u00e0 la Mairie de Paris.<\/a><\/p>\n<p>Vid\u00e9os : en ce moment sur ActuUn changement de statut pour les op\u00e9rateurs<\/p>\n<p class=\" wall-content\">Jusqu\u2019\u00e0 pr\u00e9sent, la Ville proc\u00e9dait par <strong>appel \u00e0 manifestation d\u2019int\u00e9r\u00eat<\/strong> (AMI) pour choisir les op\u00e9rateurs, renouvel\u00e9s tous les ans. En 2024, les laur\u00e9ats de la proc\u00e9dure ont pay\u00e9 600\u2009000\u00a0euros \u00e0 la Mairie pour avoir le droit d\u2019y d\u00e9ployer leurs flottes de v\u00e9los.<\/p>\n<p class=\" wall-content\">D\u00e9sormais, Paris a fait le choix de signer une convention d\u2019occupation du domaine public (CODP), valable pour <strong>quatre ans,<\/strong> avec les trois op\u00e9rateurs choisis. La convention pourrait ramener <strong>quatre millions d\u2019euros par an<\/strong> dans les caisses de la Ville, selon les estimations de David Belliard.<\/p>\n<p>Un nombre de v\u00e9los limit\u00e9<\/p>\n<p class=\" wall-content\">Chacun des trois op\u00e9rateurs aura le droit de d\u00e9ployer <strong>entre 3\u2009000\u00a0et 6\u2009000 v\u00e9los<\/strong> en fonction des saisons. \u00ab\u2009Si on constate une grande utilisation de leurs services, c\u2019est-\u00e0-dire quatre usages par jour par v\u00e9lo, ils seront autoris\u00e9s \u00e0 en d\u00e9ployer 1\u2009500 suppl\u00e9mentaires\u2009\u00bb, a d\u00e9taill\u00e9 l\u2019\u00e9lu.<\/p>\n<p class=\" wall-content\">\u00ab\u2009Notre enjeu est qu\u2019on n\u2019ait pas 40\u2009000 v\u00e9los dans tout Paris, parce qu\u2019on n\u2019a pas la capacit\u00e9 de g\u00e9rer\u2009\u00bb, a-t-il poursuivi. Dans la configuration choisie, il y aura minimum 9\u2009000 v\u00e9los et maximum 22\u2009500 en circulation.<\/p>\n<p class=\" wall-content\">Le<strong> syst\u00e8me de stationnement<\/strong> va \u00e9galement \u00e9voluer, abandonnant le lin\u00e9aire (autorisation de garer un certain nombre de v\u00e9los tous les 100\u00a0m). Outre les stationnements d\u00e9di\u00e9s (qui sont insuffisants), les v\u00e9los en libre-service devront \u00eatre gar\u00e9s au niveau d\u2019arceaux en fonction de la place disponible.<\/p>\n<p class=\" wall-content\"><strong>Avec AFP<\/strong><\/p>\n<p class=\" wall-content\">Suivez toute l\u2019actualit\u00e9 de vos villes et m\u00e9dias favoris en vous inscrivant \u00e0 <a href=\"https:\/\/moncompte.actu.fr\" title=\"D\u00e9couvez Mon Actu\" rel=\"nofollow noopener\" data-trk=\"{&quot;cta&quot;:{&quot;action&quot;:&quot;https:\\\/\\\/moncompte.actu.fr&quot;,&quot;category&quot;:&quot;mon compte&quot;,&quot;from&quot;:&quot;article footer&quot;,&quot;name&quot;:&quot;Mon actu&quot;,&quot;type&quot;:&quot;cta&quot;}}\" target=\"_blank\">Mon Actu<\/a>.<\/p>\n","protected":false},"excerpt":{"rendered":"Par R\u00e9daction Paris Publi\u00e9 le 11 juin 2025 \u00e0 14h29 Bient\u00f4t un nouveau venu sur les pistes cyclables&hellip;\n","protected":false},"author":2,"featured_media":168272,"comment_status":"","ping_status":"","sticky":false,"template":"","format":"standard","meta":{"footnotes":""},"categories":[1888],"tags":[1111,1928,11,1927,1777,674,1011,27,2381,12,1926,626,1925,25,104,2803,208],"class_list":{"0":"post-168271","1":"post","2":"type-post","3":"status-publish","4":"format-standard","5":"has-post-thumbnail","7":"category-paris","8":"tag-actu","9":"tag-actu-paris","10":"tag-actualites","11":"tag-actualites-paris","12":"tag-eu","13":"tag-europe","14":"tag-fr","15":"tag-france","16":"tag-mairie-de-paris","17":"tag-news","18":"tag-news-paris","19":"tag-paris","20":"tag-paris-news","21":"tag-republique-francaise","22":"tag-societe","23":"tag-transport","24":"tag-velo"},"share_on_mastodon":{"url":"https:\/\/pubeurope.com\/@fr\/114664955134852759","error":""},"_links":{"self":[{"href":"https:\/\/www.europesays.com\/fr\/wp-json\/wp\/v2\/posts\/168271","targetHints":{"allow":["GET"]}}],"collection":[{"href":"https:\/\/www.europesays.com\/fr\/wp-json\/wp\/v2\/posts"}],"about":[{"href":"https:\/\/www.europesays.com\/fr\/wp-json\/wp\/v2\/types\/post"}],"author":[{"embeddable":true,"href":"https:\/\/www.europesays.com\/fr\/wp-json\/wp\/v2\/users\/2"}],"replies":[{"embeddable":true,"href":"https:\/\/www.europesays.com\/fr\/wp-json\/wp\/v2\/comments?post=168271"}],"version-history":[{"count":0,"href":"https:\/\/www.europesays.com\/fr\/wp-json\/wp\/v2\/posts\/168271\/revisions"}],"wp:featuredmedia":[{"embeddable":true,"href":"https:\/\/www.europesays.com\/fr\/wp-json\/wp\/v2\/media\/168272"}],"wp:attachment":[{"href":"https:\/\/www.europesays.com\/fr\/wp-json\/wp\/v2\/media?parent=168271"}],"wp:term":[{"taxonomy":"category","embeddable":true,"href":"https:\/\/www.europesays.com\/fr\/wp-json\/wp\/v2\/categories?post=168271"},{"taxonomy":"post_tag","embeddable":true,"href":"https:\/\/www.europesays.com\/fr\/wp-json\/wp\/v2\/tags?post=168271"}],"curies":[{"name":"wp","href":"https:\/\/api.w.org\/{rel}","templated":true}]}}