{"id":168277,"date":"2025-06-11T13:27:10","date_gmt":"2025-06-11T13:27:10","guid":{"rendered":"https:\/\/www.europesays.com\/fr\/168277\/"},"modified":"2025-06-11T13:27:10","modified_gmt":"2025-06-11T13:27:10","slug":"spectacle-de-4-heures-35-000-spectateurs-envolee-de-la-vasque-le-grand-concert-du-21-juin-a-paris-se-devoile","status":"publish","type":"post","link":"https:\/\/www.europesays.com\/fr\/168277\/","title":{"rendered":"Spectacle de 4\u00a0heures, 35\u00a0000 spectateurs, envol\u00e9e de la vasque\u2026 Le grand concert du 21\u00a0juin \u00e0 Paris se d\u00e9voile"},"content":{"rendered":"<p class=\"paragraph text_align_left\">Elle a fait son retour au c\u0153ur du jardin des Tuileries. <a href=\"https:\/\/www.leparisien.fr\/paris-75\/cest-reparti-pour-un-tour-a-paris-la-vasque-fait-son-retour-au-jardin-des-tuileries-10-06-2025-4VFXCUULV5FLJPYSX5ME7WMHK4.php\" target=\"_blank\" rel=\"noreferrer nofollow noopener\">Gonfl\u00e9e en ce d\u00e9but de semaine<\/a>, la <a href=\"https:\/\/www.leparisien.fr\/paris-75\/la-vasque-des-jeux-olympiques-de-retour-aux-tuileries-ce-quil-faut-savoir-pour-ladmirer-cet-ete-26-05-2025-YTF2MGUMDBBYVMWEWGLV72B5ZM.php\" target=\"_blank\" rel=\"noreferrer nofollow noopener\">vasque<\/a> de Paris 2024 s\u2019envolera pour la premi\u00e8re fois depuis l\u2019\u00e9t\u00e9 olympique, le samedi <a href=\"https:\/\/www.leparisien.fr\/culture-loisirs\/musique\/fete-de-la-musique-pourquoi-se-deroule-t-elle-chaque-annee-le-21-juin-21-06-2024-A65CN2N3LZCCLLPCNUCEMRDMLQ.php\" target=\"_blank\" rel=\"noreferrer nofollow noopener\">21 juin<\/a> \u00e0 la tomb\u00e9e du jour. Le d\u00e9sormais c\u00e9l\u00e8bre ballon s\u2019\u00e9l\u00e8vera dans le ciel de la Ville Lumi\u00e8re pendant le grand concert de cl\u00f4ture de la \u00ab France Music Week \u00bb &#8211; semaine internationale pour la musique organis\u00e9e \u00e0 partir du 16 juin par le minist\u00e8re de la Culture &#8211; pr\u00e9vu dans le domaine du Louvre, le soir de la F\u00eate de la <a href=\"https:\/\/www.leparisien.fr\/culture-loisirs\/musique\/\" target=\"_blank\" rel=\"noreferrer nofollow noopener\">musique<\/a>.<\/p>\n<p class=\"paragraph text_align_left\">Cet \u00e9v\u00e9nement \u00ab c\u00e9l\u00e9brera les plus grands titres de la chanson fran\u00e7aise et internationale, que reprendront des artistes de toutes esth\u00e9tiques et g\u00e9n\u00e9rations \u00bb, annonce <a href=\"https:\/\/www.leparisien.fr\/paris-75\/municipales-a-paris-y-a-t-il-eu-deal-entre-dati-et-macron-06-06-2025-O5ORAK6DSJAUXHWJAOXBHVM3VQ.php\" target=\"_blank\" rel=\"noreferrer nofollow noopener\">Rachida Dati<\/a>, ministre de la Culture, dans un communiqu\u00e9 de presse ce mercredi. Toute la soir\u00e9e, des artistes fran\u00e7ais et internationaux se succ\u00e9deront sur la sc\u00e8ne install\u00e9e face \u00e0 la Pyramide du Louvre et dos aux Tuileries, pour \u00ab offrir un spectacle exceptionnel de pr\u00e8s de 4 heures \u00bb.<\/p>\n<p>40 ans de tubes<\/p>\n<p class=\"paragraph text_align_left\">Tout un dispositif sc\u00e9nique a \u00e9t\u00e9 r\u00e9fl\u00e9chi pour ce grand concert qui se veut \u00eatre \u00ab populaire et spectaculaire \u00bb, lit-on dans le communiqu\u00e9. Aux manettes, des acteurs bien connus des grandes festivit\u00e9s des diff\u00e9rentes c\u00e9r\u00e9monies des Jeux de Paris 2024 : <a href=\"https:\/\/www.leparisien.fr\/jo-paris-2024\/jo-paris-2024-thomas-jolly-et-thierry-reboul-un-duo-magique-a-lorigine-dune-ceremonie-de-reve-26-07-2024-ONULLKHIZBH2JA4WFSQB74A5WQ.php\" target=\"_blank\" rel=\"noreferrer nofollow noopener\">Thierry Reboul<\/a> (direction de la cr\u00e9ation), Victor Le Masne (direction musicale) et <a href=\"https:\/\/www.leparisien.fr\/culture-loisirs\/ibiza-le-royaume-des-freres-pissenem-les-francais-rois-de-la-nuit-30-05-2017-6996747.php\" target=\"_blank\" rel=\"noreferrer nofollow noopener\">Romain Pissenem<\/a> (direction sc\u00e9nographique).<\/p>\n<p class=\"paragraph text_align_left\">Ce trio a imagin\u00e9 tout un dispositif sc\u00e9nique dans l\u2019historique alignement allant de la pyramide du Louvre \u00e0 l\u2019Arc de Triomphe en passant par l\u2019Ob\u00e9lisque de la Concorde. La soir\u00e9e sera rythm\u00e9e par \u00ab les plus beaux morceaux du r\u00e9pertoire de ces 40 derni\u00e8res ann\u00e9es \u00bb interpr\u00e9t\u00e9s par des artistes connus, \u00e9mergents, de styles et genres diff\u00e9rents.<\/p>\n<p>La Femme, Major Lazer\u2026<\/p>\n<p class=\"paragraph text_align_left\">Parmi les plus grands classiques qui r\u00e9sonneront dans la capitale, les 35 000 spectateurs qui assisteront au concert pourront entonner les paroles de \u00ab R\u00e9siste \u00bb (France Gall), \u00ab Redemption Song \u00bb (Bob Marley), \u00ab La Grenade \u00bb (<a href=\"https:\/\/www.leparisien.fr\/culture-loisirs\/musique\/we-love-green\/elle-est-belle-comme-une-princesse-clara-luciani-a-emerveille-le-festival-we-love-green-09-06-2025-XKIG7YT4I5DPPGXVXGWMA4XDTE.php\" target=\"_blank\" rel=\"noreferrer nofollow noopener\">Clara Luciani<\/a>), \u00ab What\u2019s Going On \u00bb (Marvin Gaye) ou encore \u00ab Un gar\u00e7on pas comme les autres \u00bb (Starmania).<\/p>\n<p class=\"paragraph text_align_left\">Et parmi les artistes d\u00e9j\u00e0 annonc\u00e9s, figurent Camille, La Femme, Christine and the Queens, Malik Djoudi, Jeanne Added, Major Lazer Soundsystem, Miss Monique, Solann, la violoncelliste Sol Gabetta ou encore Youssef Swatt\u2019s. Le programme complet sera r\u00e9v\u00e9l\u00e9 quelques jours avant le concert.<\/p>\n<p class=\"paragraph text_align_left\">Autant d\u2019artistes qui \u00ab viendront interpr\u00e9ter leurs propres titres ou proposeront une r\u00e9interpr\u00e9tation des plus grands classiques \u00bb. Sans oublier la star de la soir\u00e9e, la vasque, qui prendra son envol pendant le concert, derri\u00e8re la sc\u00e8ne et face au public.<\/p>\n<p class=\"paragraph text_align_left\">Organis\u00e9 en partenariat avec nos confr\u00e8res de France T\u00e9l\u00e9visions et diffus\u00e9 en prime time sur France 2, le spectacle sera donc divis\u00e9 en deux parties : un concert live de 21 \u00e0 23 heures suivi d\u2019un \u00ab after show <a href=\"https:\/\/www.leparisien.fr\/seine-saint-denis-93\/pantin-93500\/paris-na-plus-rien-a-envier-a-berlin-a-la-villette-la-musique-electro-se-vit-sept-jours-sur-sept-11-06-2024-ORD5UH2JPJCXDNWDIALS6PHXQA.php\" target=\"_blank\" rel=\"noreferrer nofollow noopener\">\u00e9lectro<\/a> \u00bb de 23 heures \u00e0 00h30. Ces deux temps forts seront aussi diffus\u00e9s sur les 44 antennes radio du r\u00e9seau Ici (Radio France).<\/p>\n<p>Comment y assister ?<\/p>\n<p class=\"paragraph text_align_left\">Plus de 35 000 personnes pourront venir chanter et danser aux jardins du Louvre, \u00e0 condition d\u2019\u00eatre munies d\u2019un billet gratuit. En effet, \u00ab le concert est ouvert \u00e0 tout le monde et gratuit sur inscription au pr\u00e9alable sur la plate-forme <a href=\"https:\/\/my.weezevent.com\/concert-du-21-juin\" target=\"_blank\" rel=\"noreferrer nofollow noopener\">france-music-week.com<\/a> \u00bb.<\/p>\n<p class=\"paragraph text_align_left\">L\u2019accueil du public se fera d\u00e8s 18 heures, via deux entr\u00e9es : au 95-97 rue de Rivoli (Ier), et au 8, quai Fran\u00e7ois-Mitterrand, les deux \u00e0 hauteur de la place du Carrousel. L\u2019acc\u00e8s au site pour tous ceux munis d\u2019un billet sera possible jusqu\u2019\u00e0 22 heures.<\/p>\n<p class=\"paragraph text_align_left\">Sur place, une offre de restauration et de boissons sera propos\u00e9e aux spectateurs, autour de la place du Carrousel. Par ailleurs, \u00ab nourriture et boissons non alcoolis\u00e9es sont autoris\u00e9es \u00bb, peut-on d\u00e9j\u00e0 lire sur les billets \u00e9lectroniques r\u00e9servables sur le site de la France Music Week. Des tickets qui devraient tr\u00e8s rapidement s\u2019\u00e9couler\u2026<\/p>\n<p class=\"paragraph text_align_left\">Concert du 21 juin, r\u00e9servation gratuite : https:\/\/my.weezevent.com\/concert-du-21-juin<\/p>\n","protected":false},"excerpt":{"rendered":"Elle a fait son retour au c\u0153ur du jardin des Tuileries. Gonfl\u00e9e en ce d\u00e9but de semaine, la&hellip;\n","protected":false},"author":2,"featured_media":168278,"comment_status":"","ping_status":"","sticky":false,"template":"","format":"standard","meta":{"footnotes":""},"categories":[1888],"tags":[11,1777,674,1011,27,1944,12,626,25],"class_list":{"0":"post-168277","1":"post","2":"type-post","3":"status-publish","4":"format-standard","5":"has-post-thumbnail","7":"category-paris","8":"tag-actualites","9":"tag-eu","10":"tag-europe","11":"tag-fr","12":"tag-france","13":"tag-ma-ville","14":"tag-news","15":"tag-paris","16":"tag-republique-francaise"},"share_on_mastodon":{"url":"https:\/\/pubeurope.com\/@fr\/114664966957453598","error":""},"_links":{"self":[{"href":"https:\/\/www.europesays.com\/fr\/wp-json\/wp\/v2\/posts\/168277","targetHints":{"allow":["GET"]}}],"collection":[{"href":"https:\/\/www.europesays.com\/fr\/wp-json\/wp\/v2\/posts"}],"about":[{"href":"https:\/\/www.europesays.com\/fr\/wp-json\/wp\/v2\/types\/post"}],"author":[{"embeddable":true,"href":"https:\/\/www.europesays.com\/fr\/wp-json\/wp\/v2\/users\/2"}],"replies":[{"embeddable":true,"href":"https:\/\/www.europesays.com\/fr\/wp-json\/wp\/v2\/comments?post=168277"}],"version-history":[{"count":0,"href":"https:\/\/www.europesays.com\/fr\/wp-json\/wp\/v2\/posts\/168277\/revisions"}],"wp:featuredmedia":[{"embeddable":true,"href":"https:\/\/www.europesays.com\/fr\/wp-json\/wp\/v2\/media\/168278"}],"wp:attachment":[{"href":"https:\/\/www.europesays.com\/fr\/wp-json\/wp\/v2\/media?parent=168277"}],"wp:term":[{"taxonomy":"category","embeddable":true,"href":"https:\/\/www.europesays.com\/fr\/wp-json\/wp\/v2\/categories?post=168277"},{"taxonomy":"post_tag","embeddable":true,"href":"https:\/\/www.europesays.com\/fr\/wp-json\/wp\/v2\/tags?post=168277"}],"curies":[{"name":"wp","href":"https:\/\/api.w.org\/{rel}","templated":true}]}}