{"id":168285,"date":"2025-06-11T13:31:12","date_gmt":"2025-06-11T13:31:12","guid":{"rendered":"https:\/\/www.europesays.com\/fr\/168285\/"},"modified":"2025-06-11T13:31:12","modified_gmt":"2025-06-11T13:31:12","slug":"whatsapp-soutient-apple-pour-le-chiffrement-de-donnees-au-royaume-uni","status":"publish","type":"post","link":"https:\/\/www.europesays.com\/fr\/168285\/","title":{"rendered":"WhatsApp soutient Apple pour le chiffrement de donn\u00e9es au Royaume-Uni"},"content":{"rendered":"<p><strong>WhatsApp se range aux c\u00f4t\u00e9s d\u2019Apple dans sa bataille juridique contre le Royaume-Uni, qui exige un acc\u00e8s aux donn\u00e9es chiffr\u00e9es des utilisateurs en cr\u00e9ant une porte d\u00e9rob\u00e9e (backdoor) pour iCloud. Will Cathcart, patron de la messagerie appartenant \u00e0 Meta, a averti <a href=\"https:\/\/www.bbc.co.uk\/news\/articles\/cgmjrn42wdwo\" rel=\"external nofollow noopener\" target=\"_blank\">la BBC<\/a> que cette affaire \u00ab\u00a0pourrait cr\u00e9er un pr\u00e9c\u00e9dent dangereux\u00a0\u00bb en incitant d\u2019autres gouvernements \u00e0 demander des portes d\u00e9rob\u00e9es dans les communications chiffr\u00e9es.<\/strong><\/p>\n<p><img loading=\"lazy\" decoding=\"async\" class=\"aligncenter size-large wp-image-405976\" src=\"https:\/\/www.europesays.com\/fr\/wp-content\/uploads\/2025\/06\/WhatsApp-Icone-Logo-1078x720.jpg\" alt=\"WhatsApp Icone Logo\" width=\"739\" height=\"494\"  \/><\/p>\n<p>Une lutte contre les demandes d\u2019acc\u00e8s aux donn\u00e9es chiffr\u00e9es<\/p>\n<p>Apple a engag\u00e9 une action en justice apr\u00e8s <a href=\"https:\/\/iphoneaddict.fr\/post\/news-401072-royaume-uni-ordonne-apple-lui-donner-acces-donnees-chiffrees-mondiales-utilisateurs-icloud\" target=\"_blank\" rel=\"noopener\">avoir re\u00e7u au d\u00e9but 2025 une demande secr\u00e8te du gouvernement britannique<\/a>. Cette derni\u00e8re, appuy\u00e9e par la loi Investigatory Powers Act, ordonnait \u00e0 Apple de compromettre sa fonction de protection avanc\u00e9e des donn\u00e9es, qui chiffre les photos, notes, messages et sauvegardes iCloud des utilisateurs. Refusant de se plier \u00e0 cette exigence, <a href=\"https:\/\/iphoneaddict.fr\/post\/news-401885-apple-retire-chiffrement-icloud-royaume-uni-refusant-creer-backdoor\" target=\"_blank\" rel=\"noopener\">Apple a retir\u00e9 cette fonctionnalit\u00e9<\/a> pour les utilisateurs britanniques en f\u00e9vrier.<\/p>\n<p>WhatsApp, qui propose un chiffrement de bout en bout pour les conversations, partage la position d\u2019Apple. \u00ab\u00a0WhatsApp contestera toute loi ou demande gouvernementale visant \u00e0 affaiblir le chiffrement de nos services\u00a0\u00bb, a d\u00e9clar\u00e9 Will Cathcart. La plateforme s\u2019engage \u00e0 d\u00e9fendre le \u00ab\u00a0droit \u00e0 une conversation priv\u00e9e en ligne\u00a0\u00bb pour ses utilisateurs.<\/p>\n<p>Une controverse internationale<\/p>\n<p>Ce diff\u00e9rend a suscit\u00e9 des critiques outre-Atlantique. Aux \u00c9tats-Unis, des \u00e9lus <a href=\"https:\/\/iphoneaddict.fr\/post\/news-401387-backdoor-icloud-legislateurs-us-sopposent-demande-royaume-uni\" target=\"_blank\" rel=\"noopener\">ont d\u00e9nonc\u00e9<\/a> une \u00ab\u00a0attaque dangereuse contre la cybers\u00e9curit\u00e9\u00a0\u00bb. Tulsi Gabbard, directrice du renseignement national am\u00e9ricain, a qualifi\u00e9 les exigences britanniques de \u00ab\u00a0violation flagrante\u00a0\u00bb de la vie priv\u00e9e des citoyens am\u00e9ricains. M\u00eame Donald Trump <a href=\"https:\/\/iphoneaddict.fr\/post\/news-402308-backdoor-icloud-donald-trump-critique-demande-royaume-uni-apple-comparant-chine\" target=\"_blank\" rel=\"noopener\">a critiqu\u00e9 la demande du Royaume-Uni<\/a>.<\/p>\n<p>Au Royaume-Uni, un tribunal <a href=\"https:\/\/iphoneaddict.fr\/post\/news-404223-porte-derobee-royaume-uni-justice-refuse-laffaire-reste-secrete\" target=\"_blank\" rel=\"noopener\">a rejet\u00e9 la demande du gouvernement<\/a> de tenir les audiences en secret, jugeant qu\u2019un proc\u00e8s enti\u00e8rement priv\u00e9 serait \u00ab\u00a0v\u00e9ritablement extraordinaire\u00a0\u00bb. De son c\u00f4t\u00e9, le Bureau de l\u2019Int\u00e9rieur britannique (Home Office) d\u00e9fend sa position, affirmant que sa priorit\u00e9 est la s\u00e9curit\u00e9 publique tout en prot\u00e9geant la vie priv\u00e9e. Les autorit\u00e9s soulignent que ces pouvoirs permettent d\u2019enqu\u00eater sur des crimes graves, comme le terrorisme ou les abus sur mineurs.<\/p>\n<p>En dernier lieu, Apple et WhatsApp alertent sur les cons\u00e9quences d\u2019un acc\u00e8s aux donn\u00e9es chiffr\u00e9es. Selon Apple, cr\u00e9er des portes d\u00e9rob\u00e9es compromettrait la s\u00e9curit\u00e9 de tous les utilisateurs, les exposant \u00e0 des acteurs malveillants, comme des hackers ou des gouvernements autoritaires. WhatsApp craint que cette affaire n\u2019encourage d\u2019autres pays \u00e0 formuler des demandes similaires, mena\u00e7ant le chiffrement global des communications.<\/p>\n","protected":false},"excerpt":{"rendered":"WhatsApp se range aux c\u00f4t\u00e9s d\u2019Apple dans sa bataille juridique contre le Royaume-Uni, qui exige un acc\u00e8s aux&hellip;\n","protected":false},"author":2,"featured_media":168286,"comment_status":"","ping_status":"","sticky":false,"template":"","format":"standard","meta":{"footnotes":""},"categories":[1588],"tags":[11,1777,674,4265,12,473,1853,656,1851,1850,1852,250],"class_list":{"0":"post-168285","1":"post","2":"type-post","3":"status-publish","4":"format-standard","5":"has-post-thumbnail","7":"category-royaume-uni","8":"tag-actualites","9":"tag-eu","10":"tag-europe","11":"tag-icloud","12":"tag-news","13":"tag-royaume-uni","14":"tag-royaume-uni-de-grande-bretagne-et-dirlande-du-nord","15":"tag-securite","16":"tag-uk","17":"tag-united-kingdom","18":"tag-united-kingdom-of-great-britain-and-northern-ireland","19":"tag-whatsapp"},"share_on_mastodon":{"url":"https:\/\/pubeurope.com\/@fr\/114664982671983859","error":""},"_links":{"self":[{"href":"https:\/\/www.europesays.com\/fr\/wp-json\/wp\/v2\/posts\/168285","targetHints":{"allow":["GET"]}}],"collection":[{"href":"https:\/\/www.europesays.com\/fr\/wp-json\/wp\/v2\/posts"}],"about":[{"href":"https:\/\/www.europesays.com\/fr\/wp-json\/wp\/v2\/types\/post"}],"author":[{"embeddable":true,"href":"https:\/\/www.europesays.com\/fr\/wp-json\/wp\/v2\/users\/2"}],"replies":[{"embeddable":true,"href":"https:\/\/www.europesays.com\/fr\/wp-json\/wp\/v2\/comments?post=168285"}],"version-history":[{"count":0,"href":"https:\/\/www.europesays.com\/fr\/wp-json\/wp\/v2\/posts\/168285\/revisions"}],"wp:featuredmedia":[{"embeddable":true,"href":"https:\/\/www.europesays.com\/fr\/wp-json\/wp\/v2\/media\/168286"}],"wp:attachment":[{"href":"https:\/\/www.europesays.com\/fr\/wp-json\/wp\/v2\/media?parent=168285"}],"wp:term":[{"taxonomy":"category","embeddable":true,"href":"https:\/\/www.europesays.com\/fr\/wp-json\/wp\/v2\/categories?post=168285"},{"taxonomy":"post_tag","embeddable":true,"href":"https:\/\/www.europesays.com\/fr\/wp-json\/wp\/v2\/tags?post=168285"}],"curies":[{"name":"wp","href":"https:\/\/api.w.org\/{rel}","templated":true}]}}