{"id":168298,"date":"2025-06-11T13:37:08","date_gmt":"2025-06-11T13:37:08","guid":{"rendered":"https:\/\/www.europesays.com\/fr\/168298\/"},"modified":"2025-06-11T13:37:08","modified_gmt":"2025-06-11T13:37:08","slug":"apres-les-fumees-un-nuage-de-sable-arrive-en-france-et-en-occitanie","status":"publish","type":"post","link":"https:\/\/www.europesays.com\/fr\/168298\/","title":{"rendered":"apr\u00e8s les fum\u00e9es, un nuage de sable arrive en France et en Occitanie"},"content":{"rendered":"<p>\n\t\t\t\t\tLe ciel ne sera toujours pas bleu azur ces prochains jours en Occitanie et en France. Les explications m\u00e9t\u00e9o.  \t\t\t\t<\/p>\n<p>\n\t\t\t\t\t\t\t\t\t\u00a9 Photo d\u2019illustration \u2013 Ciel orang\u00e9 en raison du sable .\t\t\t\t\t\t\t\t<\/p>\n<p>Ces derniers jours, le ciel \u00e9tait souvent opaque de partout en <strong>France<\/strong> et en <strong><a href=\"http:\/\/www.laregion.fr\" target=\"_blank\" rel=\"nofollow noopener\">Occitanie<\/a><\/strong>. Comme expliqu\u00e9 pr\u00e9c\u00e9demment dans un bulletin m\u00e9t\u00e9o, cela est d\u00fb \u00e0 la pr\u00e9sence des <strong>fum\u00e9es<\/strong> des incendies du Canada. Les puissants vents d\u2019altitude ont transport\u00e9 ces fum\u00e9es jusqu\u2019en Europe. Pour ces prochains jours, c\u2019est le <strong>sable<\/strong> du <strong>Sahara<\/strong> qui d\u00e9barque en France !<\/p>\n<p>Poussi\u00e8res d\u00e9sertiques  <\/p>\n<p>Une goutte froide situ\u00e9 au large du Portugal est \u00e0 l\u2019origine de ce nouveau <strong>ph\u00e9nom\u00e8ne<\/strong>. Le flux de Sud en place apporte avec lui ces poussi\u00e8res d\u00e9sertiques. Ainsi, le <strong>ciel<\/strong> ne sera toujours pas bleu azur ce mercredi soir, ce jeudi 12 et vendredi 13 juin. Il y aura encore un aspect <strong>laiteux<\/strong>, cette fois pouvant \u00eatre <strong>jaun\u00e2tre<\/strong> ou <strong>orang\u00e9<\/strong> !<\/p>\n<p>Ce ph\u00e9nom\u00e8ne de teinte dans le ciel se produira surtout au lever du jour et au coucher du soleil. Visibles partout en France, les <strong>poussi\u00e8res<\/strong> de <strong>sable<\/strong> seront particuli\u00e8rement \u00e9paisses en <strong>Occitanie<\/strong> et dans les <strong>Pyr\u00e9n\u00e9es<\/strong>. D\u2019ailleurs, des pr\u00e9cipitations charg\u00e9es de sable sont possibles pr\u00e8s des Pyr\u00e9n\u00e9es.<\/p>\n<p>Vos pr\u00e9visions m\u00e9t\u00e9o<\/p>\n<p>Ce mercredi en deuxi\u00e8me partie d\u2019apr\u00e8s-midi et soir\u00e9e, des <strong>orages<\/strong> localement <strong>violents<\/strong> sont possibles en <strong>Occitanie<\/strong>, notamment entre les <strong>Hautes-Pyr\u00e9n\u00e9es <\/strong>et le <strong>Gers<\/strong>. Ils peuvent d\u00e9border vers la <strong>Haute-Garonne<\/strong>, l\u2019Ari\u00e8ge, l\u2019Aude et les <a class=\"wpil_keyword_link\" href=\"https:\/\/infoccitanie.fr\/occitanie\/pyrenees-orientales\/\" title=\"Pyr\u00e9n\u00e9es-Orientales\" data-wpil-keyword-link=\"linked\" data-wpil-monitor-id=\"730\" target=\"_blank\" rel=\"noopener\">Pyr\u00e9n\u00e9es-Orientales<\/a>, ainsi que dans le <strong>Lot<\/strong>. En plus du risque de <strong>gr\u00eale<\/strong> et de fortes <strong>rafales<\/strong>, il y aura donc probablement du <strong>sable<\/strong> avec les <strong>pr\u00e9cipitations<\/strong> ! <\/p>\n<p>On surveille toujours une nouvelle d\u00e9gradation orageuse probable ce week-end, notamment dimanche 15 juin. Vos <strong>pr\u00e9visions m\u00e9t\u00e9o <\/strong>par d\u00e9partement ou pour toutes les communes d\u2019Occitanie <strong><a href=\"https:\/\/infoccitanie.fr\/meteo-direct\/\" target=\"_blank\" rel=\"noopener\">sont disponibles ICI.<\/a><\/strong><\/p>\n","protected":false},"excerpt":{"rendered":"Le ciel ne sera toujours pas bleu azur ces prochains jours en Occitanie et en France. Les explications&hellip;\n","protected":false},"author":2,"featured_media":168299,"comment_status":"","ping_status":"","sticky":false,"template":"","format":"standard","meta":{"footnotes":""},"categories":[4],"tags":[11,1011,27,12,7917,25],"class_list":{"0":"post-168298","1":"post","2":"type-post","3":"status-publish","4":"format-standard","5":"has-post-thumbnail","7":"category-france","8":"tag-actualites","9":"tag-fr","10":"tag-france","11":"tag-news","12":"tag-previsions","13":"tag-republique-francaise"},"share_on_mastodon":{"url":"https:\/\/pubeurope.com\/@fr\/114665006346104897","error":""},"_links":{"self":[{"href":"https:\/\/www.europesays.com\/fr\/wp-json\/wp\/v2\/posts\/168298","targetHints":{"allow":["GET"]}}],"collection":[{"href":"https:\/\/www.europesays.com\/fr\/wp-json\/wp\/v2\/posts"}],"about":[{"href":"https:\/\/www.europesays.com\/fr\/wp-json\/wp\/v2\/types\/post"}],"author":[{"embeddable":true,"href":"https:\/\/www.europesays.com\/fr\/wp-json\/wp\/v2\/users\/2"}],"replies":[{"embeddable":true,"href":"https:\/\/www.europesays.com\/fr\/wp-json\/wp\/v2\/comments?post=168298"}],"version-history":[{"count":0,"href":"https:\/\/www.europesays.com\/fr\/wp-json\/wp\/v2\/posts\/168298\/revisions"}],"wp:featuredmedia":[{"embeddable":true,"href":"https:\/\/www.europesays.com\/fr\/wp-json\/wp\/v2\/media\/168299"}],"wp:attachment":[{"href":"https:\/\/www.europesays.com\/fr\/wp-json\/wp\/v2\/media?parent=168298"}],"wp:term":[{"taxonomy":"category","embeddable":true,"href":"https:\/\/www.europesays.com\/fr\/wp-json\/wp\/v2\/categories?post=168298"},{"taxonomy":"post_tag","embeddable":true,"href":"https:\/\/www.europesays.com\/fr\/wp-json\/wp\/v2\/tags?post=168298"}],"curies":[{"name":"wp","href":"https:\/\/api.w.org\/{rel}","templated":true}]}}