{"id":168308,"date":"2025-06-11T13:41:09","date_gmt":"2025-06-11T13:41:09","guid":{"rendered":"https:\/\/www.europesays.com\/fr\/168308\/"},"modified":"2025-06-11T13:41:09","modified_gmt":"2025-06-11T13:41:09","slug":"roland-garros-jimmy-connors-sur-aryna-sabalenka-quand-je-vois-les-reactions-a-ses-propos-apres-sa-defaite-en-finale-contre-coco-gauff-je-me-dis-quil-faut-laisser-les-joueuses-et-les-joueurs-res","status":"publish","type":"post","link":"https:\/\/www.europesays.com\/fr\/168308\/","title":{"rendered":"Roland Garros > Jimmy Connors sur Aryna Sabalenka : \u00ab\u00a0Quand je vois les r\u00e9actions \u00e0 ses propos apr\u00e8s sa d\u00e9faite en finale contre Coco Gauff, je me dis qu&rsquo;il faut laisser les joueuses et les joueurs respirer un peu apr\u00e8s un match\u00a0\u00bb"},"content":{"rendered":"<p><a href=\"https:\/\/www.welovetennis.fr\/roland-garros\/sabalenka-en-remet-une-couche-apres-sa-defaite-en-finale-contre-gauff-elle-na-pas-gagne-parce-quelle-a-joue-incroyablement-bien-mais-parce-que-jai-commis-beaucoup-trop-derreurs\" data-wpel-link=\"internal\" target=\"_blank\" rel=\"noopener\">Les d\u00e9cla\u00adra\u00adtions d\u2019Aryna Sabalenka apr\u00e8s sa d\u00e9faite en finale de Roland\u2010Garros contre Cori Gauff<\/a> samedi dernier ont fait \u00e9nor\u00adm\u00e9\u00adment parler. <a href=\"https:\/\/www.welovetennis.fr\/roland-garros\/chris-evert-sur-aryna-sabalenka-quand-jai-entendu-ce-quelle-a-dit-apres-sa-defaite-en-finale-contre-coco-gauff-je-me-suis-dit-wow-si-vous-etes-num\" data-wpel-link=\"internal\" target=\"_blank\" rel=\"noopener\">Notamment criti\u00adqu\u00e9e par Chris Evert<\/a>, la num\u00e9ro 1 mondiale a \u00e9t\u00e9 d\u00e9fendu par Jimmy Connors, dont les propos tenus dans son podcast sont relay\u00e9s par <a href=\"https:\/\/www.thetennisgazette.com\/news\/jimmy-connors-suggests-what-grand-slams-need-to-change-after-aryna-sabalenkas-comments-towards-coco-gauff\/?callback=in&amp;code=MGQYMDIXYZQTM2EZZI0ZYTI0LTG1NTQTYZE2ZDCYZMU3MDLI&amp;state=72e7362b3eaa4c0db24880876d6ba30c\" data-wpel-link=\"external\" target=\"_blank\" rel=\"nofollow external noopener\">The Tennis Gazette<\/a>. <\/p>\n<p><strong>\u00ab\u202fApr\u00e8s un match diffi\u00adcile, que ce soit en finale, \u00e0 Roland\u2010Garros, \u00e0 Wimbledon ou ailleurs, tout le monde veut conna\u00eetre vos impres\u00adsions imm\u00e9\u00addia\u00adte\u00adment. Il serait peut\u2010\u00eatre pr\u00e9f\u00e9\u00adrable de laisser cinq minutes aux joueurs pour reprendre leur souffle. Mais ils veulent l\u2019en\u00adtendre tout de suite, ils veulent le scoop. Et ensuite, ils critiquent. C\u2019est pour\u00adquoi \u00e7a a toujours \u00e9t\u00e9 diffi\u00adcile pour moi. Ces types pensent savoir de quoi ils parlent alors qu\u2019ils n\u2019ont jamais rien fait. Vous pouvez rester assis l\u00e0 et dire que vous avez regard\u00e9 telle\u00adment de tennis que vous savez ce que le joueur a en t\u00eate. Vous ne savez pas ce qu\u2019il a t\u00eate\u202f! Vous n\u2019en avez aucune id\u00e9e. Et d\u2019ailleurs, tous les joueurs ne pensent pas la m\u00eame chose, chacun est unique. Alors laissez les joueurs respirer un peu parfois.\u202f\u00bb<\/strong><\/p>\n<p class=\"post-published-date\" style=\"color: silver; font-size: 75%; text-align: left;\">Publi\u00e9 le mercredi 11 juin 2025 \u00e0 13:52<\/p>\n","protected":false},"excerpt":{"rendered":"Les d\u00e9cla\u00adra\u00adtions d\u2019Aryna Sabalenka apr\u00e8s sa d\u00e9faite en finale de Roland\u2010Garros contre Cori Gauff samedi dernier ont fait&hellip;\n","protected":false},"author":2,"featured_media":168309,"comment_status":"","ping_status":"","sticky":false,"template":"","format":"standard","meta":{"footnotes":""},"categories":[1415],"tags":[7615,11582,1011,27,60,1467],"class_list":{"0":"post-168308","1":"post","2":"type-post","3":"status-publish","4":"format-standard","5":"has-post-thumbnail","7":"category-tennis","8":"tag-aryna-sabalenka","9":"tag-connors","10":"tag-fr","11":"tag-france","12":"tag-sports","13":"tag-tennis"},"share_on_mastodon":{"url":"https:\/\/pubeurope.com\/@fr\/114665021928149787","error":""},"_links":{"self":[{"href":"https:\/\/www.europesays.com\/fr\/wp-json\/wp\/v2\/posts\/168308","targetHints":{"allow":["GET"]}}],"collection":[{"href":"https:\/\/www.europesays.com\/fr\/wp-json\/wp\/v2\/posts"}],"about":[{"href":"https:\/\/www.europesays.com\/fr\/wp-json\/wp\/v2\/types\/post"}],"author":[{"embeddable":true,"href":"https:\/\/www.europesays.com\/fr\/wp-json\/wp\/v2\/users\/2"}],"replies":[{"embeddable":true,"href":"https:\/\/www.europesays.com\/fr\/wp-json\/wp\/v2\/comments?post=168308"}],"version-history":[{"count":0,"href":"https:\/\/www.europesays.com\/fr\/wp-json\/wp\/v2\/posts\/168308\/revisions"}],"wp:featuredmedia":[{"embeddable":true,"href":"https:\/\/www.europesays.com\/fr\/wp-json\/wp\/v2\/media\/168309"}],"wp:attachment":[{"href":"https:\/\/www.europesays.com\/fr\/wp-json\/wp\/v2\/media?parent=168308"}],"wp:term":[{"taxonomy":"category","embeddable":true,"href":"https:\/\/www.europesays.com\/fr\/wp-json\/wp\/v2\/categories?post=168308"},{"taxonomy":"post_tag","embeddable":true,"href":"https:\/\/www.europesays.com\/fr\/wp-json\/wp\/v2\/tags?post=168308"}],"curies":[{"name":"wp","href":"https:\/\/api.w.org\/{rel}","templated":true}]}}