{"id":16831,"date":"2025-04-11T08:24:07","date_gmt":"2025-04-11T08:24:07","guid":{"rendered":"https:\/\/www.europesays.com\/fr\/16831\/"},"modified":"2025-04-11T08:24:07","modified_gmt":"2025-04-11T08:24:07","slug":"quatre-voitures-accidentees-ce-matin","status":"publish","type":"post","link":"https:\/\/www.europesays.com\/fr\/16831\/","title":{"rendered":"quatre voitures accident\u00e9es ce matin"},"content":{"rendered":"<p>            Par<br \/>\n        <strong><br \/>\n            <a href=\"https:\/\/actu.fr\/auteur\/mareva-laville-actu-fr\" title=\"Consulter tous les articles de Mar\u00e9va Laville\" target=\"_blank\" rel=\"noopener\">Mar\u00e9va Laville<\/a><br \/>\n        <\/strong><\/p>\n<p>        Publi\u00e9 le<\/p>\n<p>            11 avr. 2025 \u00e0 9h19        <\/p>\n<p>Carambolage au sud de <a href=\"http:\/\/www.actu.fr\/toulouse\" target=\"_blank\" rel=\"noopener\">Toulouse<\/a>. <strong>Quatre voitures<\/strong> ont subi un <strong>accident<\/strong> ce vendredi 11\u00a0avril 2025, avant 9\u00a0heures, sur le <a href=\"https:\/\/actu.fr\/tag\/peripherique-de-toulouse\" target=\"_blank\" rel=\"noopener\">p\u00e9riph\u00e9rique toulousain.<\/a><\/p>\n<p>Accident au sud de Toulouse<\/p>\n<p class=\" wall-content\">Les quatre v\u00e9hicules se trouvent sur la<strong> voie de gauche<\/strong> et le<strong> terre-plein central,<\/strong> dans le sens ext\u00e9rieur, de Toulouse nord vers Toulouse, au niveau de l\u2019\u00eele d\u2019Empalot, juste apr\u00e8s l\u2019\u00e9changeur avec l\u2019<a href=\"https:\/\/actu.fr\/tag\/autoroute-64-a64\" target=\"_blank\" rel=\"noopener\">A64.<\/a><\/p>\n<p>Des embouteillages sur l\u2019A64<\/p>\n<p class=\" wall-content\">D\u2019apr\u00e8s Bison Fut\u00e9, quelques embouteillages d\u00e9coulent de cet accident. Notamment sur l\u2019A64, o\u00f9 la circulation est encore compliqu\u00e9e pass\u00e9 9\u00a0heures. 2,2\u00a0km de bouchons s\u2019accumulent, en direction de Toulouse, sur toutes les voies.<\/p>\n<p class=\" wall-content\">Suivez toute l\u2019actualit\u00e9 de vos villes et m\u00e9dias favoris en vous inscrivant \u00e0 <a href=\"https:\/\/moncompte.actu.fr\" title=\"D\u00e9couvez Mon Actu\" rel=\"nofollow noopener\" data-trk=\"{&quot;cta&quot;:{&quot;action&quot;:&quot;https:\\\/\\\/moncompte.actu.fr&quot;,&quot;category&quot;:&quot;mon compte&quot;,&quot;from&quot;:&quot;article footer&quot;,&quot;name&quot;:&quot;Mon actu&quot;,&quot;type&quot;:&quot;cta&quot;}}\" target=\"_blank\">Mon Actu<\/a>.<\/p>\n","protected":false},"excerpt":{"rendered":"Par Mar\u00e9va Laville Publi\u00e9 le 11 avr. 2025 \u00e0 9h19 Carambolage au sud de Toulouse. Quatre voitures ont&hellip;\n","protected":false},"author":2,"featured_media":16832,"comment_status":"","ping_status":"","sticky":false,"template":"","format":"standard","meta":{"footnotes":""},"categories":[2816],"tags":[119,1111,11,4799,1777,674,118,1011,27,12,2680,4800,25,2312],"class_list":{"0":"post-16831","1":"post","2":"type-post","3":"status-publish","4":"format-standard","5":"has-post-thumbnail","7":"category-toulouse","8":"tag-accident","9":"tag-actu","10":"tag-actualites","11":"tag-autoroute-64-a64","12":"tag-eu","13":"tag-europe","14":"tag-faits-divers","15":"tag-fr","16":"tag-france","17":"tag-news","18":"tag-occitanie","19":"tag-peripherique-de-toulouse","20":"tag-republique-francaise","21":"tag-toulouse"},"share_on_mastodon":{"url":"https:\/\/pubeurope.com\/@fr\/114318374540965381","error":""},"_links":{"self":[{"href":"https:\/\/www.europesays.com\/fr\/wp-json\/wp\/v2\/posts\/16831","targetHints":{"allow":["GET"]}}],"collection":[{"href":"https:\/\/www.europesays.com\/fr\/wp-json\/wp\/v2\/posts"}],"about":[{"href":"https:\/\/www.europesays.com\/fr\/wp-json\/wp\/v2\/types\/post"}],"author":[{"embeddable":true,"href":"https:\/\/www.europesays.com\/fr\/wp-json\/wp\/v2\/users\/2"}],"replies":[{"embeddable":true,"href":"https:\/\/www.europesays.com\/fr\/wp-json\/wp\/v2\/comments?post=16831"}],"version-history":[{"count":0,"href":"https:\/\/www.europesays.com\/fr\/wp-json\/wp\/v2\/posts\/16831\/revisions"}],"wp:featuredmedia":[{"embeddable":true,"href":"https:\/\/www.europesays.com\/fr\/wp-json\/wp\/v2\/media\/16832"}],"wp:attachment":[{"href":"https:\/\/www.europesays.com\/fr\/wp-json\/wp\/v2\/media?parent=16831"}],"wp:term":[{"taxonomy":"category","embeddable":true,"href":"https:\/\/www.europesays.com\/fr\/wp-json\/wp\/v2\/categories?post=16831"},{"taxonomy":"post_tag","embeddable":true,"href":"https:\/\/www.europesays.com\/fr\/wp-json\/wp\/v2\/tags?post=16831"}],"curies":[{"name":"wp","href":"https:\/\/api.w.org\/{rel}","templated":true}]}}