{"id":168310,"date":"2025-06-11T13:43:13","date_gmt":"2025-06-11T13:43:13","guid":{"rendered":"https:\/\/www.europesays.com\/fr\/168310\/"},"modified":"2025-06-11T13:43:13","modified_gmt":"2025-06-11T13:43:13","slug":"zarco-et-mir-ont-decouvert-la-piece-aimee-par-espargaro-sur-la-honda","status":"publish","type":"post","link":"https:\/\/www.europesays.com\/fr\/168310\/","title":{"rendered":"Zarco et Mir ont d\u00e9couvert la pi\u00e8ce aim\u00e9e par Espargar\u00f3 sur la Honda"},"content":{"rendered":"<p>C&rsquo;est l&rsquo;une des cons\u00e9quences directes des wild-cards confi\u00e9es \u00e0 <a href=\"https:\/\/fr.motorsport.com\/driver\/aleix-espargaro\/90382\/\" target=\"_blank\" rel=\"noopener\">Aleix Espargar\u00f3<\/a> : Honda exp\u00e9rimente \u00e0 nouveau un bras oscillant en carbone, en lieu et place de la pi\u00e8ce en aluminium utilis\u00e9e depuis quelques ann\u00e9es.<\/p>\n<p>Alors que les vibrations et le manque d&rsquo;adh\u00e9rence sur la roue arri\u00e8re sont des probl\u00e8mes d\u00e9sormais ancr\u00e9s dans l&rsquo;ADN de la RC213V et que le constructeur cherche par tous les moyens \u00e0 les gommer, Espargar\u00f3 a men\u00e9 \u00e0 Silverstone des tests comparatifs entre les deux pi\u00e8ces. Et celui qui est d\u00e9sormais pilote essayeur n&rsquo;a pas eu besoin de longtemps pour \u00eatre convaincu que le HRC devrait repasser \u00e0 la version carbone et la fournir rapidement \u00e0 ses pilotes de course.<\/p>\n<p><a href=\"https:\/\/fr.motorsport.com\/driver\/joan-mir\/289392\/\" target=\"_blank\" rel=\"noopener\">Joan Mir<\/a> et <a href=\"https:\/\/fr.motorsport.com\/driver\/johann-zarco\/96107\/\" target=\"_blank\" rel=\"noopener\">Johann Zarco<\/a>, tous deux arriv\u00e9s chez Honda apr\u00e8s ce changement, ont eu l&rsquo;occasion de s&rsquo;en faire une id\u00e9e lundi, lors du test post-course d&rsquo;Arag\u00f3n. Et pour le Fran\u00e7ais, le constat est sans appel\u00a0:\u00a0c&rsquo;est un grand waouh !<\/p>\n<p>\u00ab\u00a0La plus grosse chose que nous avons test\u00e9e et que vous avez pu voir \u00e9tait le bras oscillant en carbone, qui \u00e9tait tr\u00e8s int\u00e9ressant. On a eu de meilleures performances avec lui\u00a0\u00bb,\u00a0explique le pilote fran\u00e7ais. \u00ab\u00a0Ce bras oscillant, waouh\u00a0!\u00a0C&rsquo;est ce qui a le mieux fonctionn\u00e9. Je suis content parce qu&rsquo;avec ce genre de grosse pi\u00e8ce sur la moto, parfois, le commentaire du pilote n&rsquo;est pas excellent, mais pour moi c&rsquo;\u00e9tait bien.\u00a0\u00bb<\/p>\n<blockquote>\n<p>On est tellement loin en termes d&rsquo;acc\u00e9l\u00e9ration et de grip que, si on trouve quelque chose qui nous fait progresser dans ce domaine, on progresse fortement.<\/p>\n<\/blockquote>\n<p>Bien que plus mesur\u00e9, Joan Mir reconna\u00eet lui aussi l&rsquo;apport de cette pi\u00e8ce. \u00ab\u00a0C&rsquo;\u00e9tait positif, c&rsquo;est s\u00fbr. C&rsquo;est quelque chose qui va nous aider \u00e0 \u00eatre plus comp\u00e9titifs\u00a0\u00bb, explique l&rsquo;Espagnol. \u00ab\u00a0Je dirais que \u00e7a n&rsquo;est pas r\u00e9volutionnaire mais c&rsquo;est une \u00e9volution et \u00e7a repr\u00e9sente une am\u00e9lioration en termes d&rsquo;adh\u00e9rence. On est tellement loin en termes d&rsquo;acc\u00e9l\u00e9ration et de grip que, si on trouve quelque chose qui nous fait progresser dans ce domaine, on progresse fortement.\u00a0\u00bb<\/p>\n<p>\u00ab\u00a0Je suis aussi prudent par rapport \u00e0 aujourd&rsquo;hui. Johann est exp\u00e9riment\u00e9, mais le lundi, l&rsquo;adh\u00e9rence est toujours tr\u00e8s \u00e9lev\u00e9e. J&rsquo;essaye de toujours faire attention avec ce que je ressens sur la moto, parce que quand l&rsquo;adh\u00e9rence est bonne sur la piste, tout a l&rsquo;air bien\u00a0!\u00a0\u00bb,\u00a0pr\u00e9vient le champion du monde 2020.<\/p>\n<p>\u00ab\u00a0En tout cas, je dirais qu&rsquo;il n&rsquo;y a rien de n\u00e9gatif sur ce bras oscillant. Il am\u00e9liore un petit peu ce grip sur l&rsquo;angle qui nous manque beaucoup et, en termes de chronos, c&rsquo;est l\u00e9g\u00e8rement mieux, donc \u00e7a veut dire qu&rsquo;on a fait un petit progr\u00e8s.\u00a0\u00bb<\/p>\n<p>   <img decoding=\"async\" draggable=\"false\" src=\"https:\/\/www.europesays.com\/fr\/wp-content\/uploads\/2025\/06\/1749649393_878_johann-zarco-team-lcr-honda.jpg\" alt=\"Johann Zarco\" width=\"1200\" height=\"800\" loading=\"lazy\"\/> <\/p>\n<p class=\"title\">Johann Zarco<\/p>\n<p class=\"photographer\">Photo de: MotoGP<\/p>\n<p>\u00ab\u00a0Maintenant, il faudra attendre un peu pour l&rsquo;avoir sur la moto\u00a0\u00bb, ajoute Zarco, qui pr\u00e9cise que le travail n&rsquo;a pas \u00e9t\u00e9 r\u00e9alis\u00e9 de la mani\u00e8re la plus lisible qui soit\u00a0:\u00a0\u00ab\u00a0Pour cette journ\u00e9e d&rsquo;essais, on n&rsquo;utilisait pas notre meilleur package, vu qu&rsquo;il faut \u00e9conomiser des kilom\u00e8tres sur le moteur. M\u00eame si on a les concessions, il faut quand m\u00eame g\u00e9rer le kilom\u00e9trage sur le moteur.\u00a0\u00bb<\/p>\n<p>\u00ab\u00a0Dans l&rsquo;ensemble, le package n&rsquo;\u00e9tait pas le meilleur possible mais on conna\u00eet tr\u00e8s bien toutes les pi\u00e8ces de notre moto. On a donc \u00e9tabli quelques r\u00e9f\u00e9rences et on a travaill\u00e9 dessus. On ne peut pas juger le test en regardant le classement mais plus par rapport au travail qu&rsquo;on a fait en interne. Et ce travail en interne, je ne peux pas trop en parler, parce que c&rsquo;est priv\u00e9.\u00a0\u00bb<\/p>\n<p>Lire aussi :<\/p>\n<p>En l&rsquo;absence de <a href=\"https:\/\/fr.motorsport.com\/driver\/luca-marini\/201098\/\" target=\"_blank\" rel=\"noopener\">Luca Marini<\/a>, bless\u00e9, et alors que Honda n&rsquo;avait pas d\u00e9p\u00each\u00e9 de pilote essayeur pour ce test collectif, Mir et Zarco \u00e9taient les plus \u00e0 m\u00eame de mener les \u00e9valuations techniques lundi, aux c\u00f4t\u00e9s d&rsquo;un <a href=\"https:\/\/fr.motorsport.com\/driver\/somkiat-chantra\/823104\/\" target=\"_blank\" rel=\"noopener\">Somkiat Chantra<\/a> manquant encore d&rsquo;exp\u00e9rience et de performance pour cela. Outre le bras oscillant, ils ont engrang\u00e9 d&rsquo;importantes donn\u00e9es en testant des r\u00e9glages et des solutions nouvelles sur la RC213V.<\/p>\n<p>\u00ab\u00a0On a essay\u00e9 des choses au niveau de l&rsquo;\u00e9lectronique\u00a0\u00bb, explique le pilote de l&rsquo;\u00e9quipe officielle. \u00ab\u00a0Rien en lien avec le moteur, donc la puissance reste inchang\u00e9e et elle le restera jusqu&rsquo;\u00e0 je ne sais quand. C&rsquo;est notre priorit\u00e9 d&rsquo;essayer de progresser sur ce point. Mais j&rsquo;avais dit que si on arrivait \u00e0 progresser dans un des deux domaines que sont la vitesse de pointe et l&rsquo;acc\u00e9l\u00e9ration dans ce test, je serais content, et je le suis car on l&rsquo;a fait.\u00a0\u00bb<\/p>\n<p>\u00ab\u00a0On a test\u00e9 des choses que l&rsquo;on avait d\u00e9j\u00e0 essay\u00e9es \u00e0 Jerez mais ce sont des choses tr\u00e8s techniques sur la moto. C&rsquo;est une chose que Honda d\u00e9veloppe et je pense que cela peut ouvrir des portes, j&rsquo;esp\u00e8re que cela nous apportera un avantage pour l&rsquo;an prochain\u00a0\u00bb, ajoute Zarco. Quand auront-ils ces pi\u00e8ces en course\u00a0?\u00a0\u00ab\u00a0Je pense que ce sera pour les courses outre-mer, donc il faudra attendre un peu.\u00a0\u00bb<\/p>\n<p style=\"text-align: right;\">Avec Vincent Lalanne-Sicaud<\/p>\n<p>Dans cet article<\/p>\n<p>    L\u00e9na Buffa\n<\/p>\n<p>    MotoGP\n<\/p>\n<p>    Johann Zarco\n<\/p>\n<p>    Joan Mir\n<\/p>\n<p>    Honda HRC\n<\/p>\n<p>    Team LCR\n<\/p>\n<p>Soyez le premier inform\u00e9 et souscrivez aux alertes mails pour recevoir les infos en temps r\u00e9el<\/p>\n<p>    S&rsquo;abonner aux alertes de news<\/p>\n","protected":false},"excerpt":{"rendered":"C&rsquo;est l&rsquo;une des cons\u00e9quences directes des wild-cards confi\u00e9es \u00e0 Aleix Espargar\u00f3 : Honda exp\u00e9rimente \u00e0 nouveau un bras&hellip;\n","protected":false},"author":2,"featured_media":168311,"comment_status":"","ping_status":"","sticky":false,"template":"","format":"standard","meta":{"footnotes":""},"categories":[1413],"tags":[1011,27,3345,3346,1741,1457,1456,1458,26453,60,3771,29118],"class_list":{"0":"post-168310","1":"post","2":"type-post","3":"status-publish","4":"format-standard","5":"has-post-thumbnail","7":"category-moto","8":"tag-fr","9":"tag-france","10":"tag-honda-hrc","11":"tag-joan-mir","12":"tag-johann-zarco","13":"tag-moto","14":"tag-motocycle","15":"tag-motogp","16":"tag-motorland-aragu00f3n","17":"tag-sports","18":"tag-team-lcr","19":"tag-test-daragu00f3n"},"share_on_mastodon":{"url":"https:\/\/pubeurope.com\/@fr\/114665030024372672","error":""},"_links":{"self":[{"href":"https:\/\/www.europesays.com\/fr\/wp-json\/wp\/v2\/posts\/168310","targetHints":{"allow":["GET"]}}],"collection":[{"href":"https:\/\/www.europesays.com\/fr\/wp-json\/wp\/v2\/posts"}],"about":[{"href":"https:\/\/www.europesays.com\/fr\/wp-json\/wp\/v2\/types\/post"}],"author":[{"embeddable":true,"href":"https:\/\/www.europesays.com\/fr\/wp-json\/wp\/v2\/users\/2"}],"replies":[{"embeddable":true,"href":"https:\/\/www.europesays.com\/fr\/wp-json\/wp\/v2\/comments?post=168310"}],"version-history":[{"count":0,"href":"https:\/\/www.europesays.com\/fr\/wp-json\/wp\/v2\/posts\/168310\/revisions"}],"wp:featuredmedia":[{"embeddable":true,"href":"https:\/\/www.europesays.com\/fr\/wp-json\/wp\/v2\/media\/168311"}],"wp:attachment":[{"href":"https:\/\/www.europesays.com\/fr\/wp-json\/wp\/v2\/media?parent=168310"}],"wp:term":[{"taxonomy":"category","embeddable":true,"href":"https:\/\/www.europesays.com\/fr\/wp-json\/wp\/v2\/categories?post=168310"},{"taxonomy":"post_tag","embeddable":true,"href":"https:\/\/www.europesays.com\/fr\/wp-json\/wp\/v2\/tags?post=168310"}],"curies":[{"name":"wp","href":"https:\/\/api.w.org\/{rel}","templated":true}]}}