{"id":168312,"date":"2025-06-11T13:44:10","date_gmt":"2025-06-11T13:44:10","guid":{"rendered":"https:\/\/www.europesays.com\/fr\/168312\/"},"modified":"2025-06-11T13:44:10","modified_gmt":"2025-06-11T13:44:10","slug":"ces-baskets-prada-a-lallure-vintage-sont-destinees-aux-ferus-de-formule-1","status":"publish","type":"post","link":"https:\/\/www.europesays.com\/fr\/168312\/","title":{"rendered":"Ces baskets Prada \u00e0 l&rsquo;allure vintage sont destin\u00e9es aux f\u00e9rus de Formule 1"},"content":{"rendered":"<p>Prada n&rsquo;avait pas revisit\u00e9 ce mod\u00e8le embl\u00e9matique depuis 2005. Vingt ans plus tard, <a href=\"https:\/\/www.gqmagazine.fr\/article\/prada-defile-automne-hiver-2025-2026-fashion-week-milan\" rel=\"nofollow noopener\" target=\"_blank\">la maison de luxe italienne<\/a> annonce enfin le retour du mod\u00e8le Montecarlo, des baskets en hommage \u00e0 la Formule 1 et plus pr\u00e9cis\u00e9ment au <a href=\"https:\/\/www.gqmagazine.fr\/article\/grand-prix-de-monaco-est-il-toujours-aussi-glamour-et-photogenique\" rel=\"nofollow noopener\" target=\"_blank\">Grand Prix de Formule 1<\/a> qui se tient tous les ans \u00e0 Monaco. D\u00e9velopp\u00e9es dans un cuir nappa de grande qualit\u00e9, les baskets empruntent leur design aux c\u00e9l\u00e8bres chaussures de conduite des champions de Formule 1, caract\u00e9ris\u00e9es par leur design \u00e9triqu\u00e9 et resserr\u00e9 autour du pied. La Montecarlo version 2025 ressemble ainsi en tous points \u00e0 celle de 2005. Prada la d\u00e9cline seulement dans de nouveaux coloris comme le vert ou le camel clair.<\/p>\n<p>C&rsquo;est dans le cadre de la gamme Linea Rossa \u2013 anciennement appel\u00e9e Prada Sport et lanc\u00e9e en 1997, la sous-branche de Prada consacr\u00e9e au sport \u2013 que ces baskets voient le jour : avec des d\u00e9tails \u00e0 la fois futuristes et fonctionnels, les nouvelles Montecarlo sign\u00e9es Prada se distinguent notamment par diff\u00e9rentes surpiq\u00fbres qui rappellent les lignes du mod\u00e8le original. Leurs semelles en gomme ultra l\u00e9g\u00e8res renforcent l&rsquo;esth\u00e9tique \u00e9pur\u00e9e \u00e0 la base du mod\u00e8le. On retrouve \u00e9galement le logo Prada imprim\u00e9 en haute fr\u00e9quence sur la languette, ainsi que des lacets assortis \u00e0 la couleur de chacun des mod\u00e8les. La Montecarlo de Prada tombe \u00e0 pic car elle s&rsquo;inscrit parfaitement dans les tendances sneakers du moment, et en particulier l&rsquo;une d&rsquo;entre elles : les \u201ctorpedo\u201d.<\/p>\n<p>La folie des baskets \u201ctorpilles\u201d<\/p>\n<p>Si les baskets \u201ctorpedo\u201d ne vous disent rien, c&rsquo;est que vous \u00eates pass\u00e9s \u00e0 c\u00f4t\u00e9 de LA tendance phare de la fin 2024 et du d\u00e9but 2025. Le terme, qui pourrait se traduire en fran\u00e7ais par \u201ctorpille\u201d, est utilis\u00e9 pour d\u00e9signer toutes ces sneakers \u00e0 embout pointu \u00e0 l&rsquo;instar de v\u00e9ritables missiles de guerre. Les tendances chaussures automne-hiver 2024-2025 ont en effet laiss\u00e9 place \u00e0 ces chaussures au design qui se resserre autour du pied : les <a href=\"https:\/\/www.gqmagazine.fr\/article\/puma-speedcat-sneakers-classement-lyst-2024\" rel=\"nofollow noopener\" target=\"_blank\">Speedcat<\/a> de Puma, tout comme les nouvelles <a href=\"https:\/\/www.gqmagazine.fr\/article\/louis-vuitton-lv-trainers-sneakers-2024\" rel=\"nofollow noopener\" target=\"_blank\">Louis Vuitton<\/a> \u201cSoccer\u201d de Pharrell, font partie des exemples paradigmatiques !<\/p>\n<p><a class=\"BaseWrap-sc-gjQpdd BaseText-ewhhUZ BaseLink-eNWuiM UnifiedProductEmbedImageLink-hEsXrK iUEiRd gJZxei eetdnr hqtaIR image\" href=\"https:\/\/cna.st\/p\/DRqZQmpTgrbg1f2dkRnz7ZrLnUry87Em8KkwPEErn37ZuEuQKMkQ5gTFET93pR22EBnxrcGBikXnoVqodBNWW7Heyb6D3tejsKcpktTZo1bXShQ7WDK4vrSYVDWnzkVd7SCRHQysz9r7hHy3LHbFmgDvdXuBSU9o4H1x7BnPz13kH8vD3F48g3ye9e2XguYxZUzTSLwo4SKDbSgJbtPjPFCfoojYW5h2hdDX8Lhp8NtpoQ6hvSUx8VG3ywBaRDo6bd9ARhz1oLf8vLJLtoE51Zb9xsPhGrhRmBoAaxpXb9W1kiZdK3iepCSaRrwiM1k3MpyqQ\" target=\"_blank\" rel=\"noreferrer noopener sponsored nofollow\" tabindex=\"-1\" data-offer-url=\"https:\/\/www.prada.com\/fr\/fr\/p\/baskets-montecarlo-re-edition-2005-en-cuir-nappa-vieilli\/4E1165_EFX_F098L_F_G000\" aria-hidden=\"true\"><\/a><\/p>\n<p class=\"BaseWrap-sc-gjQpdd BaseText-ewhhUZ UnifiedProductCardBrandName-kBReJq iUEiRd hzWSju bcRmpW upc-brandName\">Prada<\/p>\n<p id=\"upc_684946af838ca38e4d3f3de7\" type=\"embed\" class=\"BaseWrap-sc-gjQpdd BaseText-ewhhUZ UnifiedProductCardName-jnQGSN iUEiRd klDkXg gqrKyE\">Montecarlo Re-Edition 2005 en cuir nappa vieilli<\/p>\n","protected":false},"excerpt":{"rendered":"Prada n&rsquo;avait pas revisit\u00e9 ce mod\u00e8le embl\u00e9matique depuis 2005. Vingt ans plus tard, la maison de luxe italienne&hellip;\n","protected":false},"author":2,"featured_media":168313,"comment_status":"","ping_status":"","sticky":false,"template":"","format":"standard","meta":{"footnotes":""},"categories":[1412],"tags":[1451,1452,1453,1454,1455,1011,27,30168,14461,14462,60],"class_list":{"0":"post-168312","1":"post","2":"type-post","3":"status-publish","4":"format-standard","5":"has-post-thumbnail","7":"category-f1","8":"tag-f1","9":"tag-formula-1","10":"tag-formula1","11":"tag-formule-1","12":"tag-formule1","13":"tag-fr","14":"tag-france","15":"tag-prada","16":"tag-sneakers","17":"tag-sorties-sneakers","18":"tag-sports"},"share_on_mastodon":{"url":"https:\/\/pubeurope.com\/@fr\/114665033850937850","error":""},"_links":{"self":[{"href":"https:\/\/www.europesays.com\/fr\/wp-json\/wp\/v2\/posts\/168312","targetHints":{"allow":["GET"]}}],"collection":[{"href":"https:\/\/www.europesays.com\/fr\/wp-json\/wp\/v2\/posts"}],"about":[{"href":"https:\/\/www.europesays.com\/fr\/wp-json\/wp\/v2\/types\/post"}],"author":[{"embeddable":true,"href":"https:\/\/www.europesays.com\/fr\/wp-json\/wp\/v2\/users\/2"}],"replies":[{"embeddable":true,"href":"https:\/\/www.europesays.com\/fr\/wp-json\/wp\/v2\/comments?post=168312"}],"version-history":[{"count":0,"href":"https:\/\/www.europesays.com\/fr\/wp-json\/wp\/v2\/posts\/168312\/revisions"}],"wp:featuredmedia":[{"embeddable":true,"href":"https:\/\/www.europesays.com\/fr\/wp-json\/wp\/v2\/media\/168313"}],"wp:attachment":[{"href":"https:\/\/www.europesays.com\/fr\/wp-json\/wp\/v2\/media?parent=168312"}],"wp:term":[{"taxonomy":"category","embeddable":true,"href":"https:\/\/www.europesays.com\/fr\/wp-json\/wp\/v2\/categories?post=168312"},{"taxonomy":"post_tag","embeddable":true,"href":"https:\/\/www.europesays.com\/fr\/wp-json\/wp\/v2\/tags?post=168312"}],"curies":[{"name":"wp","href":"https:\/\/api.w.org\/{rel}","templated":true}]}}