{"id":168326,"date":"2025-06-11T13:49:10","date_gmt":"2025-06-11T13:49:10","guid":{"rendered":"https:\/\/www.europesays.com\/fr\/168326\/"},"modified":"2025-06-11T13:49:10","modified_gmt":"2025-06-11T13:49:10","slug":"nouvelle-romance-pour-le-festival-du-livre-de-montmorillon","status":"publish","type":"post","link":"https:\/\/www.europesays.com\/fr\/168326\/","title":{"rendered":"Nouvelle romance pour le Festival du livre de Montmorillon"},"content":{"rendered":"<p>Pas simple de se faire une place au soleil quand on est un Salon du livre programm\u00e9 aux beaux jours du printemps, avant les grandes vacances estivales.<\/p>\n<p>\u00ab\u00a0C\u2019est toute une p\u00e9riode o\u00f9 il existe beaucoup de concurrence, 40\u00a0% des festivals se tiennent entre avril et juin, indique Hella Faust en charge de la programmation de la <a target=\"_self\" href=\"https:\/\/festivaldulivre.montmorillon.fr\/#\" rel=\"noopener\">35e \u00e9dition du Festival du livre de Montmorillon<\/a>. Un salon au format plus petit peut s\u00e9duire les auteurs, mais il ne faut pas sous-estimer le poids des maisons d\u2019\u00e9dition qui pr\u00e9f\u00e8rent des grands salons.\u00a0\u00bb Pour se d\u00e9marquer, Montmorillon sort ses atouts, optant pour la qualit\u00e9 plut\u00f4t que la quantit\u00e9.<\/p>\n<p>\u00ab\u00a0Des romans que ma m\u00e8re aurait pu publier\u00a0\u00bb<\/p>\n<p>Parmi ceux-l\u00e0, les liens renou\u00e9s avec la famille Deforges. \u00c0 travers elle, <a target=\"_self\" href=\"https:\/\/www.lanouvellerepublique.fr\/montmorillon\/vienne-regine-deforges-et-montmorillon-la-reconciliation\" rel=\"noopener\">Montmorillon s\u2019est r\u00e9concili\u00e9<\/a>\u00a0avec son <a target=\"_self\" href=\"https:\/\/www.lanouvellerepublique.fr\/montmorillon\/regine-deforges-l-enfant-mal-aimee-de-montmorillon\" rel=\"noopener\">enfant mal aim\u00e9e<\/a>, R\u00e9gine Deforges (1935-2014), \u00e0 l\u2019occasion des dix\u00a0ans de la disparition de l\u2019autrice du best-seller La bicyclette bleue, l\u2019an dernier. Ces liens se consolident cette ann\u00e9e, au point de d\u00e9cerner le prix du premier roman R\u00e9gine-Deforges, attribu\u00e9 auparavant \u00e0 Limoges, puis \u00e0 Paris en ouverture du Festival du livre.<\/p>\n<p>\u00ab\u00a0On a essay\u00e9 de choisir des romans que ma m\u00e8re aurait pu publier, confie sa fille Camille Deforges. Quatre femmes ont \u00e9t\u00e9 s\u00e9lectionn\u00e9es, c\u2019est vraiment le hasard. Les quatre finalistes seront pr\u00e9sentes au festival. On garde le secret jusqu\u2019au bout.\u00a0\u00bb Qui de Rim Battal (Je me regarderai dans les yeux, \u00e9d. Bayard), B\u00e9n\u00e9dicte Dupr\u00e9 la Tour (Terres promises, \u00e9d. du Panseur), B\u00e9r\u00e9nice Bichat (La petite bonne, \u00e9d. les Avrils) ou d\u2019Ad\u00e8le Yon (Mon vrai nom est Elisabeth, \u00e9d. du sous-sol) sera laur\u00e9ate\u00a0? R\u00e9ponse samedi 21\u00a0juin 2025 \u00e0 12\u00a0h\u00a030.<\/p>\n<p>Autre carte \u00e0 jouer, la proposition faite aux auteurs, indique Hella Faust. \u00c0 ce titre, Emmanuel Ruben, invit\u00e9 d\u2019honneur, pr\u00e9sentera ses cr\u00e9ations litt\u00e9raires et disposera d\u2019un espace pour exposer des illustrations de son dernier livre\u00a0L\u2019usage du Japon. Autre invit\u00e9e d\u2019honneur, Isabelle Simler, pour la litt\u00e9rature jeunesse. Distingu\u00e9e par le New York Times en 2017, elle sera en master classe pour \u00e9changer avec le public sur son travail, participant \u00e0 des ateliers jeunesse.<\/p>\n<p>Le festival accueille une trentaine d\u2019auteurs de renomm\u00e9e nationale et internationale. Il va tenter une exposition m\u00e9diatique sans fronti\u00e8re, avec la pr\u00e9sence de l\u2019influenceur litt\u00e9raire Fran\u00e7ois Coune. La page Instagram @Livraisondemots du Belge est suivie par plus de 100.000 personnes. Fran\u00e7ois Coune, critique litt\u00e9raire, partagera ses coups de c\u0153ur avec le public. \u00c0 travers lui, le Festival du livre esp\u00e8re conqu\u00e9rir un lectorat plus jeune. \u00c0 noter que la mairie \u00e9dite des ch\u00e8ques cadeaux d\u2019une valeur de 10\u00a0\u20ac destin\u00e9s aux 320 \u00e9l\u00e8ves des \u00e9coles publiques de la ville \u00e0 d\u00e9penser au festival.<\/p>\n<p>Mathieu Siam, auteur de bande dessin\u00e9e, revient aussi dans la Cit\u00e9 de l\u2019\u00e9crit. Il avait finalis\u00e9 son dernier ouvrage L\u2019Effet papillon, carnet en territoire z\u00e9ro ch\u00f4meur longue dur\u00e9e \u00e0 Poitiers, lors de sa r\u00e9sidence d\u2019artistes \u00e0 Montmorillon \u00e0 l\u2019automne 2024.<\/p>\n<p>Le festival sera l\u2019occasion de rencontrer des auteurs r\u00e9gionaux r\u00e9partis parmi la trentaine d\u2019auteurs, sur la place du Mar\u00e9chal-Leclerc.<\/p>\n<p>Trois jours au rythme du livre<\/p>\n<p>Festival du livre de Montmorillon, du 20 au 22\u00a0juin 2025, place Leclerc \u00e0 Montmorillon, gratuit.<\/p>\n<p><strong>&gt;\u00a0Vendredi 20\u00a0juin\u00a0:<\/strong> balade \u00ab\u00a0Sur les pas de R\u00e9gine Deforges\u00a0\u00bb sur les lieux que R\u00e9gine Deforges d\u00e9crivait dans certains de ses livres (d\u00e9part 15\u00a0h, office de tourisme). Vernissage de l\u2019exposition de Mathieu Siam (17\u00a0h, salle Marcel-Prouteau, Cit\u00e9 de l\u2019\u00e9crit).<\/p>\n<p><strong>&gt;\u00a0Samedi 21\u00a0juin\u00a0:<\/strong><\/p>\n<p>&#8211; Club lecture de l\u2019influenceur Fran\u00e7ois Coune (@Livraisondemots sur Instagram) (9\u00a0h\u00a030 \u00e0 La Terrasse, 8, rue du Vieux-Pont).<\/p>\n<p>&#8211; Rencontres litt\u00e9raires\u00a0: \u00ab\u00a0Grandir et s\u2019affranchir\u00a0\u00bb avec Delphine Bertholon et \u00c9milie Dev\u00e8ze (10\u00a0h\u00a030)\u00a0; \u00ab\u00a0Des romans \u00e0 lire avec les oreilles\u00a0\u00bb avec \u00c9lisabeth Brami\u00a0; \u00ab\u00a0Le prix litt\u00e9raire R\u00e9gine-Deforges\u00a0\u00bb (11\u00a0h\u00a045)\u00a0; \u00ab\u00a0Corps et \u00e9clats\u00a0\u00bb avec B\u00e9r\u00e9nice Pichat (14\u00a0h)\u00a0; \u00ab\u00a0L\u2019Art et la vie\u00a0\u00bb avec Dana Grigorcea et Adrien Bosc (15\u00a0h\u00a030)\u00a0; \u00ab\u00a0Cheminements f\u00e9minins\u00a0\u00bb avec Rim Battal et Elsa Flageul (16\u00a0h\u00a015)\u00a0; Grand entretien avec Emmanuel Ruben, invit\u00e9 d\u2019honneur (17\u00a0h).<\/p>\n<p>&#8211; Inauguration du Festival du Livre (11\u00a0h\u00a015).<\/p>\n<p>&#8211; Remise du prix R\u00e9gine-Deforges (12\u00a0h\u00a030)\u00a0; rencontre avec la laur\u00e9ate \u00e0 14\u00a0h\u00a030.<\/p>\n<p>&#8211; Ateliers jeunesse\u00a0: \u00ab\u00a0Aslak et les animaux du Grand Nord\u00a0\u00bb avec Rebecca Romeo, illustratrice (14\u00a0h\u00a030)\u00a0; \u00ab\u00a0Ma galerie d\u2019oiseaux\u00a0\u00bb avec Isabelle Simler, invit\u00e9e d\u2019honneur (16\u00a0h\u00a045).<\/p>\n<p>&#8211; Spectacle culinaire et dessin\u00e9 \u00ab\u00a0Magda, cuisini\u00e8re intergalactique\u00a0\u00bb avec Nicolas Wouters, Mathilde Van Gheluwe et Laurianne Eber (15\u00a0h\u00a030, m\u00e9diath\u00e8que).<\/p>\n<p><strong>&gt;\u00a0Dimanche 22\u00a0juin\u00a0:<\/strong><\/p>\n<p>&#8211; Balade \u00ab\u00a0Sur les pas de Rossignol\u00a0\u00bb (9\u00a0h\u00a030, office de tourisme).<\/p>\n<p>&#8211; Rencontres litt\u00e9raires\u00a0: \u00ab\u00a0Lire l\u2019Europe\u00a0\u00bb avec Katharina Loix Van Hooff (10\u00a0h, mairie)\u00a0; \u00ab\u00a0Un poids sur les \u00e9paules\u00a0\u00bb avec Ariane Bois (10\u00a0h\u00a045)\u00a0; \u00ab\u00a0Conqu\u00eate d\u2019espaces\u00a0\u00bb avec B\u00e9n\u00e9dicte Dupr\u00e9 la Tour et Alexandre Lasheras (11\u00a0h\u00a015)\u00a0; \u00ab\u00a0La r\u00e9sonance de l\u2019\u00eele\u00a0\u00bb avec Estelle Rocchitelli et Anne-Solange Muis (14)\u00a0; \u00ab\u00a0Le fleuve dans la peau\u00a0\u00bb avec Eddy L. Harris et Jean-Louis Michelot (14\u00a0h\u00a045)\u00a0; \u00ab\u00a0Immersions paysag\u00e8res\u00a0\u00bb avec Blandine Giambasi et Anouck Lejczyk (15\u00a0h\u00a030)\u00a0; \u00ab\u00a0La formidable histoire des \u00c9ditions courtes et longues\u00a0\u00bb avec Jean Poderos (16\u00a0h).<\/p>\n<p>&#8211; Master class \u00ab\u00a0Le r\u00e9el, le fantastique et le merveilleux\u00a0\u00bb avec Isabelle Simler (11\u00a0h, MJC).<\/p>\n<p>&#8211; Lecture musicale\u00a0: \u00ab\u00a0L\u2019usage du Japon\u00a0\u00bb avec Emmanuel Ruben (12\u00a0h, mairie).<\/p>\n<p>&#8211; Atelier jeunesse\u00a0: \u00ab\u00a0Ces animaux pas b\u00eates \u00e0 dessiner\u00a0\u00bb (12\u00a0h) avec \u00c9milie Vanvolsem\u00a0; \u00ab\u00a0Le livre perc\u00e9\u00a0\u00bb avec Juliette Binet (14\u00a0h).<\/p>\n<p>&#8211; Conf\u00e9rence dessin\u00e9e et musicale \u00ab\u00a0Dans l\u2019atelier du Douanier Rousseau\u00a0\u00bb avec Mathieu Siam et Thibault Lambert (15\u00a0h, MJC).<\/p>\n<p>&#8211; Atelier cr\u00e9atif\u00a0: calligraphie et illustration avec Sylvie Edeline (17\u00a0h\u00a030, cin\u00e9ma Le Majestic).<\/p>\n<p>&#8211; Cin\u00e9ma\u00a0: \u00ab\u00a0Am\u00e9lie et la m\u00e9taphysique des tubes\u00a0\u00bb, film d\u2019animation adapt\u00e9 du roman d\u2019Am\u00e9lie Nothomb (19\u00a0h, cin\u00e9ma Le Majestic).<\/p>\n","protected":false},"excerpt":{"rendered":"Pas simple de se faire une place au soleil quand on est un Salon du livre programm\u00e9 aux&hellip;\n","protected":false},"author":2,"featured_media":168327,"comment_status":"","ping_status":"","sticky":false,"template":"","format":"standard","meta":{"footnotes":""},"categories":[1357],"tags":[1392,1379,9332,1674,58,59,3337,1011,27,1380,1393,27663,1584],"class_list":{"0":"post-168326","1":"post","2":"type-post","3":"status-publish","4":"format-standard","5":"has-post-thumbnail","7":"category-livres","8":"tag-a-la-une-local","9":"tag-books","10":"tag-centrepresse","11":"tag-communes","12":"tag-divertissement","13":"tag-entertainment","14":"tag-festivals","15":"tag-fr","16":"tag-france","17":"tag-livres","18":"tag-loisirs","19":"tag-montmorillon","20":"tag-vienne"},"share_on_mastodon":{"url":"https:\/\/pubeurope.com\/@fr\/114665053444377819","error":""},"_links":{"self":[{"href":"https:\/\/www.europesays.com\/fr\/wp-json\/wp\/v2\/posts\/168326","targetHints":{"allow":["GET"]}}],"collection":[{"href":"https:\/\/www.europesays.com\/fr\/wp-json\/wp\/v2\/posts"}],"about":[{"href":"https:\/\/www.europesays.com\/fr\/wp-json\/wp\/v2\/types\/post"}],"author":[{"embeddable":true,"href":"https:\/\/www.europesays.com\/fr\/wp-json\/wp\/v2\/users\/2"}],"replies":[{"embeddable":true,"href":"https:\/\/www.europesays.com\/fr\/wp-json\/wp\/v2\/comments?post=168326"}],"version-history":[{"count":0,"href":"https:\/\/www.europesays.com\/fr\/wp-json\/wp\/v2\/posts\/168326\/revisions"}],"wp:featuredmedia":[{"embeddable":true,"href":"https:\/\/www.europesays.com\/fr\/wp-json\/wp\/v2\/media\/168327"}],"wp:attachment":[{"href":"https:\/\/www.europesays.com\/fr\/wp-json\/wp\/v2\/media?parent=168326"}],"wp:term":[{"taxonomy":"category","embeddable":true,"href":"https:\/\/www.europesays.com\/fr\/wp-json\/wp\/v2\/categories?post=168326"},{"taxonomy":"post_tag","embeddable":true,"href":"https:\/\/www.europesays.com\/fr\/wp-json\/wp\/v2\/tags?post=168326"}],"curies":[{"name":"wp","href":"https:\/\/api.w.org\/{rel}","templated":true}]}}