{"id":168328,"date":"2025-06-11T13:50:14","date_gmt":"2025-06-11T13:50:14","guid":{"rendered":"https:\/\/www.europesays.com\/fr\/168328\/"},"modified":"2025-06-11T13:50:14","modified_gmt":"2025-06-11T13:50:14","slug":"pblvepb-spoiler-ariane-de-retour-au-commissariat","status":"publish","type":"post","link":"https:\/\/www.europesays.com\/fr\/168328\/","title":{"rendered":"PBLVEPB &#8211; [SPOILER] &#8211; Ariane de retour au commissariat !"},"content":{"rendered":"<p id=\"descriptionPanel\" aria-labelledby=\"descriptionArrow\" aria-expanded=\"false\" class=\"mr-2 line-clamp-2 pr-2.5 text-secondary overflow-visible\">C&rsquo;est un grand jour pour le commissariat du Mistral : Ariane Hersant est officiellement de retour. Apr\u00e8s avoir \u00e9t\u00e9 injustement accus\u00e9e du meurtre de Durieux, c&rsquo;est avec un grand soulagement qu&rsquo;Ariane retrouve enfin sa libert\u00e9. Patrick Nebout culpabilise. Non seulement il n&rsquo;a pas soutenu sa coll\u00e8gue, mais il lui a tourn\u00e9 le dos, refusant de la croire. Le commissaire fait son mea culpa. Heureusement, Ariane n&rsquo;est pas du genre rancunier. Spoiler de l&rsquo;\u00e9pisode 355 de Plus belle la vie, encore plus belle.<\/p>\n<p><a class=\"shrink-0\" href=\"https:\/\/www.tf1.fr\/tf1\/plus-belle-la-vie\" target=\"_blank\" rel=\"noopener\"><img decoding=\"async\" src=\"https:\/\/www.europesays.com\/fr\/wp-content\/uploads\/2025\/06\/program-card-portrait-3-8d37a9-4cd475-0@1x.jpg\" width=\"138\" height=\"184\" alt=\"\" loading=\"eager\" fetchpriority=\"auto\" class=\"aspect-[3\/4] h-24 w-auto rounded-3px\" aria-hidden=\"true\"\/><\/a><\/p>\n","protected":false},"excerpt":{"rendered":"C&rsquo;est un grand jour pour le commissariat du Mistral : Ariane Hersant est officiellement de retour. Apr\u00e8s avoir&hellip;\n","protected":false},"author":2,"featured_media":168329,"comment_status":"","ping_status":"","sticky":false,"template":"","format":"standard","meta":{"footnotes":""},"categories":[1356],"tags":[58,1367,23434,59,3483,23433,1011,27,1368,1371,252,1364,1372,1370],"class_list":{"0":"post-168328","1":"post","2":"type-post","3":"status-publish","4":"format-standard","5":"has-post-thumbnail","7":"category-television","8":"tag-divertissement","9":"tag-encore-plus-belle","10":"tag-encore-plus-belle-extrait","11":"tag-entertainment","12":"tag-extrait","13":"tag-extrait-plus-belle-la-vie","14":"tag-fr","15":"tag-france","16":"tag-plus-belle-la-vie","17":"tag-streaming-plus-belle-la-vie","18":"tag-television","19":"tag-tv","20":"tag-video-en-streaming-plus-belle-la-vie","21":"tag-video-plus-belle-la-vie"},"share_on_mastodon":{"url":"https:\/\/pubeurope.com\/@fr\/114665057460895945","error":""},"_links":{"self":[{"href":"https:\/\/www.europesays.com\/fr\/wp-json\/wp\/v2\/posts\/168328","targetHints":{"allow":["GET"]}}],"collection":[{"href":"https:\/\/www.europesays.com\/fr\/wp-json\/wp\/v2\/posts"}],"about":[{"href":"https:\/\/www.europesays.com\/fr\/wp-json\/wp\/v2\/types\/post"}],"author":[{"embeddable":true,"href":"https:\/\/www.europesays.com\/fr\/wp-json\/wp\/v2\/users\/2"}],"replies":[{"embeddable":true,"href":"https:\/\/www.europesays.com\/fr\/wp-json\/wp\/v2\/comments?post=168328"}],"version-history":[{"count":0,"href":"https:\/\/www.europesays.com\/fr\/wp-json\/wp\/v2\/posts\/168328\/revisions"}],"wp:featuredmedia":[{"embeddable":true,"href":"https:\/\/www.europesays.com\/fr\/wp-json\/wp\/v2\/media\/168329"}],"wp:attachment":[{"href":"https:\/\/www.europesays.com\/fr\/wp-json\/wp\/v2\/media?parent=168328"}],"wp:term":[{"taxonomy":"category","embeddable":true,"href":"https:\/\/www.europesays.com\/fr\/wp-json\/wp\/v2\/categories?post=168328"},{"taxonomy":"post_tag","embeddable":true,"href":"https:\/\/www.europesays.com\/fr\/wp-json\/wp\/v2\/tags?post=168328"}],"curies":[{"name":"wp","href":"https:\/\/api.w.org\/{rel}","templated":true}]}}