{"id":168348,"date":"2025-06-11T13:59:08","date_gmt":"2025-06-11T13:59:08","guid":{"rendered":"https:\/\/www.europesays.com\/fr\/168348\/"},"modified":"2025-06-11T13:59:08","modified_gmt":"2025-06-11T13:59:08","slug":"le-narcotrafiquant-na-pas-voulu-repondre-aux-questions-sur-son-evasion","status":"publish","type":"post","link":"https:\/\/www.europesays.com\/fr\/168348\/","title":{"rendered":"le narcotrafiquant n\u2019a pas voulu r\u00e9pondre aux questions sur son \u00e9vasion"},"content":{"rendered":"<p>\u00abNous n\u2019avons pas pu pr\u00e9parer cet interrogatoire dans des conditions sereines et conformes des droits de la d\u00e9fense. (&#8230;), selon l\u2019un des avocats du narcotrafiquant, poursuivi pour meurtres en bande organis\u00e9e en r\u00e9cidive.<\/p>\n<p class=\"fig-paragraph\">Le narcotrafiquant\u00a0<a href=\"http:\/\/www.lefigaro.fr\/faits-divers\/dossier\/alias-la-mouche-le-destin-criminel-de-mohamed-amra\" data-fig-type=\"Topic\" data-gtm-custom-categorie=\"navigation\" data-gtm-custom-action=\"crossclick\" data-gtm-custom-label=\"Contextuel\" data-gtm-event=\"customEventSPE\" data-fig-domain=\"LEFIGARO\" target=\"_blank\" rel=\"noopener\">Mohamed Amra,<\/a>\u00a0extrait mercredi matin sous haute s\u00e9curit\u00e9 de la prison de Cond\u00e9-sur-Sarthe (Orne), n\u2019a pas r\u00e9pondu aux questions sur sa\u00a0<a href=\"http:\/\/www.lefigaro.fr\/faits-divers\/affaire-mohamed-amra-le-criminel-presente-en-commission-de-discipline-pour-son-evasion-du-14-mai-20250305\" data-fig-type=\"NewsFlash\" data-gtm-custom-categorie=\"navigation\" data-gtm-custom-action=\"crossclick\" data-gtm-custom-label=\"Contextuel\" data-gtm-event=\"customEventSPE\" data-fig-domain=\"LEFIGARO\" target=\"_blank\" rel=\"noopener\">sanglante \u00e9vasion en 2024<\/a>\u00a0lors de son premier interrogatoire devant les juges d\u2019instruction \u00e0 Paris, selon ses avocats.<\/p>\n<p class=\"fig-paragraph\">\u00abNous n\u2019avons pas pu pr\u00e9parer cet interrogatoire dans des conditions sereines et conformes des droits de la d\u00e9fense. (&#8230;) M. Amra r\u00e9pondra aux questions des juges lorsque la confidentialit\u00e9 de nos \u00e9changes sera parfaitement garantie\u00bb, a indiqu\u00e9 \u00e0 la presse Lucas Montagnier \u00e0 l\u2019issue de l\u2019interrogatoire de son client. Le suspect a cependant \u00e9voqu\u00e9 devant les juges\u00a0<a href=\"http:\/\/www.lefigaro.fr\/faits-divers\/victime-de-violence-l-avocat-de-mohamed-amra-denonce-les-conditions-de-detention-du-narcotrafiquant-20250506\" data-fig-type=\"NewsFlash\" data-gtm-custom-categorie=\"navigation\" data-gtm-custom-action=\"crossclick\" data-gtm-custom-label=\"Contextuel\" data-gtm-event=\"customEventSPE\" data-fig-domain=\"LEFIGARO\" target=\"_blank\" rel=\"noopener\">\u00abses conditions\u00bb de d\u00e9tention \u00abau quotidien\u00bb<\/a>, a pr\u00e9cis\u00e9 son autre conseil Beno\u00eet David.<\/p>\n<p class=\"fig-paragraph\">Le narcotrafiquant Mohamed Amra est arriv\u00e9 mercredi au tribunal de Paris pour son premier interrogatoire sur son \u00e9vasion meurtri\u00e8re en mai 2024, apr\u00e8s avoir \u00e9t\u00e9 extrait le matin m\u00eame de sa prison par h\u00e9licopt\u00e8re.<\/p>\n<p class=\"fig-paragraph\">Il \u00e9tait entendu par les juges de la Juridiction nationale de lutte contre le crime organis\u00e9 (Junalco) charg\u00e9s des investigations, ouvertes notamment pour meurtres en bande organis\u00e9e en r\u00e9cidive.<\/p>\n<p class=\"fig-paragraph\">Si le suspect a exprim\u00e9 des r\u00e9ticences pour r\u00e9pondre sur le fond du dossier, d\u2019apr\u00e8s cette source, cette audition doit permettre de le questionner sur la pr\u00e9paration de son \u00e9vasion, sur le jour J de l\u2019op\u00e9ration puis sur sa longue cavale.<\/p>\n<p class=\"fig-paragraph\">Un interrogatoire d\u2019importance, selon la procureure de Paris, Laure Beccuau: cette \u00abpremi\u00e8re audition\u00bb sera le temps des \u00abpremi\u00e8res d\u00e9clarations\u00bb, a-t-elle soulign\u00e9 vendredi dans une interview \u00e0 RMC\/BFMTV.<\/p>\n<p class=\"fig-paragraph\">Sollicit\u00e9s mercredi par l\u2019AFP, les avocats du suspect, Benoit David et Lucas Montagnier, n\u2019ont pas souhait\u00e9 faire de d\u00e9claration en amont de l\u2019audition.<\/p>\n","protected":false},"excerpt":{"rendered":"\u00abNous n\u2019avons pas pu pr\u00e9parer cet interrogatoire dans des conditions sereines et conformes des droits de la d\u00e9fense.&hellip;\n","protected":false},"author":2,"featured_media":168349,"comment_status":"","ping_status":"","sticky":false,"template":"","format":"standard","meta":{"footnotes":""},"categories":[4],"tags":[119,11,3694,271,2951,3695,3727,3696,118,1011,27,2825,1253,303,12,1072,2694,25,2949],"class_list":{"0":"post-168348","1":"post","2":"type-post","3":"status-publish","4":"format-standard","5":"has-post-thumbnail","7":"category-france","8":"tag-accident","9":"tag-actualites","10":"tag-affaires","11":"tag-crime","12":"tag-criminalite","13":"tag-enquetes","14":"tag-evasion","15":"tag-evenements","16":"tag-faits-divers","17":"tag-fr","18":"tag-france","19":"tag-insecurite","20":"tag-islamisme","21":"tag-justice","22":"tag-news","23":"tag-police","24":"tag-proces","25":"tag-republique-francaise","26":"tag-violences"},"share_on_mastodon":{"url":"https:\/\/pubeurope.com\/@fr\/114665092823253460","error":""},"_links":{"self":[{"href":"https:\/\/www.europesays.com\/fr\/wp-json\/wp\/v2\/posts\/168348","targetHints":{"allow":["GET"]}}],"collection":[{"href":"https:\/\/www.europesays.com\/fr\/wp-json\/wp\/v2\/posts"}],"about":[{"href":"https:\/\/www.europesays.com\/fr\/wp-json\/wp\/v2\/types\/post"}],"author":[{"embeddable":true,"href":"https:\/\/www.europesays.com\/fr\/wp-json\/wp\/v2\/users\/2"}],"replies":[{"embeddable":true,"href":"https:\/\/www.europesays.com\/fr\/wp-json\/wp\/v2\/comments?post=168348"}],"version-history":[{"count":0,"href":"https:\/\/www.europesays.com\/fr\/wp-json\/wp\/v2\/posts\/168348\/revisions"}],"wp:featuredmedia":[{"embeddable":true,"href":"https:\/\/www.europesays.com\/fr\/wp-json\/wp\/v2\/media\/168349"}],"wp:attachment":[{"href":"https:\/\/www.europesays.com\/fr\/wp-json\/wp\/v2\/media?parent=168348"}],"wp:term":[{"taxonomy":"category","embeddable":true,"href":"https:\/\/www.europesays.com\/fr\/wp-json\/wp\/v2\/categories?post=168348"},{"taxonomy":"post_tag","embeddable":true,"href":"https:\/\/www.europesays.com\/fr\/wp-json\/wp\/v2\/tags?post=168348"}],"curies":[{"name":"wp","href":"https:\/\/api.w.org\/{rel}","templated":true}]}}