{"id":168350,"date":"2025-06-11T14:00:29","date_gmt":"2025-06-11T14:00:29","guid":{"rendered":"https:\/\/www.europesays.com\/fr\/168350\/"},"modified":"2025-06-11T14:00:29","modified_gmt":"2025-06-11T14:00:29","slug":"aire-marine-sous-protection-forte-un-statut-qui-ne-protege-rien","status":"publish","type":"post","link":"https:\/\/www.europesays.com\/fr\/168350\/","title":{"rendered":"Aire marine sous \u00ab\u00a0protection forte\u00a0\u00bb : un statut qui ne prot\u00e8ge rien ?"},"content":{"rendered":"<p class=\"chapo\">Au sommet sur les oc\u00e9ans \u00e0 Nice, Emmanuel Macron a annonc\u00e9 vouloir d\u00e9ployer des \u00ab\u00a0zones de protection forte\u00a0\u00bb pour limiter le chalutage de fond. Un statut qui ne change en r\u00e9alit\u00e9 presque rien, d\u00e9noncent de nombreux scientifiques et les associations de protection de l\u2019environnement.<\/p>\n<p><img fetchpriority=\"high\" decoding=\"async\" width=\"1920\" height=\"1080\" src=\"https:\/\/www.natura-sciences.com\/wp-content\/uploads\/2025\/06\/chalut-fond-unoc.jpg\" alt=\"Le gouvernement veut interdire le chalutage de fond dans des &quot;zones de protection forte&quot;. \/\/Photo : AdobeStock\" class=\"wp-image-40905 jetpack-lazy-image\" data-lazy- data-lazy- data-lazy-src=\"http:\/\/www.natura-sciences.com\/wp-content\/uploads\/2025\/06\/chalut-fond-unoc.jpg?is-pending-load=1\" \/>Le gouvernement veut interdire le chalutage de fond dans des \u00ab\u00a0zones de protection forte\u00a0\u00bb. \/\/Photo : AdobeStock<\/p>\n<p>C\u2019est le chiffre \u00e0 retenir des annonces d\u2019Emmanuel Macron lors du sommet sur les oc\u00e9ans \u00e0 Nice (Unoc3). Pour lutter contre l\u2019effondrement de la biodiversit\u00e9 marine, le gouvernement veut placer 4% des aires marines fran\u00e7aises hexagonales en \u00ab\u00a0zone de protection forte\u00a0\u00bb d\u2019ici fin 2026, alors qu\u2019aujourd\u2019hui, ce chiffre s\u2019\u00e9l\u00e8ve \u00e0 0,1%. En ajoutant les aires marines fran\u00e7aises d\u2019outre-mer, le chiffre grimpe \u00e0 14,8% des eaux fran\u00e7aises, contre 4,8% aujourd\u2019hui. Emmanuel Macron d\u00e9clare ainsi d\u00e9passer l\u2019objectif de 10% en \u00ab\u00a0zone de protection forte\u00a0\u00bb d\u2019ici 2030, chiffre inscrit dans la <a href=\"https:\/\/www.ofb.gouv.fr\/la-strategie-nationale-pour-les-aires-protegees\" rel=\"nofollow noopener\" target=\"_blank\">Strat\u00e9gie nationale pour les aires prot\u00e9g\u00e9es<\/a>.<\/p>\n<p>Le chef de l\u2019\u00c9tat a d\u00e9clar\u00e9 vouloir limiter ainsi le chalutage de fond, m\u00e9thode de p\u00eache destructrice des habitats marins en laissant tra\u00eener un filet sur le fond des mers. \u00ab\u00a0Il y a des endroits o\u00f9 il faut limiter cette activit\u00e9\u00a0\u00bb, annon\u00e7ait-il dans un entretien pour la presse r\u00e9gionale paru deux jours avant le d\u00e9but du sommet. Le minist\u00e8re de la Transition \u00e9cologique a ensuite <a href=\"https:\/\/www.ecologie.gouv.fr\/sites\/default\/files\/documents\/250608_unoc-biodiversite_web_DP_AMP.pdf\" rel=\"nofollow noopener\" target=\"_blank\">publi\u00e9 des cartes<\/a> pour d\u00e9tailler l\u2019emplacement des \u00ab\u00a0zones de protection forte\u00a0\u00bb.<\/p>\n<p><strong>\u00ab\u00a0Une escroquerie<\/strong>\u00a0\u00bb pour Bloom<\/p>\n<p>Les organisations de d\u00e9fense de l\u2019environnement ont imm\u00e9diatement critiqu\u00e9 des effets d\u2019annonce \u00ab\u00a0insuffisants\u00a0\u00bb et \u00ab\u00a0d\u00e9cevants\u00a0\u00bb au regard de l\u2019ambition affich\u00e9e par ce sommet international. \u00ab\u00a0Fomenter une telle escroquerie et oser la publier au sommet mondial de l\u2019ONU sur l\u2019oc\u00e9an rel\u00e8ve \u00e0 la fois de la malhonn\u00eatet\u00e9 et de l\u2019arrogance\u00a0\u00bb, accuse l\u2019association Bloom dans un communiqu\u00e9.<\/p>\n<p>L\u2019ONG qui \u0153uvre pour la conservation des \u00e9cosyst\u00e8mes marins d\u00e9nonce un tour de passe-passe. La quasi-totalit\u00e9 des espaces concern\u00e9s par le d\u00e9ploiement des \u00ab\u00a0zones de protection forte\u00a0\u00bb ne voient d\u00e9j\u00e0 plus aucun chalut de fond depuis plusieurs ann\u00e9es. Pour cause : ce sont des espaces maritimes avec plus de 800 m\u00e8tres de profondeur. Or en France, depuis 2017, le r\u00e8glement qui encadre la p\u00eache profonde interdit le chalutage de fond sur ces endroits. En clair, on interdit le chalut de fond dans des endroits o\u00f9 il est d\u00e9j\u00e0 interdit.<\/p>\n<p><strong>D\u2019autres m\u00e9thodes de p\u00eache destructrices toujours autoris\u00e9es<\/strong><\/p>\n<p>Et quand bien m\u00eame les zones de protection forte interdiraient ce type de p\u00eache d\u00e9vastateur dans certains espaces, d\u2019autres pratiques d\u00e9vastatrices pour la biodiversit\u00e9 resteraient autoris\u00e9es, rappellent des scientifiques. \u00ab\u00a0Le chalut p\u00e9lagique, qui vise des esp\u00e8ces \u00e0 profondeur moyenne, et la senne d\u00e9mersale sont des techniques de p\u00eache industrielle qui participent \u00e0 la surp\u00eache et \u00e0 l\u2019effondrement des populations d\u2019animaux marins. Pourtant le statut de \u00ab\u00a0protection forte\u00a0\u00bb ne les interdit pas\u00a0\u00bb, explique Charles Loiseau, chercheur au CNRS.<\/p>\n<p>Comment expliquer qu\u2019une \u00ab\u00a0zone de protection forte\u00a0\u00bb ne prot\u00e8ge pas r\u00e9ellement la biodiversit\u00e9 ? \u00ab\u00a0En fait, c\u2019est une classification tr\u00e8s floue, qui en soi n\u2019interdit pas grand chose\u00a0\u00bb, explique Pascale Ricard, juriste en droit international de la mer et chercheuse au CNRS. Ce statut, cr\u00e9\u00e9 par la Strat\u00e9gie nationale pour les aires marines prot\u00e9g\u00e9es, n\u2019a presque aucun effet normatif. \u00ab\u00a0C\u2019est avant tout un label sans effet concret. Ici, le gouvernement s\u2019en sert pour annoncer prot\u00e9ger une zone du chalut de fond alors qu\u2019il est d\u00e9j\u00e0 interdit. On peut dire que c\u2019est un peu du vent.\u00a0\u00bb<\/p>\n<p>\u00ab\u00a0Zone de protection forte\u00a0\u00bb, un statut qui veut tout et rien dire<\/p>\n<p>Ce statut est pourtant cens\u00e9 transcrire dans la loi fran\u00e7aise la notion de \u00ab\u00a0protection stricte\u00a0\u00bb inscrite dans la Strat\u00e9gie de l\u2019Europe sur la biodiversit\u00e9. Cette derni\u00e8re pr\u00e9voit d\u2019interdire toute forme d\u2019activit\u00e9 extractive, et notamment la p\u00eache, dans 10 % des surfaces maritimes de chaque pays de l\u2019Union europ\u00e9enne. Mais dans le droit fran\u00e7ais, la \u00ab\u00a0protection forte\u00a0\u00bb ne reprend pas l\u2019id\u00e9e d\u2019une classification contraignante qui interdise totalement la p\u00eache. Depuis plusieurs ann\u00e9es, des associations de protection de l\u2019environnement comme Bloom ou la Ligue de protection des oiseaux d\u00e9noncent l\u2019abandon de l\u2019id\u00e9e initiale de \u00ab\u00a0protection stricte\u00a0\u00bb.<\/p>\n<p>L<strong>ire aussi<\/strong> : <a href=\"https:\/\/www.natura-sciences.com\/decider\/unoc-les-3-enjeux-sommet-de-locean-de-nice.html\" rel=\"nofollow noopener\" target=\"_blank\"><strong>Unoc3 : Les 3 enjeux majeurs du sommet de l\u2019oc\u00e9an de Nice<\/strong><\/a><\/p>\n<p>Confront\u00e9 \u00e0 ces critiques sur France 2 lors d\u2019une \u00e9mission men\u00e9e par les journalistes L\u00e9a Salam\u00e9 et Hugo Cl\u00e9ment, Emmanuel Macron n\u2019a d\u2019ailleurs pas voulu r\u00e9pondre \u00e0 l\u2019id\u00e9e d\u2019interdire le chalut de fond sur toutes les \u00ab\u00a0zones de protection forte\u00a0\u00bb. \u00ab\u00a0Moi j\u2019\u00e9coute les p\u00eacheurs. \/\u2026\/ La France est bonne \u00e9l\u00e8ve car elle a beaucoup moins de chalut de fond que les copains\u00a0\u00bb, a-t-il ajout\u00e9, rejetant la faute sur les autres pays de l\u2019Union europ\u00e9enne.<\/p>\n<p><strong>Revenir \u00e0 la notion de \u00ab\u00a0protection stricte\u00a0\u00bb dans les aires marines ?<\/strong><\/p>\n<p>Le Pr\u00e9sident de la R\u00e9publique dit avoir consult\u00e9 des scientifiques pour \u00e9tablir sa strat\u00e9gie de protection des aires maritimes. Quand on pose la question \u00e0 des chercheurs, on entend un tout autre discours. \u00ab\u00a0On a l\u2019impression que les cartes des zones de protection forte du minist\u00e8re sortent un peu de nulle part. Et cela fait des ann\u00e9es qu\u2019on veut une clarification sur ce que veut vraiment dire une zone de protection forte\u00a0\u00bb, explique Charles Loiseau, scientifique du CNRS. Selon lui, l\u2019objectif de 4 % de protection des zones maritimes de France hexagonale est en lui-m\u00eame insuffisant pour prot\u00e9ger efficacement la biodiversit\u00e9.<\/p>\n<p>\u00ab\u00a0La convention de Nagoya sur la diversit\u00e9 biologique pr\u00e9voit une notion de repr\u00e9sentativit\u00e9 des \u00e9cosyst\u00e8mes. C\u2019est-\u00e0-dire prot\u00e9ger de la m\u00eame mani\u00e8re chaque fa\u00e7ade maritime.\u00a0\u00bb Or, pour atteindre l\u2019objectif de 10% de \u00ab\u00a0zone de protection forte\u00a0\u00bb, le gouvernement compte prot\u00e9ger 4 % des aires marines hexagonales, et 15 % des aires marines d\u2019outre-mer. \u00ab\u00a0Si on veut, on peut prot\u00e9ger un million de kilom\u00e8tres carr\u00e9s en Polyn\u00e9sie fran\u00e7aise. On accomplira nos objectifs sur le papier, mais \u00e7a ne r\u00e9soudra pas la question de l\u2019effondrement de la biodiversit\u00e9 dans la Manche, dans la M\u00e9diterran\u00e9e et dans la mer du Nord qui met en danger la p\u00eache artisanale\u00a0\u00bb, d\u00e9taille Charles Loiseau.<\/p>\n<p>En avril 2025, avec un autre chercheur du CNRS, Joachim Claudet, et l\u2019ONG Greenpeace, il publiait une <a href=\"https:\/\/www.greenpeace.fr\/espace-presse\/rapport-greenpeace-france-et-des-chercheurs-du-cnrs-placent-sur-une-carte-10-daires-marines-protegees-de-toute-forme-de-peche\/\" rel=\"nofollow noopener\" target=\"_blank\">proposition de cartographie<\/a> pour prot\u00e9ger de mani\u00e8re coh\u00e9rente 10 % de chaque fa\u00e7ade maritime fran\u00e7aise. En utilisant cette fois-ci la notion de \u00ab\u00a0protection stricte\u00a0\u00bb, qui interdit quasi-totalement les activit\u00e9s sur une aire marine. \u00ab\u00a0Quand on interdit compl\u00e8tement la p\u00eache dans une zone, on permet aux populations de poissons de se renouveler, ce qui garantit la p\u00e9rennit\u00e9 de la p\u00eache sur les zones qui entourent les espaces prot\u00e9g\u00e9s\u00a0\u00bb, d\u00e9taille-t-il.<\/p>\n","protected":false},"excerpt":{"rendered":"Au sommet sur les oc\u00e9ans \u00e0 Nice, Emmanuel Macron a annonc\u00e9 vouloir d\u00e9ployer des \u00ab\u00a0zones de protection forte\u00a0\u00bb&hellip;\n","protected":false},"author":2,"featured_media":168351,"comment_status":"","ping_status":"","sticky":false,"template":"","format":"standard","meta":{"footnotes":""},"categories":[2],"tags":[11,1011,27,12,12687,30170],"class_list":{"0":"post-168350","1":"post","2":"type-post","3":"status-publish","4":"format-standard","5":"has-post-thumbnail","7":"category-actualites","8":"tag-actualites","9":"tag-fr","10":"tag-france","11":"tag-news","12":"tag-oceans","13":"tag-peche-industrielle"},"share_on_mastodon":{"url":"https:\/\/pubeurope.com\/@fr\/114665096764942113","error":""},"_links":{"self":[{"href":"https:\/\/www.europesays.com\/fr\/wp-json\/wp\/v2\/posts\/168350","targetHints":{"allow":["GET"]}}],"collection":[{"href":"https:\/\/www.europesays.com\/fr\/wp-json\/wp\/v2\/posts"}],"about":[{"href":"https:\/\/www.europesays.com\/fr\/wp-json\/wp\/v2\/types\/post"}],"author":[{"embeddable":true,"href":"https:\/\/www.europesays.com\/fr\/wp-json\/wp\/v2\/users\/2"}],"replies":[{"embeddable":true,"href":"https:\/\/www.europesays.com\/fr\/wp-json\/wp\/v2\/comments?post=168350"}],"version-history":[{"count":0,"href":"https:\/\/www.europesays.com\/fr\/wp-json\/wp\/v2\/posts\/168350\/revisions"}],"wp:featuredmedia":[{"embeddable":true,"href":"https:\/\/www.europesays.com\/fr\/wp-json\/wp\/v2\/media\/168351"}],"wp:attachment":[{"href":"https:\/\/www.europesays.com\/fr\/wp-json\/wp\/v2\/media?parent=168350"}],"wp:term":[{"taxonomy":"category","embeddable":true,"href":"https:\/\/www.europesays.com\/fr\/wp-json\/wp\/v2\/categories?post=168350"},{"taxonomy":"post_tag","embeddable":true,"href":"https:\/\/www.europesays.com\/fr\/wp-json\/wp\/v2\/tags?post=168350"}],"curies":[{"name":"wp","href":"https:\/\/api.w.org\/{rel}","templated":true}]}}