{"id":168353,"date":"2025-06-11T14:01:10","date_gmt":"2025-06-11T14:01:10","guid":{"rendered":"https:\/\/www.europesays.com\/fr\/168353\/"},"modified":"2025-06-11T14:01:10","modified_gmt":"2025-06-11T14:01:10","slug":"boules-la-quadrette-du-chambon-feugerolles-championne-de-la-loire","status":"publish","type":"post","link":"https:\/\/www.europesays.com\/fr\/168353\/","title":{"rendered":"Boules. La quadrette du Chambon-Feugerolles championne de la Loire"},"content":{"rendered":"<p>C\u2019est tout au sud du d\u00e9partement que l\u2019Amicale des sapeurs-pompiers du centre de secours de Bourg-Argental organisait samedi 7\u00a0juin le concours d\u00e9partemental de sport boule des sapeurs-pompiers, actifs ou retrait\u00e9s. Quatorze quadrettes \u00e9taient pr\u00e9sentes d\u00e8s 7h30 sur les jeux du Parc pour s\u2019affronter en trois parties, le tirage au sort avait eu lieu le 4\u00a0juin. Le Pilat \u00e9tait bien repr\u00e9sent\u00e9, ainsi que la r\u00e9gion st\u00e9phanoise et la plaine. Seul le Roannais \u00e9tait absent vu la distance.<\/p>\n<p>La quadrette du Chambon-Feugerolles l\u2019emporte de haute lutte et devient championne de la Loire, suivie par Saint-Germain-Laval (2e ) et Saint-Pierre-de-B\u0153uf (3e ). Sury-le-Contal termine 4e et la quadrette Barrallon de Bourg-Argental termine 5e. Neulise rate sa qualification en finissant 6e. Seuls les cinq premiers \u00e9tant qualifi\u00e9s au concours r\u00e9gional qui se d\u00e9roulera le 30\u00a0ao\u00fbt \u00e0 Lamastre (Ard\u00e8che). Un beau concours, une belle organisation et bel accueil des pompiers Bourguisans.<\/p>\n","protected":false},"excerpt":{"rendered":"C\u2019est tout au sud du d\u00e9partement que l\u2019Amicale des sapeurs-pompiers du centre de secours de Bourg-Argental organisait samedi&hellip;\n","protected":false},"author":2,"featured_media":168354,"comment_status":"","ping_status":"","sticky":false,"template":"","format":"standard","meta":{"footnotes":""},"categories":[9653],"tags":[1111,11,2430,6621,12100,12101,7539,1777,674,1011,27,3367,12,25,4001,517],"class_list":{"0":"post-168353","1":"post","2":"type-post","3":"status-publish","4":"format-standard","5":"has-post-thumbnail","7":"category-saint-etienne","8":"tag-actu","9":"tag-actualites","10":"tag-auvergne-rhone-alpes","11":"tag-boules","12":"tag-bourg-argental","13":"tag-bourg-argental-bassin","14":"tag-edition-loire-sud","15":"tag-eu","16":"tag-europe","17":"tag-fr","18":"tag-france","19":"tag-loire","20":"tag-news","21":"tag-republique-francaise","22":"tag-saint-etienne","23":"tag-sport"},"share_on_mastodon":{"url":"https:\/\/pubeurope.com\/@fr\/114665100804153826","error":""},"_links":{"self":[{"href":"https:\/\/www.europesays.com\/fr\/wp-json\/wp\/v2\/posts\/168353","targetHints":{"allow":["GET"]}}],"collection":[{"href":"https:\/\/www.europesays.com\/fr\/wp-json\/wp\/v2\/posts"}],"about":[{"href":"https:\/\/www.europesays.com\/fr\/wp-json\/wp\/v2\/types\/post"}],"author":[{"embeddable":true,"href":"https:\/\/www.europesays.com\/fr\/wp-json\/wp\/v2\/users\/2"}],"replies":[{"embeddable":true,"href":"https:\/\/www.europesays.com\/fr\/wp-json\/wp\/v2\/comments?post=168353"}],"version-history":[{"count":0,"href":"https:\/\/www.europesays.com\/fr\/wp-json\/wp\/v2\/posts\/168353\/revisions"}],"wp:featuredmedia":[{"embeddable":true,"href":"https:\/\/www.europesays.com\/fr\/wp-json\/wp\/v2\/media\/168354"}],"wp:attachment":[{"href":"https:\/\/www.europesays.com\/fr\/wp-json\/wp\/v2\/media?parent=168353"}],"wp:term":[{"taxonomy":"category","embeddable":true,"href":"https:\/\/www.europesays.com\/fr\/wp-json\/wp\/v2\/categories?post=168353"},{"taxonomy":"post_tag","embeddable":true,"href":"https:\/\/www.europesays.com\/fr\/wp-json\/wp\/v2\/tags?post=168353"}],"curies":[{"name":"wp","href":"https:\/\/api.w.org\/{rel}","templated":true}]}}