{"id":168379,"date":"2025-06-11T14:10:09","date_gmt":"2025-06-11T14:10:09","guid":{"rendered":"https:\/\/www.europesays.com\/fr\/168379\/"},"modified":"2025-06-11T14:10:09","modified_gmt":"2025-06-11T14:10:09","slug":"made-in-normandie-rouen-va-distribuer-des-vetements-et-objets-sous-son-logo-au-magasin-le-printemps","status":"publish","type":"post","link":"https:\/\/www.europesays.com\/fr\/168379\/","title":{"rendered":"\u00ab\u00a0Made in Normandie\u00a0\u00bb\u00a0: Rouen va distribuer des v\u00eatements et objets sous son logo au magasin Le Printemps"},"content":{"rendered":"<p class=\"paragraph text_align_left\">T-shirts, sweats, parapluies, casquettes, cabas, tote bags\u2026 Depuis quelques jours, dans le c\u0153ur historique de Rouen, le grand magasin Printemps d\u00e9fend les couleurs de la capitale normande comme jamais. Avec une toute nouvelle gamme de produits d\u00e9riv\u00e9s porteurs d\u2019un logo 100 % rouennais.<\/p>\n<p class=\"paragraph text_align_left\">Un partenariat sign\u00e9 avec Rouen tourisme pour une p\u00e9riode de quatre mois au bout de laquelle de premiers enseignements seront tir\u00e9s. Car au-del\u00e0 de l\u2019aspect commercial, cette op\u00e9ration a aussi pour but de d\u00e9velopper la marque du territoire, \u00e0 l\u2019image de ce que font les voisins du Havre, qui cartonnent avec leur \u00ab LH \u00bb, pour \u00ab Le Havre \u00bb, \u00e0 prononcer comme le LA de Los Angeles.<\/p>\n<p>On portera \u00ab Rouen \u00bb comme on porte \u00ab LH \u00bb pour Le Havre<\/p>\n<p class=\"paragraph text_align_left\">Lanc\u00e9e au d\u00e9but des ann\u00e9es 2010 par un jeune entrepreneur local, la marque LH ne cesse de s\u2019afficher sur une multitude de supports et de produits. \u00ab Quand je vois un t-shirt LH dans les rues de Rouen, j\u2019ai toujours un petit pincement au c\u0153ur \u00bb, reconna\u00eet Delphine Crocq, la directrice de Rouen tourisme, qui ambitionne elle aussi de conqu\u00e9rir le c\u0153ur des visiteurs venus d\u00e9couvrir la cit\u00e9 m\u00e9di\u00e9vale, mais aussi celui de ses habitants sur qui elle compte beaucoup pour devenir des ambassadeurs de cette marque.<\/p>\n<p class=\"paragraph text_align_left\">Pour y parvenir, elle peut compter sur un atout de poids, un logo aux lignes \u00e9pur\u00e9es con\u00e7u par le designer Philippe Apeloig, un orf\u00e8vre en la mati\u00e8re, r\u00e9put\u00e9 internationalement. Cr\u00e9\u00e9 en 2022 autour des cinq lettres qui composent le nom de la ville, il n\u2019avait jusqu\u2019\u00e0 pr\u00e9sent pas \u00e9t\u00e9 exploit\u00e9 \u00e0 sa juste valeur.<\/p>\n<p class=\"paragraph text_align_left\">\u00ab Il peut \u00eatre facilement d\u00e9clinable, assure Delphine Crocq. Et surtout, il raconte l\u2019histoire de la ville \u00e0 travers sa forme, les couleurs choisies qui s\u2019inspirent du territoire, du bleu de la Seine ou du gris de la pierre. \u00bb Une histoire \u00e0 raconter pour celui qui ach\u00e8tera l\u2019un des produits d\u00e9riv\u00e9s de fabrication normande.<\/p>\n<p>Le co\u00fbt de la qualit\u00e9<\/p>\n<p class=\"paragraph text_align_left\">Une exigence qui guide le choix des entreprises normandes s\u00e9lectionn\u00e9es : l\u2019entreprise <a href=\"https:\/\/maisondecale.com\/?srsltid=AfmBOorKoMyTuW1nOSiVyvdg-Ioy3_txgMqFoW0ugZC6s-4sYkM2LKsa\" target=\"_self\" rel=\"noopener\">Maison d\u00e9cal\u00e9e bas\u00e9e \u00e0 Luneray<\/a> (Seine-Maritime) pour les v\u00eatements, <a href=\"https:\/\/www.leparisien.fr\/economie\/business\/elegants-incassables-indemodables-a-cherbourg-les-parapluies-rayonnent-depuis-pres-de-quarante-ans-12-04-2025-LKHW2BK5BRF7HMXLBOLMRW5KZE.php\" target=\"_self\" rel=\"noopener\">les fameux Parapluie de Cherbourg (Manche)<\/a>, la maison <a href=\"https:\/\/www.leparisien.fr\/economie\/face-aux-mastodontes-de-la-fast-fashion-la-marque-saint-james-ne-perd-pas-le-fil-14-07-2024-CBCQE6U4WRDCFAE6HY2Q4U6C2Q.php\" target=\"_self\" rel=\"noopener\">Saint-James<\/a> (pulls, Manche) associ\u00e9e \u00e0 la marque originaire de Rouen <a href=\"https:\/\/grenouillerouge.com\/\" target=\"_self\" rel=\"noopener\">Grenouille rouge <\/a>pour les cabas\u2026<\/p>\n<p class=\"paragraph text_align_left\">Un totem m\u00e9tallique d\u00e9clin\u00e9 en diff\u00e9rentes tailles a m\u00eame \u00e9t\u00e9 con\u00e7u par l\u2019\u00c9cole de production de la M\u00e9tropole havraise. \u00ab On voulait miser sur la qualit\u00e9 plut\u00f4t que sur des produits fabriqu\u00e9s \u00e0 l\u2019autre bout du monde \u00bb, continue la directrice de Rouen tourisme. Avec, \u00e9videmment, le co\u00fbt qui va avec car si le prix du tote bag \u00e0 15 \u20ac ou celui du t-shirt brod\u00e9 \u00e0 29 \u20ac reste abordable, il faut tout de m\u00eame compter 169 \u20ac pour s\u2019abriter de la pluie ou 99 \u20ac pour s\u2019offrir un cabas, \u00e0 la finition particuli\u00e8rement soign\u00e9e, il est vrai. <\/p>\n<p class=\"paragraph text_align_left\">Rouen tourisme a m\u00eame pouss\u00e9 le sens du d\u00e9tail en accrochant \u00e0 chaque produit un petit livret expliquant sa d\u00e9marche en utilisant de la corde fabriqu\u00e9e dans la vall\u00e9e du Cailly, plus pr\u00e9cis\u00e9ment \u00e0 son <a href=\"https:\/\/www.leparisien.fr\/seine-maritime-76\/corderie-vallois-en-seine-maritime-ce-musee-vivant-qui-a-failli-ne-jamais-naitre-fete-ses-30-ans-27-12-2024-3I3YSA3KJFE4FDXE24U2OCVV5A.php\" target=\"_self\" rel=\"noopener\">mus\u00e9e industriel de la corderie Vallois.<\/a> Reste \u00e0 savoir si tous ces efforts seront r\u00e9compens\u00e9s sur le long terme. Seule l\u2019adh\u00e9sion du grand public pourra transformer l\u2019essai. Ce qui ne se d\u00e9cr\u00e8te pas. Qui se souvient du \u00ab Enjoy Rouen Normandie \u00bb et de sa pomme multicolore lanc\u00e9e au milieu des ann\u00e9es 2010 par la m\u00e9tropole rouennaise ? Pas grand monde\u2026<\/p>\n","protected":false},"excerpt":{"rendered":"T-shirts, sweats, parapluies, casquettes, cabas, tote bags\u2026 Depuis quelques jours, dans le c\u0153ur historique de Rouen, le grand&hellip;\n","protected":false},"author":2,"featured_media":168380,"comment_status":"","ping_status":"","sticky":false,"template":"","format":"standard","meta":{"footnotes":""},"categories":[9587],"tags":[1111,917,11,459,1777,674,1011,27,12,5161,25,9590,11074],"class_list":{"0":"post-168379","1":"post","2":"type-post","3":"status-publish","4":"format-standard","5":"has-post-thumbnail","7":"category-rouen","8":"tag-actu","9":"tag-actu-locale","10":"tag-actualites","11":"tag-departements-horsidfo","12":"tag-eu","13":"tag-europe","14":"tag-fr","15":"tag-france","16":"tag-news","17":"tag-normandie","18":"tag-republique-francaise","19":"tag-rouen","20":"tag-seine-maritime-76"},"share_on_mastodon":{"url":"https:\/\/pubeurope.com\/@fr\/114665136085326689","error":""},"_links":{"self":[{"href":"https:\/\/www.europesays.com\/fr\/wp-json\/wp\/v2\/posts\/168379","targetHints":{"allow":["GET"]}}],"collection":[{"href":"https:\/\/www.europesays.com\/fr\/wp-json\/wp\/v2\/posts"}],"about":[{"href":"https:\/\/www.europesays.com\/fr\/wp-json\/wp\/v2\/types\/post"}],"author":[{"embeddable":true,"href":"https:\/\/www.europesays.com\/fr\/wp-json\/wp\/v2\/users\/2"}],"replies":[{"embeddable":true,"href":"https:\/\/www.europesays.com\/fr\/wp-json\/wp\/v2\/comments?post=168379"}],"version-history":[{"count":0,"href":"https:\/\/www.europesays.com\/fr\/wp-json\/wp\/v2\/posts\/168379\/revisions"}],"wp:featuredmedia":[{"embeddable":true,"href":"https:\/\/www.europesays.com\/fr\/wp-json\/wp\/v2\/media\/168380"}],"wp:attachment":[{"href":"https:\/\/www.europesays.com\/fr\/wp-json\/wp\/v2\/media?parent=168379"}],"wp:term":[{"taxonomy":"category","embeddable":true,"href":"https:\/\/www.europesays.com\/fr\/wp-json\/wp\/v2\/categories?post=168379"},{"taxonomy":"post_tag","embeddable":true,"href":"https:\/\/www.europesays.com\/fr\/wp-json\/wp\/v2\/tags?post=168379"}],"curies":[{"name":"wp","href":"https:\/\/api.w.org\/{rel}","templated":true}]}}