{"id":168381,"date":"2025-06-11T14:11:09","date_gmt":"2025-06-11T14:11:09","guid":{"rendered":"https:\/\/www.europesays.com\/fr\/168381\/"},"modified":"2025-06-11T14:11:09","modified_gmt":"2025-06-11T14:11:09","slug":"deux-individus-agressent-un-quinquagenaire-un-cutter-brandi-pour-derober-sa-sacoche-lacoste","status":"publish","type":"post","link":"https:\/\/www.europesays.com\/fr\/168381\/","title":{"rendered":"deux individus agressent un quinquag\u00e9naire, un cutter brandi pour d\u00e9rober sa sacoche Lacoste"},"content":{"rendered":"<p>\t\t\t\t\t\t\t\t\t\t\t<img loading=\"lazy\" decoding=\"async\" width=\"1110\" title=\"Pr\u00e8s de Grenoble : deux individus agressent un quinquag\u00e9naire, un cutter brandi pour d\u00e9rober sa sacoche Lacoste\" class=\"img-fluid not_lzld mb-3\" src=\"https:\/\/grandgrenoble.alpes1.com\/media\/news\/thumb\/1110x624_pres-de-grenoble-deux-individus-agressent-un-quinquagenaire-un-cutter-brandi-pour-derober-sa-sacoche-lacoste_6849847edb197.webp\" alt=\"Pr\u00e8s de Grenoble : deux individus agressent un quinquag\u00e9naire, un cutter brandi pour d\u00e9rober sa sacoche Lacoste\" itemprop=\"image\" height=\"624\"\/>\t\t\t\t\t\t\t\t\t\t\t\t<\/p>\n<p>Pr\u00e8s de Grenoble : deux individus agressent un quinquag\u00e9naire, un cutter brandi pour d\u00e9rober sa sacoche Lacoste &#8211; DR<\/p>\n<p itemprop=\"description\"><strong>Un quinquag\u00e9naire a subi une violente agression rue d\u2019Estienne d\u2019Orves, \u00e0 \u00c9chirolles.<\/strong><\/p>\n<p>Ce mardi 10 juin, aux alentours de 17h, deux individus encagoul\u00e9s s\u2019en sont pris physiquement \u00e0 un homme \u00e2g\u00e9 de 55 ans. Lors de l\u2019arriv\u00e9e des forces de l\u2019ordre, la victime a expliqu\u00e9 avoir \u00e9t\u00e9 menac\u00e9e par un cutter, puis emmen\u00e9e au sol.<\/p>\n<p>Une fois \u00e0 terre, les deux agresseurs l\u2019ont rou\u00e9 de coups et profit\u00e9 pour d\u00e9rober sa sacoche Lacoste contenant pr\u00e8s de 500 euros en esp\u00e8ces.<\/p>\n<p>Le quinquag\u00e9naire a donc \u00e9t\u00e9 l\u00e9g\u00e8rement bless\u00e9. Les sapeurs-pompiers lui ont prodigu\u00e9 des soins sur place et il a pu repartir chez lui. Pour le moment, les auteurs de l\u2019agression sont toujours en cavale.<\/p>\n","protected":false},"excerpt":{"rendered":"Pr\u00e8s de Grenoble : deux individus agressent un quinquag\u00e9naire, un cutter brandi pour d\u00e9rober sa sacoche Lacoste &#8211;&hellip;\n","protected":false},"author":2,"featured_media":168382,"comment_status":"","ping_status":"","sticky":false,"template":"","format":"standard","meta":{"footnotes":""},"categories":[9566],"tags":[1111,11,7733,8279,2430,7736,650,7734,2889,2263,1777,674,1011,27,2731,8280,6417,1114,108,4662,12,3725,1825,25,7737],"class_list":{"0":"post-168381","1":"post","2":"type-post","3":"status-publish","4":"format-standard","5":"has-post-thumbnail","7":"category-grenoble","8":"tag-actu","9":"tag-actualites","10":"tag-alpes","11":"tag-alpes1","12":"tag-auvergne-rhone-alpes","13":"tag-cds","14":"tag-cinema","15":"tag-ecoute","16":"tag-emission","17":"tag-equipe","18":"tag-eu","19":"tag-europe","20":"tag-fr","21":"tag-france","22":"tag-grenoble","23":"tag-haute","24":"tag-information","25":"tag-infos","26":"tag-isere","27":"tag-journal","28":"tag-news","29":"tag-podcast","30":"tag-radio","31":"tag-republique-francaise","32":"tag-winamp"},"share_on_mastodon":{"url":"https:\/\/pubeurope.com\/@fr\/114665140080463338","error":""},"_links":{"self":[{"href":"https:\/\/www.europesays.com\/fr\/wp-json\/wp\/v2\/posts\/168381","targetHints":{"allow":["GET"]}}],"collection":[{"href":"https:\/\/www.europesays.com\/fr\/wp-json\/wp\/v2\/posts"}],"about":[{"href":"https:\/\/www.europesays.com\/fr\/wp-json\/wp\/v2\/types\/post"}],"author":[{"embeddable":true,"href":"https:\/\/www.europesays.com\/fr\/wp-json\/wp\/v2\/users\/2"}],"replies":[{"embeddable":true,"href":"https:\/\/www.europesays.com\/fr\/wp-json\/wp\/v2\/comments?post=168381"}],"version-history":[{"count":0,"href":"https:\/\/www.europesays.com\/fr\/wp-json\/wp\/v2\/posts\/168381\/revisions"}],"wp:featuredmedia":[{"embeddable":true,"href":"https:\/\/www.europesays.com\/fr\/wp-json\/wp\/v2\/media\/168382"}],"wp:attachment":[{"href":"https:\/\/www.europesays.com\/fr\/wp-json\/wp\/v2\/media?parent=168381"}],"wp:term":[{"taxonomy":"category","embeddable":true,"href":"https:\/\/www.europesays.com\/fr\/wp-json\/wp\/v2\/categories?post=168381"},{"taxonomy":"post_tag","embeddable":true,"href":"https:\/\/www.europesays.com\/fr\/wp-json\/wp\/v2\/tags?post=168381"}],"curies":[{"name":"wp","href":"https:\/\/api.w.org\/{rel}","templated":true}]}}