{"id":168383,"date":"2025-06-11T14:12:14","date_gmt":"2025-06-11T14:12:14","guid":{"rendered":"https:\/\/www.europesays.com\/fr\/168383\/"},"modified":"2025-06-11T14:12:14","modified_gmt":"2025-06-11T14:12:14","slug":"grenoble-lecole-de-management-reputee-dans-la-tourmente-des-accusations-infondees","status":"publish","type":"post","link":"https:\/\/www.europesays.com\/fr\/168383\/","title":{"rendered":"Grenoble. L&rsquo;\u00e9cole de management r\u00e9put\u00e9e dans la tourmente : \u00ab\u00a0Des accusations infond\u00e9es\u00a0\u00bb"},"content":{"rendered":"<p>            Par<br \/>\n        <strong><br \/>\n            <a href=\"https:\/\/actu.fr\/auteur\/lisa-rodrigues\" title=\"Consulter tous les articles de Lisa Rodrigues\" target=\"_blank\" rel=\"noopener\">Lisa Rodrigues<\/a><br \/>\n        <\/strong><\/p>\n<p>        Publi\u00e9 le<\/p>\n<p>            11 juin 2025 \u00e0 15h30        <\/p>\n<p>Les premiers r\u00e9sultats d\u2019admission pour l\u2019ann\u00e9e scolaire 2025-2026 commencent \u00e0 tomber pour GEM (Grenoble \u00e9cole de management), l\u2019un des grands \u00e9tablissements d\u2019enseignement sup\u00e9rieur de <a href=\"https:\/\/actu.fr\/auvergne-rhone-alpes\/grenoble_38185\" target=\"_blank\" rel=\"noopener\">Grenoble<\/a>. De quoi penser que l\u2019\u00e9cole attire toujours autant, quand bien m\u00eame l\u2019atmosph\u00e8re serait pour le moins tendue chez les salari\u00e9s, comme le relate <a href=\"https:\/\/c.ledauphine.com\/economie\/2025\/06\/10\/grenoble-harcelement-racisme-problemes-financiers-gem-est-au-bord-de-l-implosion\" target=\"_blank\" rel=\"noopener\">Le Dauphin\u00e9 Lib\u00e9r\u00e9<\/a> dans un article publi\u00e9 mardi 10 juin.<br \/>Nos confr\u00e8res font mention d\u2019un <strong>\u00ab\u00a0courrier anonyme\u00a0\u00bb<\/strong> qui aurait circul\u00e9 dans l\u2019\u00e9tablissement et que le journal s\u2019est procur\u00e9, soulignant une \u00ab\u00a0<strong>confiance rompue avec la direction<\/strong>\u00a0\u00bb et une \u00e9cole qui serait \u00ab\u00a0au bord de l\u2019implosion\u00a0\u00bb. La direction d\u00e9ment fermement aupr\u00e8s d\u2019actu Grenoble.<\/p>\n<p>Des \u00ab\u00a0surcharges de travail\u00a0\u00bb d\u00e9nonc\u00e9es par les syndicats<\/p>\n<p class=\" wall-content\">Le Dauphin\u00e9 \u00e9voque une \u00ab\u00a0vague de d\u00e9parts sup\u00e9rieure \u00e0 la moyenne\u00a0\u00bb et un \u00ab\u00a0<strong>mal-\u00eatre au travail<\/strong>\u00a0\u00bb parmi les salari\u00e9s de l\u2019\u00e9cole.<\/p>\n<p class=\" wall-content\">La CFDT a lanc\u00e9 une alerte en ce sens dans <a href=\"https:\/\/cfdt-cci.com\/wp-content\/uploads\/2024\/10\/Situation-Sociale-Grenoble-Ecole-de-management-septembre-2024.pdf\" target=\"_blank\" rel=\"noopener\">une lettre ouverte<\/a> datant de septembre 2024, apr\u00e8s une premi\u00e8re interpellation quelques semaines plus t\u00f4t. Le syndicat d\u00e9non\u00e7ait des \u00ab\u00a0surcharges de travail et autres d\u00e9t\u00e9riorations des conditions de travail\u00a0\u00bb, \u00e0 la suite d\u2019une r\u00e9forme interne sur la r\u00e9organisation des \u00e9quipes et de leur temps de travail.<\/p>\n<p class=\" wall-content\">Sur ce point pr\u00e9cis, la direction de GEM \u2013 qui n\u2019a pas r\u00e9pondu aux sollicitations de nos confr\u00e8res \u2013 souligne aupr\u00e8s d\u2019actu Grenoble que les conditions de travail ont \u00e9t\u00e9 \u00ab\u00a0am\u00e9lior\u00e9es\u00a0\u00bb avec la formation de managers et \u00ab\u00a0des \u00e9quipes ajust\u00e9es\u00a0\u00bb, permettant \u00ab\u00a0un <strong>climat de travail stabilis\u00e9<\/strong>, un taux de turnover tr\u00e8s bas\u00a0\u00bb.<\/p>\n<p>Des d\u00e9rapages r\u00e9cents de certains \u00e9tudiants<\/p>\n<p class=\" wall-content\">En toile de fond, il y a aussi plusieurs affaires r\u00e9centes qui ont fait parler de l\u2019\u00e9cole \u2013 et pas dans le bon sens du terme -, \u00e9cornant son image de marque.<\/p>\n<p class=\" wall-content\">Il s\u2019agit, notamment, des <strong>vid\u00e9os pol\u00e9miques<\/strong> publi\u00e9es sur les r\u00e9seaux sociaux en 2024. Des \u00e9tudiants de l\u2019\u00e9cole ont \u00e9t\u00e9 film\u00e9s en train de faire une black-face (le fait de se peindre le visage en noir, une pratique consid\u00e9r\u00e9e comme raciste), brandissant un paquet de saucisses avec une pri\u00e8re musulmane en fond sonore ou r\u00e9alisant d\u2019autres <strong>actes \u00e0 caract\u00e8re raciste<\/strong>.\u00a0<\/p>\n<p class=\" wall-content\">D\u00e9non\u00e7ant des \u00ab vid\u00e9os honteuses, irrespectueuses et intol\u00e9rables \u00bb, GEM a <a href=\"https:\/\/actu.fr\/auvergne-rhone-alpes\/grenoble_38185\/grenoble-des-etudiants-publient-des-videos-racistes-ils-sont-expulses-de-leur-ecole_62082891.html\" target=\"_blank\" rel=\"noopener\">exclu en janvier dernier<\/a> plusieurs \u00e9tudiants impliqu\u00e9s, sans pr\u00e9ciser le nombre de jeunes concern\u00e9s ni la dur\u00e9e de leur exclusion.<\/p>\n<p>La directrice de l\u2019\u00e9cole attaqu\u00e9e<\/p>\n<p class=\" wall-content\">Le journal rapporte \u00e9galement\u00a0des accusations visant sp\u00e9cifiquement <strong>Fouziya Bouzerda<\/strong>, la directrice de l\u2019\u00e9tablissement, et \u00e9lue \u00e0 <a href=\"https:\/\/actu.fr\/auvergne-rhone-alpes\/lyon_69123\" target=\"_blank\" rel=\"noopener\">Lyon<\/a>, arriv\u00e9e en 2022 \u00e0 GEM. Elle est accus\u00e9e d\u2019avoir utilis\u00e9 des fonds de l\u2019\u00e9cole pour son b\u00e9n\u00e9fice personnel (achat de voiture), alors que la situation financi\u00e8re de l\u2019\u00e9tablissement n\u2019est pas au beau fixe.\u00a0<\/p>\n<p class=\" wall-content\">Des \u00ab\u00a0attaques personnelles et insinuations\u00a0\u00bb que la direction de GEM nie cat\u00e9goriquement. \u00ab\u00a0Les accusations infond\u00e9es autour du train de vie sont non seulement injustes, mais rel\u00e8vent d\u2019une <strong>volont\u00e9 manifeste de nuire<\/strong>.\u00a0\u00bb<\/p>\n<p class=\" wall-content\">Quant \u00e0 la sant\u00e9 financi\u00e8re de GEM, si la direction reconna\u00eet \u00ab\u00a0plusieurs exercices d\u00e9ficitaires\u00a0\u00bb, elle souligne \u00ab\u00a0un retour \u00e0 l\u2019\u00e9quilibre pr\u00e9vu au 30 juin 2025\u00a0\u00bb, apr\u00e8s un \u00ab\u00a0pilotage budg\u00e9taire rigoureux\u00a0\u00bb, dont \u00ab\u00a0plus d\u2019un million d\u2019euros d\u2019\u00e9conomies r\u00e9alis\u00e9es sur la masse salariale et les d\u00e9penses li\u00e9es \u00e0 la direction\u00a0\u00bb.\u00a0<\/p>\n<p>Une plainte pour diffamation<\/p>\n<p class=\" wall-content\">\u00ab\u00a0L\u2019article [de nos confr\u00e8res, NDLR] s\u2019appuie sur un courrier anonyme, <strong>\u00e9manant de personnes vraisemblablement ext\u00e9rieures<\/strong> \u00e0 l\u2019\u00e9cole, continue la direction de l\u2019\u00e9tablissement. Il ne refl\u00e8te en rien la r\u00e9alit\u00e9 du travail accompli ces trois derni\u00e8res ann\u00e9es par la communaut\u00e9 de GEM pour redresser, assainir et transformer l\u2019\u00e9cole.\u00a0\u00bb<\/p>\n<p class=\" wall-content\">Ce fameux courrier anonyme alimenterait \u00ab\u00a0une campagne de d\u00e9sinformation\u00a0\u00bb envers l\u2019\u00e9cole : une plainte a ainsi \u00e9t\u00e9 d\u00e9pos\u00e9e par GEM pour diffamation.<\/p>\n<p class=\" wall-content\">Suivez toute l\u2019actualit\u00e9 de vos villes et m\u00e9dias favoris en vous inscrivant \u00e0 <a href=\"https:\/\/moncompte.actu.fr\" title=\"D\u00e9couvez Mon Actu\" rel=\"nofollow noopener\" data-trk=\"{&quot;cta&quot;:{&quot;action&quot;:&quot;https:\\\/\\\/moncompte.actu.fr&quot;,&quot;category&quot;:&quot;mon compte&quot;,&quot;from&quot;:&quot;article footer&quot;,&quot;name&quot;:&quot;Mon actu&quot;,&quot;type&quot;:&quot;cta&quot;}}\" target=\"_blank\">Mon Actu<\/a>.<\/p>\n","protected":false},"excerpt":{"rendered":"Par Lisa Rodrigues Publi\u00e9 le 11 juin 2025 \u00e0 15h30 Les premiers r\u00e9sultats d\u2019admission pour l\u2019ann\u00e9e scolaire 2025-2026&hellip;\n","protected":false},"author":2,"featured_media":168384,"comment_status":"","ping_status":"","sticky":false,"template":"","format":"standard","meta":{"footnotes":""},"categories":[9566],"tags":[1111,11,2430,4019,1057,1777,674,1011,27,2731,12,25,104],"class_list":{"0":"post-168383","1":"post","2":"type-post","3":"status-publish","4":"format-standard","5":"has-post-thumbnail","7":"category-grenoble","8":"tag-actu","9":"tag-actualites","10":"tag-auvergne-rhone-alpes","11":"tag-ecoles","12":"tag-education","13":"tag-eu","14":"tag-europe","15":"tag-fr","16":"tag-france","17":"tag-grenoble","18":"tag-news","19":"tag-republique-francaise","20":"tag-societe"},"share_on_mastodon":{"url":"https:\/\/pubeurope.com\/@fr\/114665144006356437","error":""},"_links":{"self":[{"href":"https:\/\/www.europesays.com\/fr\/wp-json\/wp\/v2\/posts\/168383","targetHints":{"allow":["GET"]}}],"collection":[{"href":"https:\/\/www.europesays.com\/fr\/wp-json\/wp\/v2\/posts"}],"about":[{"href":"https:\/\/www.europesays.com\/fr\/wp-json\/wp\/v2\/types\/post"}],"author":[{"embeddable":true,"href":"https:\/\/www.europesays.com\/fr\/wp-json\/wp\/v2\/users\/2"}],"replies":[{"embeddable":true,"href":"https:\/\/www.europesays.com\/fr\/wp-json\/wp\/v2\/comments?post=168383"}],"version-history":[{"count":0,"href":"https:\/\/www.europesays.com\/fr\/wp-json\/wp\/v2\/posts\/168383\/revisions"}],"wp:featuredmedia":[{"embeddable":true,"href":"https:\/\/www.europesays.com\/fr\/wp-json\/wp\/v2\/media\/168384"}],"wp:attachment":[{"href":"https:\/\/www.europesays.com\/fr\/wp-json\/wp\/v2\/media?parent=168383"}],"wp:term":[{"taxonomy":"category","embeddable":true,"href":"https:\/\/www.europesays.com\/fr\/wp-json\/wp\/v2\/categories?post=168383"},{"taxonomy":"post_tag","embeddable":true,"href":"https:\/\/www.europesays.com\/fr\/wp-json\/wp\/v2\/tags?post=168383"}],"curies":[{"name":"wp","href":"https:\/\/api.w.org\/{rel}","templated":true}]}}