{"id":168387,"date":"2025-06-11T14:14:14","date_gmt":"2025-06-11T14:14:14","guid":{"rendered":"https:\/\/www.europesays.com\/fr\/168387\/"},"modified":"2025-06-11T14:14:14","modified_gmt":"2025-06-11T14:14:14","slug":"a-villejean-profs-et-parents-manifestent-contre-la-fermeture-de-leur-etablissement","status":"publish","type":"post","link":"https:\/\/www.europesays.com\/fr\/168387\/","title":{"rendered":"\u00e0 Villejean, profs et parents manifestent contre la fermeture de leur \u00e9tablissement"},"content":{"rendered":"<p>            Par<br \/>\n        <strong><br \/>\n            <a href=\"https:\/\/actu.fr\/auteur\/laurene-fertin\" title=\"Consulter tous les articles de Laur\u00e8ne Fertin\" rel=\"nofollow noopener\" target=\"_blank\">Laur\u00e8ne Fertin<\/a><br \/>\n        <\/strong><\/p>\n<p>        Publi\u00e9 le<\/p>\n<p>            11 juin 2025 \u00e0 15h11        <\/p>\n<p>\u00ab\u2009Il est grand temps que les autorit\u00e9s prennent la mesure de la politique d\u00e9sastreuse qu\u2019elles ont fait subir \u00e0 ce quartier.\u2009\u00bb Le personnel \u00e9ducatif et parents d\u2019\u00e9l\u00e8ves scolaris\u00e9s au <strong>coll\u00e8ge Rosa-Parks<\/strong>, situ\u00e9 dans le <strong>quartier Villejean, <\/strong>au nord-ouest de Rennes, sont vent debout contre la fermeture de l\u2019\u00e9tablissement scolaire programm\u00e9e pour la rentr\u00e9e <strong>2029-2030.<\/strong><\/p>\n<p class=\" wall-content\">Si une soixantaine de personnes est <strong>d\u00e9j\u00e0 dans les rues<\/strong>, ce mercredi 11\u00a0juin 2025 d\u00e8s 13h30, alors que le coll\u00e8ge ne fermera ses portes \u00ab\u2009que\u2009\u00bb dans quatre ans, c\u2019est en r\u00e9alit\u00e9 parce que sa <strong>\u00ab\u2009destruction m\u00e9thodique\u2009\u00bb a d\u00e9j\u00e0 commenc\u00e9<\/strong> \u00ab\u2009il y a une vingtaine d\u2019ann\u00e9es\u2009\u00bb, souligne l\u2019intersyndicale \u00e9ducation 35 compos\u00e9e de la CGT, FO, F.S.U, Sud et le syndicat enseignant (SE) UNSA.<\/p>\n<p>Plusieurs \u00e9tapes<\/p>\n<p class=\" wall-content\">\u00c0 l\u2019origine du coll\u00e8ge Rosa-Parks se trouvaient <strong>deux \u00e9tablissements distincts<\/strong>\u2009: <strong>le coll\u00e8ge Malifeu<\/strong> et <strong>le coll\u00e8ge Montbarrot<\/strong>. En <strong>2008,<\/strong> comme l\u2019explique l\u2019intersyndicale, le Conseil d\u00e9partemental a d\u00e9cid\u00e9 de r\u00e9unir les \u00e9tablissements en une seule entit\u00e9 sur deux sites distincts\u2009: ce sera <strong>le coll\u00e8ge Rosa-Parks<\/strong>, qui prendra ce nom, en <strong>2012.<\/strong><\/p>\n<p class=\" wall-content\">Puis, en <strong>2019<\/strong>, le coll\u00e8ge Malifeu ferme et les \u00e9l\u00e8ves sont rapatri\u00e9s sur un m\u00eame b\u00e2timent (l\u2019ancien coll\u00e8ge Montbarrot). \u00ab\u2009Cette op\u00e9ration permet au d\u00e9partement d\u2019\u00e9conomiser quelques postes d\u2019agents et la gestion d\u2019un service de restauration, tandis que sur le terrain, le personnel doit g\u00e9rer cette \u00ab\u2009r\u00e9unification\u2009\u00bb d\u00e9licate des deux populations de coll\u00e9giens\u2009\u00bb, appuie l\u2019intersyndicale.<\/p>\n<p class=\" wall-content\">Puis, <strong>la carte scolaire est ouverte<\/strong>\u2009: les enfants du quartier Villejean peuvent se tourner soit vers Rosa-Parks, soit vers deux coll\u00e8ges du centre-ville, \u00e0 savoir \u00c9mile-Zola et Anne-de-Bretagne.<\/p>\n<p>Vid\u00e9os : en ce moment sur Actu<\/p>\n<blockquote class=\"ac-article-quote wall-content\">\n<p>Une formule et des d\u00e9cisions qui ont eu comme cons\u00e9quence de r\u00e9duire la mixit\u00e9 au sein du coll\u00e8ge (&#8230;) dont les difficult\u00e9s n&rsquo;ont cess\u00e9 de grandir.<\/p>\n<p>    <strong>Intersyndicale<\/strong>\n            <\/p><\/blockquote>\n<p class=\" wall-content\">\n<p>\u00ab\u2009Le nombre d\u2019\u00e9l\u00e8ves volontairement r\u00e9duit\u2009\u00bb<\/p>\n<p class=\" wall-content\">Mais d\u00e8s la rentr\u00e9e prochaine (2025-2026), <strong>une nouvelle carte scolaire<\/strong> a \u00e9t\u00e9 \u00e9tablie\u2009: <strong>l\u2019\u00e9cole \u00e9l\u00e9mentaire Guyenne<\/strong>, situ\u00e9e non loin de Rosa-Parks dans le quartier Villejean, sera d\u00e9sormais sectoris\u00e9e dans la commune de <strong>Pac\u00e9.<\/strong><\/p>\n<p class=\" wall-content\">\u00ab\u2009Concr\u00e8tement, cela veut dire que les enfants <strong>partiront au coll\u00e8ge Fran\u00e7oise-Dolto<\/strong> \u00e0 <a href=\"https:\/\/actu.fr\/bretagne\/pace_35210\" rel=\"nofollow noopener\" target=\"_blank\">Pac\u00e9<\/a> au lieu de venir \u00e0 Rosa-Parks\u2009\u00bb, r\u00e9sume Michel, professeur coordinateur Ulis, qui enseigne aux enfants en situation de handicap. \u00ab\u2009Cela enl\u00e8ve un apport consid\u00e9rable d\u2019\u00e9l\u00e8ves dans notre coll\u00e8ge.\u2009\u00bb<\/p>\n<p class=\" wall-content\">D\u2019autant plus qu\u2019une partie des familles, inqui\u00e8te de voir leurs enfants scolaris\u00e9s ailleurs qu\u2019\u00e0 Rosa-Park, a demand\u00e9 <strong>des d\u00e9rogations<\/strong> qui ne sont \u00ab\u2009pas s\u00fbres d\u2019\u00eatre valid\u00e9es\u2009\u00bb \u2013 \u00ab\u2009ou alors, embraye Michel,\u2009elles ont cherch\u00e9 d\u2019autres solutions de scolarisation, dans le public ou le priv\u00e9 et l\u00e0 encore, on va perdre des \u00e9l\u00e8ves\u2009\u00bb.<\/p>\n<p>    <img   decoding=\"async\" loading=\"lazy\" src=\"https:\/\/www.europesays.com\/fr\/wp-content\/uploads\/2025\/06\/manifestation-rosa-parks-college-villejean-rennes-3-960x640.jpg\" alt=\"xxx\" width=\"960\" height=\"640\"\/><br \/>\n    \u00ab\u2009RIP Rosa Parks\u2009\u00bb peut-on lire sur un cercueil fabriqu\u00e9 par les manifestants(es). (\u00a9Laur\u00e8ne Fertin \u2013 actu Rennes)<\/p>\n<p class=\" wall-content\">Ainsi, selon les syndicats, Rosa-Parks va perdre <strong>une division de 6e<\/strong> d\u00e8s la rentr\u00e9e 2025-2026 et \u00ab\u2009n\u2019accueillera plus les jeunes arrivant en cours d\u2019ann\u00e9e sur le secteur Guyenne\u2009\u00bb.<\/p>\n<p>\u00ab\u2009Un rapport de force\u2009\u00bb<\/p>\n<p class=\" wall-content\">\u00ab\u2009Nous le savons, ces quatre prochaines ann\u00e9es verront <strong>les effectifs du coll\u00e8ge baisser<\/strong> inexorablement\u2009\u00bb, regrettent les manifestants(es).<\/p>\n<p class=\" wall-content\">Lors de cette ann\u00e9e scolaire 2024-2025, le coll\u00e8ge compte actuellement<strong> \u00ab\u2009environ 460\u00a0\u00e9l\u00e8ves\u2009\u00bb<\/strong> dont <strong>21 classes<\/strong> et quatre classes de Segpa (Section d\u2019enseignement g\u00e9n\u00e9ral et professionnel adapt\u00e9).<\/p>\n<p class=\" wall-content\">Pierre, <strong>grand-p\u00e8re<\/strong> d\u2019un \u00e9l\u00e8ve scolaris\u00e9 en 4e, <strong>ne compte pas l\u00e2cher l\u2019affaire<\/strong>\u2009: \u00ab\u2009Ils essaient de mettre les parents devant le fait accompli, en disant, d\u2019une certaine mani\u00e8re\u2009: \u2018vous voyez bien \u00e0 Rosa-Parks, il n\u2019y a plus grand monde\u2019, sous-entendu, le coll\u00e8ge doit fermer. Nous ne sommes pas d\u2019accord et nous allons contribuer \u00e0 <strong>un rapport de force<\/strong>. C\u2019est seul le coll\u00e8ge qu\u2019il reste \u00e0 Villejean.\u2009\u00bb<\/p>\n<p>    <img   decoding=\"async\" loading=\"lazy\" src=\"https:\/\/www.europesays.com\/fr\/wp-content\/uploads\/2025\/06\/manifestation-rosa-parks-college-villejean-rennes-2-960x640.jpg\" alt=\"xxx\" width=\"960\" height=\"640\"\/><br \/>\n    Le coll\u00e8ge Rosa-Parks compte environ 460 \u00e9l\u00e8ves cette ann\u00e9e. (\u00a9Laur\u00e8ne Fertin \u2013 actu Rennes)\u00ab\u2009La destruction du service public\u2009\u00bb<\/p>\n<p class=\" wall-content\">De leur c\u00f4t\u00e9, les enseignants regrettent<strong> qu\u2019une \u00ab\u2009transition propre\u2009\u00bb<\/strong> et <strong>une \u00ab\u2009stabilit\u00e9\u2009\u00bb<\/strong> n\u2019aient pas \u00e9t\u00e9 trouv\u00e9es jusqu\u2019\u00e0 la fermeture act\u00e9e du coll\u00e8ge, en 2029-2030.<\/p>\n<p class=\" wall-content\">\u00ab\u2009On manque de moyens, d\u00e9plore Michel.\u2009Nous savons que l\u2019id\u00e9e est de mettre tous les \u00e9l\u00e8ves dans<strong> le nouveau coll\u00e8ge Beauregard, <\/strong>mais en attendant, ici, nous continuons d\u2019enseigner.\u2009\u00bb<\/p>\n<p class=\" wall-content\">Le d\u00e9partement a en effet annonc\u00e9,<a href=\"https:\/\/actu.fr\/bretagne\/rennes_35238\/rennes-un-nouveau-college-va-ouvrir-dans-le-quartier-beauregard_60332857.html\" rel=\"nofollow noopener\" target=\"_blank\"> en novembre\u00a02023, la construction de ce coll\u00e8ge au nord-ouest de la ville qui pourra in fine accueillir <strong>entre 600 et 700\u00a0\u00e9l\u00e8ves<\/strong><\/a><strong>.<\/strong> \u00c0 ce moment, le d\u00e9partement justifiait la fermeture de Rosa Parks par son <strong>\u00ab\u2009implantation enclav\u00e9e\u2009\u00bb,<\/strong> sa <strong>\u00ab\u2009perte d\u2019attractivit\u00e9 et d\u2019effectifs\u2009\u00bb,<\/strong> mais aussi des <strong>\u00ab\u2009contraintes techniques\u2009\u00bb<\/strong> emp\u00eachant de \u00ab\u2009mener \u00e0 bien sa r\u00e9novation\u2009\u00bb.<\/p>\n<p class=\" wall-content\">Suivez toute l\u2019actualit\u00e9 de vos villes et m\u00e9dias favoris en vous inscrivant \u00e0 <a href=\"https:\/\/moncompte.actu.fr\" title=\"D\u00e9couvez Mon Actu\" rel=\"nofollow noopener\" data-trk=\"{&quot;cta&quot;:{&quot;action&quot;:&quot;https:\\\/\\\/moncompte.actu.fr&quot;,&quot;category&quot;:&quot;mon compte&quot;,&quot;from&quot;:&quot;article footer&quot;,&quot;name&quot;:&quot;Mon actu&quot;,&quot;type&quot;:&quot;cta&quot;}}\" target=\"_blank\">Mon Actu<\/a>.<\/p>\n","protected":false},"excerpt":{"rendered":"Par Laur\u00e8ne Fertin Publi\u00e9 le 11 juin 2025 \u00e0 15h11 \u00ab\u2009Il est grand temps que les autorit\u00e9s prennent&hellip;\n","protected":false},"author":2,"featured_media":168388,"comment_status":"","ping_status":"","sticky":false,"template":"","format":"standard","meta":{"footnotes":""},"categories":[2821],"tags":[1111,11,829,1719,1777,674,1011,27,1272,12,584,25,104,5375],"class_list":{"0":"post-168387","1":"post","2":"type-post","3":"status-publish","4":"format-standard","5":"has-post-thumbnail","7":"category-rennes","8":"tag-actu","9":"tag-actualites","10":"tag-bretagne","11":"tag-enfants","12":"tag-eu","13":"tag-europe","14":"tag-fr","15":"tag-france","16":"tag-manifestations","17":"tag-news","18":"tag-rennes","19":"tag-republique-francaise","20":"tag-societe","21":"tag-villejean"},"share_on_mastodon":{"url":"https:\/\/pubeurope.com\/@fr\/114665151965535015","error":""},"_links":{"self":[{"href":"https:\/\/www.europesays.com\/fr\/wp-json\/wp\/v2\/posts\/168387","targetHints":{"allow":["GET"]}}],"collection":[{"href":"https:\/\/www.europesays.com\/fr\/wp-json\/wp\/v2\/posts"}],"about":[{"href":"https:\/\/www.europesays.com\/fr\/wp-json\/wp\/v2\/types\/post"}],"author":[{"embeddable":true,"href":"https:\/\/www.europesays.com\/fr\/wp-json\/wp\/v2\/users\/2"}],"replies":[{"embeddable":true,"href":"https:\/\/www.europesays.com\/fr\/wp-json\/wp\/v2\/comments?post=168387"}],"version-history":[{"count":0,"href":"https:\/\/www.europesays.com\/fr\/wp-json\/wp\/v2\/posts\/168387\/revisions"}],"wp:featuredmedia":[{"embeddable":true,"href":"https:\/\/www.europesays.com\/fr\/wp-json\/wp\/v2\/media\/168388"}],"wp:attachment":[{"href":"https:\/\/www.europesays.com\/fr\/wp-json\/wp\/v2\/media?parent=168387"}],"wp:term":[{"taxonomy":"category","embeddable":true,"href":"https:\/\/www.europesays.com\/fr\/wp-json\/wp\/v2\/categories?post=168387"},{"taxonomy":"post_tag","embeddable":true,"href":"https:\/\/www.europesays.com\/fr\/wp-json\/wp\/v2\/tags?post=168387"}],"curies":[{"name":"wp","href":"https:\/\/api.w.org\/{rel}","templated":true}]}}