{"id":168389,"date":"2025-06-11T14:15:12","date_gmt":"2025-06-11T14:15:12","guid":{"rendered":"https:\/\/www.europesays.com\/fr\/168389\/"},"modified":"2025-06-11T14:15:12","modified_gmt":"2025-06-11T14:15:12","slug":"nos-idees-de-sorties-a-strasbourg","status":"publish","type":"post","link":"https:\/\/www.europesays.com\/fr\/168389\/","title":{"rendered":"nos id\u00e9es de sorties \u00e0 Strasbourg"},"content":{"rendered":"<p class=\"insetTitle\">C\u00f4t\u00e9 cin\u00e9 : Blade Runner, de Ridley Scott<\/p>\n<p>            <strong>A (re)d\u00e9couvrir sur grand \u00e9cran dimanche 15 juin \u00e0 20h20\u00a0au Cosmos, en VOST : le monument de la SF\u00a0<\/strong><strong>Blade\u00a0Runner<\/strong><strong>, de Ridley Scott.<\/strong><\/p>\n<p class=\"s2\">Soixante ans, bient\u00f4t, que l\u2019auteur\u00a0chicagoen\u00a0Phillip K. Dick\u00a0posait les jalons de son roman\u00a0Les andro\u00efdes r\u00eavent-ils de moutons \u00e9lectriques\u00a0?,\u00a0monument de\u00a0la litt\u00e9rature SF du si\u00e8cle pass\u00e9.\u00a0Soixante ans qu\u2019\u00e9taient pos\u00e9s, en ces lignes, les fondements du questionnement relatif \u00e0 la coexistence de l\u2019homme avec une intelligence artificielle avanc\u00e9e.\u00a0Soixante ans plus tard,\u00a0c\u2019est encore cette interrogation qui nous \u00e9treint lorsque d\u00e9filent les images de <a href=\"https:\/\/www.dna.fr\/edition-de-strasbourg\/2019\/08\/27\/blade-runner-projete-au-pied-de-la-cathedrale-de-strasbourg\" target=\"_blank\" rel=\"nofollow noopener\">l\u2019adaptation culte de l\u2019ouvrage au cin\u00e9ma<\/a>, assur\u00e9e par Ridley Scott\u00a0et nourrie de cette crainte, lancinante, que l\u2019humanit\u00e9 ne soit\u00a0d\u00e9finitivement\u00a0pas taill\u00e9e pour tol\u00e9rer une telle alt\u00e9rit\u00e9 \u00e0 ses c\u00f4t\u00e9s.\u00a0<\/p>\n<p class=\"s2\">Sorti sur les \u00e9crans fran\u00e7ais en 1982, le chef d\u2019\u0153uvre du cin\u00e9aste, vision s\u00e9minale de l\u2019esth\u00e9tique\u00a0cyberpunk,\u00a0suivait la trajectoire d\u2019un chasseur\u00a0d\u2019andro\u00efdes, un\u00a0blade\u00a0runner, \u00e0 la poursuite d\u2019un mod\u00e8le particuli\u00e8rement\u00a0avanc\u00e9 de robots, les Nexus-6, bannis\u00a0de la Terre\u00a0suite \u00e0\u00a0une r\u00e9volte\u00a0contre leurs cr\u00e9ateurs. S\u2019y dessinaient, en creux de cette traque impitoyable, les h\u00e9sitations existentielles du h\u00e9ros (Harrison Ford, alias Rick\u00a0Deckard) face \u00e0 l\u2019aspiration de ces cr\u00e9atures \u00e0 vivre, elles aussi, une vie en paix. Tuer &#8211; ou plut\u00f4t \u00ab\u00a0retirer\u00a0\u00bb ? Laisser fuir\u00a0et accepter l\u2019\u00e9mergence d\u2019une intelligence autonome, capable de nous supplanter\u00a0?\u00a0La r\u00e9ponse, dans le long-m\u00e9trage maintes fois remani\u00e9, ne sera jamais vraiment tranch\u00e9e.<\/p>\n<p>L&rsquo;humanit\u00e9 sur le banc des accus\u00e9s<\/p>\n<p class=\"s2\">Peu importe, car dans ce monde en d\u00e9liquescence,\u00a0pollu\u00e9 et surpeupl\u00e9,\u00a0min\u00e9 par l\u2019extinction massive des esp\u00e8ces animales et la disparition de la nature, c\u2019est l\u2019humanit\u00e9 qui est mise\u00a0en accusation.\u00a0De n\u2019avoir pas su pr\u00e9server son monde, de n\u2019avoir jamais admis l\u2019id\u00e9e qu\u2019il pouvait \u00eatre partag\u00e9, encore moins avec ceux, artificiels, qu\u2019elle a cr\u00e9\u00e9s pour les dominer, les exploiter. <\/p>\n<p class=\"s2\">Port\u00e9 par la musique inspirante de Vangelis, Blade Runner\u00a0choisit son camp, jusqu\u2019\u00e0 laisser\u00a0sa plus belle part, la plus humaine, \u00e0 l\u2019andro\u00efde\u00a0que l\u2019immense\u00a0Rutger\u00a0Hauer\u00a0prend un plaisir \u00e9vident \u00e0\u00a0incarner. Lui, le Nexus-6,\u00a0a fait le choix de l\u2019homme, le choix de sauver, le choix\u00a0de\u00a0r\u00eaver. Et s\u2019en va, perte immense, en livrant\u00a0au septi\u00e8me art\u00a0l\u2019une des plus belles tirades jamais prononc\u00e9es. \u00ab\u00a0J&rsquo;ai vu tant de choses, que vous, humains, ne pourriez pas croire&#8230;\u00a0De grands navires en feu surgissant de l&rsquo;\u00e9paule d&rsquo;Orion, j&rsquo;ai vu des rayons fabuleux, des rayons C, briller dans l&rsquo;ombre de la Porte de\u00a0Tannha\u00fcser. Tous ces moments se perdront dans l&rsquo;oubli, comme les larmes dans la pluie.\u00a0Il est temps de mourir.\u00a0\u00bb Pur moment de po\u00e9sie,\u00a0impossible \u00e0 oublier.\u00a0Alors oui, humains\u00a0:<a name=\"_GoBack\"\/>\u00a0dimanche soir, dans la grande salle du Cosmos, on vous entendra pleurer. <\/p>\n<p class=\"insetSignature\">N.B.<\/p>\n","protected":false},"excerpt":{"rendered":"C\u00f4t\u00e9 cin\u00e9 : Blade Runner, de Ridley Scott A (re)d\u00e9couvrir sur grand \u00e9cran dimanche 15 juin \u00e0 20h20\u00a0au&hellip;\n","protected":false},"author":2,"featured_media":168390,"comment_status":"","ping_status":"","sticky":false,"template":"","format":"standard","meta":{"footnotes":""},"categories":[2820],"tags":[1111,11,2649,2880,1777,674,107,1011,27,775,12,25,104,640,2879,1631],"class_list":{"0":"post-168389","1":"post","2":"type-post","3":"status-publish","4":"format-standard","5":"has-post-thumbnail","7":"category-strasbourg","8":"tag-actu","9":"tag-actualites","10":"tag-bas-rhin","11":"tag-edition-strasbourg","12":"tag-eu","13":"tag-europe","14":"tag-fil-info","15":"tag-fr","16":"tag-france","17":"tag-grand-est","18":"tag-news","19":"tag-republique-francaise","20":"tag-societe","21":"tag-strasbourg","22":"tag-strasbourg-ville","23":"tag-vie-associative"},"share_on_mastodon":{"url":"https:\/\/pubeurope.com\/@fr\/114665155740733875","error":""},"_links":{"self":[{"href":"https:\/\/www.europesays.com\/fr\/wp-json\/wp\/v2\/posts\/168389","targetHints":{"allow":["GET"]}}],"collection":[{"href":"https:\/\/www.europesays.com\/fr\/wp-json\/wp\/v2\/posts"}],"about":[{"href":"https:\/\/www.europesays.com\/fr\/wp-json\/wp\/v2\/types\/post"}],"author":[{"embeddable":true,"href":"https:\/\/www.europesays.com\/fr\/wp-json\/wp\/v2\/users\/2"}],"replies":[{"embeddable":true,"href":"https:\/\/www.europesays.com\/fr\/wp-json\/wp\/v2\/comments?post=168389"}],"version-history":[{"count":0,"href":"https:\/\/www.europesays.com\/fr\/wp-json\/wp\/v2\/posts\/168389\/revisions"}],"wp:featuredmedia":[{"embeddable":true,"href":"https:\/\/www.europesays.com\/fr\/wp-json\/wp\/v2\/media\/168390"}],"wp:attachment":[{"href":"https:\/\/www.europesays.com\/fr\/wp-json\/wp\/v2\/media?parent=168389"}],"wp:term":[{"taxonomy":"category","embeddable":true,"href":"https:\/\/www.europesays.com\/fr\/wp-json\/wp\/v2\/categories?post=168389"},{"taxonomy":"post_tag","embeddable":true,"href":"https:\/\/www.europesays.com\/fr\/wp-json\/wp\/v2\/tags?post=168389"}],"curies":[{"name":"wp","href":"https:\/\/api.w.org\/{rel}","templated":true}]}}