{"id":16839,"date":"2025-04-11T08:28:11","date_gmt":"2025-04-11T08:28:11","guid":{"rendered":"https:\/\/www.europesays.com\/fr\/16839\/"},"modified":"2025-04-11T08:28:11","modified_gmt":"2025-04-11T08:28:11","slug":"vincent-niclo-se-produira-le-12-avril-a-marseille","status":"publish","type":"post","link":"https:\/\/www.europesays.com\/fr\/16839\/","title":{"rendered":"Vincent Niclo se produira le 12 avril \u00e0 Marseille"},"content":{"rendered":"<p>Un nouvel album, Bel Canto, pour finir 2024, et une grande tourn\u00e9e pour lancer 2025 sur les chapeaux de roues. Avec ce retour, <a href=\"https:\/\/www.laprovence.com\/article\/spectacles\/3172208\/vincent-niclo-ce-tenor-au-succes-etonnant.html\" target=\"_blank\" rel=\"noopener\">Vincent Niclo<\/a> montre qu\u2019\u00e0 50 ans, il demeure un chanteur populaire. Dont la voix vient, sur ce disque, donner une nouvelle dimension aux \u0153uvres de Johnny Hallyday, Frank Sinatra ou encore Gilbert B\u00e9caud. Entour\u00e9 de cinquante choristes, l\u2019artiste am\u00e8nera son show jusqu\u2019aux \u00c9tats-Unis et au Canada. Avant \u00e7a, il va parcourir la Belgique, la Suisse et la France, avec un rendez-vous programm\u00e9 ce samedi 12 avril \u00e0 Marseille, pr\u00eate \u00e0 vibrer avec lui.<\/p>\n","protected":false},"excerpt":{"rendered":"Un nouvel album, Bel Canto, pour finir 2024, et une grande tourn\u00e9e pour lancer 2025 sur les chapeaux&hellip;\n","protected":false},"author":2,"featured_media":16840,"comment_status":"","ping_status":"","sticky":false,"template":"","format":"standard","meta":{"footnotes":""},"categories":[2814],"tags":[17,1111,11,6859,6861,251,6860,1777,674,1011,27,884,12,6862,6863,882,25,4717,762],"class_list":{"0":"post-16839","1":"post","2":"type-post","3":"status-publish","4":"format-standard","5":"has-post-thumbnail","7":"category-marseille","8":"tag-17","9":"tag-actu","10":"tag-actualites","11":"tag-celine","12":"tag-change","13":"tag-culture","14":"tag-dion","15":"tag-eu","16":"tag-europe","17":"tag-fr","18":"tag-france","19":"tag-marseille","20":"tag-news","21":"tag-niclo","22":"tag-produira","23":"tag-provence-alpes-cote-dazur","24":"tag-republique-francaise","25":"tag-vie","26":"tag-vincent"},"share_on_mastodon":{"url":"https:\/\/pubeurope.com\/@fr\/114318390299365556","error":""},"_links":{"self":[{"href":"https:\/\/www.europesays.com\/fr\/wp-json\/wp\/v2\/posts\/16839","targetHints":{"allow":["GET"]}}],"collection":[{"href":"https:\/\/www.europesays.com\/fr\/wp-json\/wp\/v2\/posts"}],"about":[{"href":"https:\/\/www.europesays.com\/fr\/wp-json\/wp\/v2\/types\/post"}],"author":[{"embeddable":true,"href":"https:\/\/www.europesays.com\/fr\/wp-json\/wp\/v2\/users\/2"}],"replies":[{"embeddable":true,"href":"https:\/\/www.europesays.com\/fr\/wp-json\/wp\/v2\/comments?post=16839"}],"version-history":[{"count":0,"href":"https:\/\/www.europesays.com\/fr\/wp-json\/wp\/v2\/posts\/16839\/revisions"}],"wp:featuredmedia":[{"embeddable":true,"href":"https:\/\/www.europesays.com\/fr\/wp-json\/wp\/v2\/media\/16840"}],"wp:attachment":[{"href":"https:\/\/www.europesays.com\/fr\/wp-json\/wp\/v2\/media?parent=16839"}],"wp:term":[{"taxonomy":"category","embeddable":true,"href":"https:\/\/www.europesays.com\/fr\/wp-json\/wp\/v2\/categories?post=16839"},{"taxonomy":"post_tag","embeddable":true,"href":"https:\/\/www.europesays.com\/fr\/wp-json\/wp\/v2\/tags?post=16839"}],"curies":[{"name":"wp","href":"https:\/\/api.w.org\/{rel}","templated":true}]}}