{"id":168393,"date":"2025-06-11T14:17:09","date_gmt":"2025-06-11T14:17:09","guid":{"rendered":"https:\/\/www.europesays.com\/fr\/168393\/"},"modified":"2025-06-11T14:17:09","modified_gmt":"2025-06-11T14:17:09","slug":"ancien-conseiller-municipal-de-saint-andre-de-la-roche-jacques-albertini-figure-de-rimiez-nous-a-quittes","status":"publish","type":"post","link":"https:\/\/www.europesays.com\/fr\/168393\/","title":{"rendered":"Ancien conseiller municipal de Saint-Andr\u00e9-de-La-Roche, Jacques Albertini, figure de Rimiez, nous a quitt\u00e9s"},"content":{"rendered":"<p>Visage bien connu de la colline de Rimiez et de Saint-Andr\u00e9-de-La-Roche, Jacques Albertini s\u2019en est all\u00e9.<\/p>\n<p>Conseiller municipal en 2001, il avait poursuivi son action en tant qu\u2019adjoint sp\u00e9cial de 2008 \u00e0 2020, \u0153uvrant avec d\u00e9vouement en faveur des anciens combattants, \u00e0 l\u2019organisation des c\u00e9r\u00e9monies patriotiques, en tant que correspondant d\u00e9fense et aupr\u00e8s de la police municipale.<\/p>\n<p>N\u00e9 \u00e0 Nice, il s\u2019est engag\u00e9 d\u00e8s l\u2019\u00e2ge de 18 ans dans l\u2019arm\u00e9e o\u00f9 il est rest\u00e9 cinq ans. Il a ensuite embrass\u00e9 une carri\u00e8re de repr\u00e9sentant de commerce chez Lor\u00e9al, o\u00f9 il a travaill\u00e9 pour diff\u00e9rentes filiales du groupe jusqu\u2019\u00e0 la retraite.<\/p>\n<p>Avec son \u00e9pouse, \u00c9liane, ils s\u2019\u00e9taient install\u00e9s \u00e0 Saint-Andr\u00e9-de-La-Roche en 1974, d\u00e9j\u00e0 sur cette colline de Rimiez qu\u2019il aimait et dont il connaissait tous les habitants.<\/p>\n<p>D\u2019un temp\u00e9rament affable, Jacques Albertini \u00e9tait appr\u00e9ci\u00e9 de tous pour sa g\u00e9n\u00e9rosit\u00e9, sa gentillesse et sa bienveillance. Il \u00e9tait aussi connu pour son sens de l\u2019humour qui ne le quittait jamais.<\/p>\n<p>Les obs\u00e8ques auront lieu ce vendredi 13 juin. Une c\u00e9r\u00e9monie de recueillement est pr\u00e9vue \u00e0 15h au fun\u00e9rarium de Saint-Andr\u00e9-de-la-Roche et \u00e0 16h30 au cr\u00e9matorium de Nice.<\/p>\n","protected":false},"excerpt":{"rendered":"Visage bien connu de la colline de Rimiez et de Saint-Andr\u00e9-de-La-Roche, Jacques Albertini s\u2019en est all\u00e9. Conseiller municipal&hellip;\n","protected":false},"author":2,"featured_media":168394,"comment_status":"","ping_status":"","sticky":false,"template":"","format":"standard","meta":{"footnotes":""},"categories":[2819],"tags":[1111,11,1777,674,1011,27,12,2401,882,25,3366],"class_list":{"0":"post-168393","1":"post","2":"type-post","3":"status-publish","4":"format-standard","5":"has-post-thumbnail","7":"category-nice","8":"tag-actu","9":"tag-actualites","10":"tag-eu","11":"tag-europe","12":"tag-fr","13":"tag-france","14":"tag-news","15":"tag-nice","16":"tag-provence-alpes-cote-dazur","17":"tag-republique-francaise","18":"tag-vie-locale"},"share_on_mastodon":{"url":"https:\/\/pubeurope.com\/@fr\/114665163633217846","error":""},"_links":{"self":[{"href":"https:\/\/www.europesays.com\/fr\/wp-json\/wp\/v2\/posts\/168393","targetHints":{"allow":["GET"]}}],"collection":[{"href":"https:\/\/www.europesays.com\/fr\/wp-json\/wp\/v2\/posts"}],"about":[{"href":"https:\/\/www.europesays.com\/fr\/wp-json\/wp\/v2\/types\/post"}],"author":[{"embeddable":true,"href":"https:\/\/www.europesays.com\/fr\/wp-json\/wp\/v2\/users\/2"}],"replies":[{"embeddable":true,"href":"https:\/\/www.europesays.com\/fr\/wp-json\/wp\/v2\/comments?post=168393"}],"version-history":[{"count":0,"href":"https:\/\/www.europesays.com\/fr\/wp-json\/wp\/v2\/posts\/168393\/revisions"}],"wp:featuredmedia":[{"embeddable":true,"href":"https:\/\/www.europesays.com\/fr\/wp-json\/wp\/v2\/media\/168394"}],"wp:attachment":[{"href":"https:\/\/www.europesays.com\/fr\/wp-json\/wp\/v2\/media?parent=168393"}],"wp:term":[{"taxonomy":"category","embeddable":true,"href":"https:\/\/www.europesays.com\/fr\/wp-json\/wp\/v2\/categories?post=168393"},{"taxonomy":"post_tag","embeddable":true,"href":"https:\/\/www.europesays.com\/fr\/wp-json\/wp\/v2\/tags?post=168393"}],"curies":[{"name":"wp","href":"https:\/\/api.w.org\/{rel}","templated":true}]}}