{"id":168409,"date":"2025-06-11T14:25:09","date_gmt":"2025-06-11T14:25:09","guid":{"rendered":"https:\/\/www.europesays.com\/fr\/168409\/"},"modified":"2025-06-11T14:25:09","modified_gmt":"2025-06-11T14:25:09","slug":"le-congres-national-du-batiment-durable-sinstalle-a-lille-en-septembre-2025","status":"publish","type":"post","link":"https:\/\/www.europesays.com\/fr\/168409\/","title":{"rendered":"Le Congr\u00e8s National du B\u00e2timent Durable s\u2019installe \u00e0 Lille en septembre 2025"},"content":{"rendered":"<p class=\"p1\">Les 4 et 5 septembre 2025, Lille deviendra le c\u0153ur battant de la transition \u00e9cologique dans le secteur du b\u00e2timent. Le <b><a href=\"https:\/\/www.congresbatimentdurable.com\" target=\"_blank\" rel=\"noopener\">Congr\u00e8s National du B\u00e2timent Durable<\/a> (CNBD)<\/b>, rendez-vous incontournable des professionnels engag\u00e9s pour une construction plus responsable, revient pour sa 11e \u00e9dition au <b>Lille Grand Palais<\/b>. Un \u00e9v\u00e9nement \u00e0 ne pas manquer pour tous les acteurs du secteur.<\/p>\n<p class=\"p1\"><b>Un moment fort pour le r\u00e9seau du b\u00e2timent durable<\/b><\/p>\n<p class=\"p1\">Organis\u00e9 par le <b>CD2E<\/b>, en partenariat avec l\u2019ADEME et le R\u00e9seau B\u00e2timent Durable, le CNBD r\u00e9unit chaque ann\u00e9e plusieurs milliers de participants : architectes, ma\u00eetres d\u2019ouvrage, bureaux d\u2019\u00e9tudes, industriels, artisans, collectivit\u00e9s et porteurs de solutions innovantes. L\u2019\u00e9dition 2025 s\u2019annonce particuli\u00e8rement strat\u00e9gique dans un contexte de d\u00e9r\u00e8glement climatique croissant.<\/p>\n<p class=\"p1\"><b>Une \u00e9dition plac\u00e9e sous le signe de l\u2019adaptation<\/b><\/p>\n<p class=\"p1\">Le th\u00e8me choisi pour cette ann\u00e9e, <b>\u00ab Changement climatique : adaptons nos pratiques \u00bb<\/b>, oriente les d\u00e9bats vers les r\u00e9ponses concr\u00e8tes \u00e0 apporter aux d\u00e9fis environnementaux. R\u00e9silience des b\u00e2timents, efficacit\u00e9 \u00e9nerg\u00e9tique, pr\u00e9servation de la biodiversit\u00e9, \u00e9conomie circulaire\u2026 Autant de leviers que le congr\u00e8s entend activer \u00e0 travers un programme dense et tourn\u00e9 vers l\u2019action.<\/p>\n<p class=\"p1\"><b>Un programme con\u00e7u pour l\u2019\u00e9change et l\u2019inspiration<\/b><\/p>\n<p class=\"p1\">Au-del\u00e0 des conf\u00e9rences et pl\u00e9ni\u00e8res r\u00e9unissant des experts reconnus, le CNBD proposera :<\/p>\n<ul>\n<li>\n<p class=\"p1\">des <b>ateliers th\u00e9matiques participatifs<\/b> pour approfondir des sujets techniques,<\/p>\n<\/li>\n<li>\n<p class=\"p1\">des <b>retours d\u2019exp\u00e9rience de terrain<\/b>, utiles et directement transposables,<\/p>\n<\/li>\n<li>\n<p class=\"p1\">un <b>espace innovation<\/b> avec des pitchs de solutions \u00e9mergentes,<\/p>\n<\/li>\n<li>\n<p class=\"p1\">un <b>salon professionnel<\/b> r\u00e9unissant plus de 100 exposants issus des fili\u00e8res du biosourc\u00e9, de la construction hors-site, du num\u00e9rique ou encore des \u00e9nergies renouvelables.<\/p>\n<\/li>\n<\/ul>\n<p class=\"p1\">Le <b>plateau TV Bati-Journal<\/b>, les remises de prix \u2013 dont les <b>Troph\u00e9es du Pacte Bois-Biosourc\u00e9s Hauts-de-France<\/b> \u2013 ainsi que les <b>visites de b\u00e2timents exemplaires<\/b> dans la r\u00e9gion compl\u00e9teront ce programme tr\u00e8s riche.<\/p>\n<p class=\"p1\"><b>Un lieu de rencontre pour les professionnels de demain<\/b><\/p>\n<p class=\"p1\">Plus qu\u2019un congr\u00e8s, le CNBD est un <b>acc\u00e9l\u00e9rateur de coop\u00e9rations<\/b>. Il permet aux acteurs du b\u00e2timent durable de se retrouver, de partager leurs exp\u00e9riences et de construire ensemble des solutions \u00e0 la hauteur des enjeux. Qu\u2019il s\u2019agisse de faire \u00e9voluer les pratiques, d\u2019identifier de nouveaux partenaires ou de monter en comp\u00e9tence, ce rendez-vous est pens\u00e9 pour \u00eatre utile, stimulant et concret.<\/p>\n<p class=\"p1\"><b>Informations pratiques<\/b><\/p>\n<p>\u00a0<\/p>\n<p>\u00a0<\/p>\n<p>\u00a0<\/p>\n<p>\u00a0<\/p>\n<p>\u00a0<\/p>\n<p>\u00a0<\/p>\n","protected":false},"excerpt":{"rendered":"Les 4 et 5 septembre 2025, Lille deviendra le c\u0153ur battant de la transition \u00e9cologique dans le secteur&hellip;\n","protected":false},"author":2,"featured_media":168410,"comment_status":"","ping_status":"","sticky":false,"template":"","format":"standard","meta":{"footnotes":""},"categories":[2815],"tags":[1111,11,1777,674,2087,1011,27,811,1307,12,25],"class_list":{"0":"post-168409","1":"post","2":"type-post","3":"status-publish","4":"format-standard","5":"has-post-thumbnail","7":"category-lille","8":"tag-actu","9":"tag-actualites","10":"tag-eu","11":"tag-europe","12":"tag-evenement","13":"tag-fr","14":"tag-france","15":"tag-hauts-de-france","16":"tag-lille","17":"tag-news","18":"tag-republique-francaise"},"share_on_mastodon":{"url":"https:\/\/pubeurope.com\/@fr\/114665195195181085","error":""},"_links":{"self":[{"href":"https:\/\/www.europesays.com\/fr\/wp-json\/wp\/v2\/posts\/168409","targetHints":{"allow":["GET"]}}],"collection":[{"href":"https:\/\/www.europesays.com\/fr\/wp-json\/wp\/v2\/posts"}],"about":[{"href":"https:\/\/www.europesays.com\/fr\/wp-json\/wp\/v2\/types\/post"}],"author":[{"embeddable":true,"href":"https:\/\/www.europesays.com\/fr\/wp-json\/wp\/v2\/users\/2"}],"replies":[{"embeddable":true,"href":"https:\/\/www.europesays.com\/fr\/wp-json\/wp\/v2\/comments?post=168409"}],"version-history":[{"count":0,"href":"https:\/\/www.europesays.com\/fr\/wp-json\/wp\/v2\/posts\/168409\/revisions"}],"wp:featuredmedia":[{"embeddable":true,"href":"https:\/\/www.europesays.com\/fr\/wp-json\/wp\/v2\/media\/168410"}],"wp:attachment":[{"href":"https:\/\/www.europesays.com\/fr\/wp-json\/wp\/v2\/media?parent=168409"}],"wp:term":[{"taxonomy":"category","embeddable":true,"href":"https:\/\/www.europesays.com\/fr\/wp-json\/wp\/v2\/categories?post=168409"},{"taxonomy":"post_tag","embeddable":true,"href":"https:\/\/www.europesays.com\/fr\/wp-json\/wp\/v2\/tags?post=168409"}],"curies":[{"name":"wp","href":"https:\/\/api.w.org\/{rel}","templated":true}]}}