{"id":16841,"date":"2025-04-11T08:29:10","date_gmt":"2025-04-11T08:29:10","guid":{"rendered":"https:\/\/www.europesays.com\/fr\/16841\/"},"modified":"2025-04-11T08:29:10","modified_gmt":"2025-04-11T08:29:10","slug":"le-mucem-a-marseille-nest-pas-moderne","status":"publish","type":"post","link":"https:\/\/www.europesays.com\/fr\/16841\/","title":{"rendered":"Le Mucem \u00e0 Marseille n&rsquo;est pas moderne !"},"content":{"rendered":"<p><a href=\"https:\/\/www.laprovence.com\/actu\/en-direct\/6827134\/un-nouveau-projet-de-prestige-pour-rudy-ricciotti-lauteur-du-mucem-de-marseille.html\" target=\"_blank\" rel=\"noopener\">Rudy Ricciotti, le c\u00e9l\u00e8bre achitecte du Mucem,<\/a> qui r\u00e9side pr\u00e8s de Marseille, revient sur le ring \u00e0 travers un nouveau livre, dix ans apr\u00e8s la sortie de L&rsquo;Architecture est un sport de combat. Un combat loin d&rsquo;\u00eatre termin\u00e9 pour l&rsquo;architecte de 72 ans, laur\u00e9at, entre autres, du Grand Prix national de l&rsquo;architecture en 2006, et reconnu comme l&rsquo;un des plus brillants de sa g\u00e9n\u00e9ration. Il remonte au front avec son go\u00fbt pour les mots et ses formules sans langue de bois. Dans Insoumission, pour la survie de l&rsquo;architecture, qui vient de sortir aux \u00e9ditions Albin Michel, il d\u00e9fend une architecture incarn\u00e9e et de bon sens, et surtout les savoir-faire fran\u00e7ais. Quand on discute avec lui (toujours sans langue de bois), <a href=\"https:\/\/www.laprovence.com\/article\/edition-aix-pays-daix\/4883602\/.html\" target=\"_blank\" rel=\"noopener\">il refuse d&rsquo;\u00eatre consid\u00e9r\u00e9 comme une \u00ab\u00a0grande gueule\u00a0\u00bb<\/a> et ne voit pas ses \u00e9crits comme des \u00ab\u00a0coups de gueule\u00a0\u00bb. Pr\u00e9f\u00e9rant \u00e0 ce raccourci la notion d&rsquo;exigence qu&rsquo;il applique avant tout \u00e0 lui-m\u00eame. Celui qui \u00e9crit dans ce nouveau livre que le Mucem fut son \u00ab\u00a0chantier le plus aventureux en 44 ans de carri\u00e8re\u00a0\u00bb ou encore \u00ab\u00a0un des plus passionnants chantiers\u00a0\u00bb de sa vie, \u00ab\u00a0une exp\u00e9rience proprement m\u00e9taphysique\u00a0\u00bb, livre ici une lutte contre les normes et en appelle \u00e0 la nuance. Menant un combat pas seulement architectural, mais \u00ab\u00a0politique, esth\u00e9tique et social\u00a0\u00bb. Et d&rsquo;insister : \u00ab\u00a0Si on n&rsquo;aime pas son pays, on n&rsquo;\u00e9crit pas ce livre.\u00a0\u00bb<\/p>\n<p><strong>\u00c0 vous lire, on se dit que le Mucem reste et restera vraiment le point d&rsquo;orgue pour vous ?<\/strong>&#13;\n<\/p>\n<p>Disons que c&rsquo;\u00e9tait une premi\u00e8re mondiale. <a href=\"https:\/\/www.laprovence.com\/article\/tourisme\/6091156\/le-mucem-ce-joyau-dont-marseille-est-lecrin.html\" target=\"_blank\" rel=\"noopener\">Le dessin du Mucem, je l&rsquo;ai fait en 2002,<\/a> il a 23 ans ! Et il \u00e9tait totalement exp\u00e9rimental. D&rsquo;un point de vue technique, scientifique et culturel. Il \u00e9tait unique. De plus, \u00e0 cette \u00e9poque, j&rsquo;ai rencontr\u00e9 des acteurs culturels d&rsquo;exception et deux grands serviteurs de l&rsquo;\u00c9tat au niveau de la maitrise d&rsquo;ouvrage qui ont disparu depuis. C&rsquo;\u00e9tait une \u00e9poque o\u00f9 la culture architecturale brillait.\u00a0<\/p>\n","protected":false},"excerpt":{"rendered":"Rudy Ricciotti, le c\u00e9l\u00e8bre achitecte du Mucem, qui r\u00e9side pr\u00e8s de Marseille, revient sur le ring \u00e0 travers&hellip;\n","protected":false},"author":2,"featured_media":16842,"comment_status":"","ping_status":"","sticky":false,"template":"","format":"standard","meta":{"footnotes":""},"categories":[2814],"tags":[930,17,1111,11,251,1777,674,1011,27,884,6865,6864,5201,12,5261,882,25],"class_list":{"0":"post-16841","1":"post","2":"type-post","3":"status-publish","4":"format-standard","5":"has-post-thumbnail","7":"category-marseille","8":"tag-le","9":"tag-17","10":"tag-actu","11":"tag-actualites","12":"tag-culture","13":"tag-eu","14":"tag-europe","15":"tag-fr","16":"tag-france","17":"tag-marseille","18":"tag-moderne","19":"tag-mucem","20":"tag-nest","21":"tag-news","22":"tag-pas","23":"tag-provence-alpes-cote-dazur","24":"tag-republique-francaise"},"share_on_mastodon":{"url":"https:\/\/pubeurope.com\/@fr\/114318394270875683","error":""},"_links":{"self":[{"href":"https:\/\/www.europesays.com\/fr\/wp-json\/wp\/v2\/posts\/16841","targetHints":{"allow":["GET"]}}],"collection":[{"href":"https:\/\/www.europesays.com\/fr\/wp-json\/wp\/v2\/posts"}],"about":[{"href":"https:\/\/www.europesays.com\/fr\/wp-json\/wp\/v2\/types\/post"}],"author":[{"embeddable":true,"href":"https:\/\/www.europesays.com\/fr\/wp-json\/wp\/v2\/users\/2"}],"replies":[{"embeddable":true,"href":"https:\/\/www.europesays.com\/fr\/wp-json\/wp\/v2\/comments?post=16841"}],"version-history":[{"count":0,"href":"https:\/\/www.europesays.com\/fr\/wp-json\/wp\/v2\/posts\/16841\/revisions"}],"wp:featuredmedia":[{"embeddable":true,"href":"https:\/\/www.europesays.com\/fr\/wp-json\/wp\/v2\/media\/16842"}],"wp:attachment":[{"href":"https:\/\/www.europesays.com\/fr\/wp-json\/wp\/v2\/media?parent=16841"}],"wp:term":[{"taxonomy":"category","embeddable":true,"href":"https:\/\/www.europesays.com\/fr\/wp-json\/wp\/v2\/categories?post=16841"},{"taxonomy":"post_tag","embeddable":true,"href":"https:\/\/www.europesays.com\/fr\/wp-json\/wp\/v2\/tags?post=16841"}],"curies":[{"name":"wp","href":"https:\/\/api.w.org\/{rel}","templated":true}]}}