{"id":168419,"date":"2025-06-11T14:30:09","date_gmt":"2025-06-11T14:30:09","guid":{"rendered":"https:\/\/www.europesays.com\/fr\/168419\/"},"modified":"2025-06-11T14:30:09","modified_gmt":"2025-06-11T14:30:09","slug":"la-prefete-du-rhone-alerte","status":"publish","type":"post","link":"https:\/\/www.europesays.com\/fr\/168419\/","title":{"rendered":"la pr\u00e9f\u00e8te du Rh\u00f4ne alerte"},"content":{"rendered":"<p>            Par<br \/>\n        <strong><br \/>\n            <a href=\"https:\/\/actu.fr\/auteur\/anthony-soudani\" title=\"Consulter tous les articles de Anthony Soudani\" target=\"_blank\" rel=\"noopener\">Anthony Soudani<\/a><br \/>\n        <\/strong><\/p>\n<p>        Publi\u00e9 le<\/p>\n<p>            11 juin 2025 \u00e0 16h22        <\/p>\n<p>Que se passe-t-il \u00e0 Lyon ce mercredi 11 juin ? Alors que la <a href=\"https:\/\/actu.fr\/auvergne-rhone-alpes\/lyon_69123\/meteo-a-lyon-un-pic-de-chaleur-arrive-plus-de-30-c-attendus-voici-a-partir-de-quand_62746453.html\" target=\"_blank\" rel=\"noopener\">chaleur<\/a> ne cesse de monter au fil des heures, le <a href=\"https:\/\/actu.fr\/auvergne-rhone-alpes\/lyon_69123\/meteo-a-lyon-un-ciel-blanchatre-mais-aucun-nuage-voici-ce-qu-il-se-passe_62746344.html\" target=\"_blank\" rel=\"noopener\">ciel est toujours autant laiteux<\/a>, et ce, depuis plusieurs jours maintenant. Un \u00e9pisode de pollution de type combustion est en cours dans le bassin lyonnais\/Nord-Is\u00e8re. La <a href=\"https:\/\/actu.fr\/auvergne-rhone-alpes\/genas_69277\/pres-de-lyon-camouflet-pour-la-prefete-du-rhone-qui-a-voulu-faire-decamper-des-gens-du-voyage_62737745.html\" target=\"_blank\" rel=\"noopener\">pr\u00e9f\u00e8te du Rh\u00f4ne<\/a> alerte.<\/p>\n<p class=\" wall-content\">Fabienne Buccio a activ\u00e9 le <strong>niveau information-recommandation<\/strong> pour l\u2019ensemble du d\u00e9partement du Rh\u00f4ne et de la M\u00e9tropole de <a href=\"https:\/\/actu.fr\/lyon\/\" target=\"_blank\" rel=\"noopener\">Lyon<\/a> au regard de cet \u00e9pisode de pollution atmosph\u00e9rique.<\/p>\n<p>\u00ab\u00a0Des masses d\u2019air charg\u00e9es en fum\u00e9es provenant des feux de for\u00eat canadiens\u00a0\u00bb<\/p>\n<p class=\" wall-content\">\u00ab\u00a0Le passage de masses d\u2019air charg\u00e9es en fum\u00e9es provenant des feux de for\u00eat canadiens s\u2019\u00e9vacue d\u2019ouest en est au-dessus de la r\u00e9gion\u00a0\u00bb, explique Atmo, l\u2019observatoire de la qualit\u00e9 de l\u2019air en Auvergne-Rh\u00f4ne-Alpes. \u00ab\u00a0Les concentrations en particules fines PM10 et PM2.5 seront \u00e9lev\u00e9es et l\u2019ensoleillement marqu\u00e9 favorisera la formation d\u2019ozone.\u00a0\u00bb<\/p>\n<p class=\" wall-content\">Habituellement, ces panaches de fum\u00e9es restent confin\u00e9s \u00e0 5 000 m\u00e8tres d\u2019altitude, sans impact notable sur la qualit\u00e9 de l\u2019air. Depuis mardi, elles ne sont plus qu\u2019entre 500 et 2 000 m\u00e8tres en raison de l\u2019augmentation de la pression atmosph\u00e9rique.<\/p>\n<p class=\" wall-content\"><strong>La qualit\u00e9 de l\u2019air est donc mauvaise<\/strong> sur l\u2019ensemble de la r\u00e9gion et les seuils d\u2019information recommandation des PM10 et de l\u2019ozone sont \u00ab\u00a0susceptibles d\u2019\u00eatre d\u00e9pass\u00e9s\u00a0\u00bb, d\u2019apr\u00e8s Atmo.<\/p>\n<p>Vid\u00e9os : en ce moment sur ActuAucune mesure contraignante mais des recommandations<\/p>\n<p class=\" wall-content\">Aucune mesure n\u2019est contraignante \u00e0 ce stade. Cependant, pour les populations vuln\u00e9rables, il est recommand\u00e9 de limiter les d\u00e9placements sur les grands axes routiers et leurs abords aux p\u00e9riodes de pointe et de limiter les activit\u00e9s intenses, autant en plein air qu\u2019\u00e0 l\u2019int\u00e9rieur.<\/p>\n<p class=\" wall-content\">En ce qui concerne le reste de la population, il n\u2019y a pas vocation \u00e0 modifier les activit\u00e9s habituelles, les d\u00e9placements habituels, ni les pratiques d\u2019a\u00e9ration et de ventilation. En cas de sympt\u00f4mes ou d\u2019inqui\u00e9tude, prenez conseil aupr\u00e8s de votre pharmacien.<\/p>\n<p>Des interdictions<\/p>\n<p class=\" wall-content\">La pr\u00e9f\u00e8te du Rh\u00f4ne rappelle qu\u2019il est interdit de br\u00fbler ses d\u00e9chets verts. L\u2019utilisation de chemin\u00e9e \u00ab \u00e0 foyer ouvert \u00bb est \u00e9galement proscrite dans la M\u00e9tropole de Lyon. Enfin, les v\u00e9hicules class\u00e9s Crit\u2019air 5 et 4 ou non-class\u00e9s sont toujours interdits au sein de la <a href=\"https:\/\/actu.fr\/auvergne-rhone-alpes\/lyon_69123\/suppression-des-zfe-la-vignette-crit-air-est-elle-encore-obligatoire-a-lyon_62710864.html\" target=\"_blank\" rel=\"noopener\">Zone \u00e0 faibles \u00e9missions (ZFE) de la M\u00e9tropole de Lyon<\/a>.<\/p>\n<p class=\" wall-content\">Les habitants sont encourag\u00e9s \u00e0 emprunter les modes de transport permettant de limiter le plus possible les \u00e9missions de polluants : v\u00e9lo, <strong>transports en commun<\/strong> (TCL), co-voiturage\u2026 Pour les entreprises, il est conseill\u00e9 d\u2019adapter les horaires de travail et de faciliter le t\u00e9l\u00e9travail.<\/p>\n<p class=\" wall-content\">Suivez toute l\u2019actualit\u00e9 de vos villes et m\u00e9dias favoris en vous inscrivant \u00e0 <a href=\"https:\/\/moncompte.actu.fr\" title=\"D\u00e9couvez Mon Actu\" rel=\"nofollow noopener\" data-trk=\"{&quot;cta&quot;:{&quot;action&quot;:&quot;https:\\\/\\\/moncompte.actu.fr&quot;,&quot;category&quot;:&quot;mon compte&quot;,&quot;from&quot;:&quot;article footer&quot;,&quot;name&quot;:&quot;Mon actu&quot;,&quot;type&quot;:&quot;cta&quot;}}\" target=\"_blank\">Mon Actu<\/a>.<\/p>\n","protected":false},"excerpt":{"rendered":"Par Anthony Soudani Publi\u00e9 le 11 juin 2025 \u00e0 16h22 Que se passe-t-il \u00e0 Lyon ce mercredi 11&hellip;\n","protected":false},"author":2,"featured_media":162906,"comment_status":"","ping_status":"","sticky":false,"template":"","format":"standard","meta":{"footnotes":""},"categories":[1889],"tags":[1111,11,2430,1777,674,1011,27,2428,12,52,1800,25],"class_list":{"0":"post-168419","1":"post","2":"type-post","3":"status-publish","4":"format-standard","5":"has-post-thumbnail","7":"category-lyon","8":"tag-actu","9":"tag-actualites","10":"tag-auvergne-rhone-alpes","11":"tag-eu","12":"tag-europe","13":"tag-fr","14":"tag-france","15":"tag-lyon","16":"tag-news","17":"tag-planete","18":"tag-pollution","19":"tag-republique-francaise"},"share_on_mastodon":{"url":"https:\/\/pubeurope.com\/@fr\/114665214869045798","error":""},"_links":{"self":[{"href":"https:\/\/www.europesays.com\/fr\/wp-json\/wp\/v2\/posts\/168419","targetHints":{"allow":["GET"]}}],"collection":[{"href":"https:\/\/www.europesays.com\/fr\/wp-json\/wp\/v2\/posts"}],"about":[{"href":"https:\/\/www.europesays.com\/fr\/wp-json\/wp\/v2\/types\/post"}],"author":[{"embeddable":true,"href":"https:\/\/www.europesays.com\/fr\/wp-json\/wp\/v2\/users\/2"}],"replies":[{"embeddable":true,"href":"https:\/\/www.europesays.com\/fr\/wp-json\/wp\/v2\/comments?post=168419"}],"version-history":[{"count":0,"href":"https:\/\/www.europesays.com\/fr\/wp-json\/wp\/v2\/posts\/168419\/revisions"}],"wp:featuredmedia":[{"embeddable":true,"href":"https:\/\/www.europesays.com\/fr\/wp-json\/wp\/v2\/media\/162906"}],"wp:attachment":[{"href":"https:\/\/www.europesays.com\/fr\/wp-json\/wp\/v2\/media?parent=168419"}],"wp:term":[{"taxonomy":"category","embeddable":true,"href":"https:\/\/www.europesays.com\/fr\/wp-json\/wp\/v2\/categories?post=168419"},{"taxonomy":"post_tag","embeddable":true,"href":"https:\/\/www.europesays.com\/fr\/wp-json\/wp\/v2\/tags?post=168419"}],"curies":[{"name":"wp","href":"https:\/\/api.w.org\/{rel}","templated":true}]}}