{"id":168427,"date":"2025-06-11T14:34:10","date_gmt":"2025-06-11T14:34:10","guid":{"rendered":"https:\/\/www.europesays.com\/fr\/168427\/"},"modified":"2025-06-11T14:34:10","modified_gmt":"2025-06-11T14:34:10","slug":"plusieurs-interpellations-dans-lenquete-sur-lenlevement-du-1er-mai-a-paris","status":"publish","type":"post","link":"https:\/\/www.europesays.com\/fr\/168427\/","title":{"rendered":"Plusieurs interpellations dans l\u2019enqu\u00eate sur l\u2019enl\u00e8vement du 1er mai \u00e0 Paris"},"content":{"rendered":"<p><strong>Enqu\u00eate &#8211; Plusieurs personnes soup\u00e7onn\u00e9es d\u2019\u00eatre impliqu\u00e9es dans l\u2019enl\u00e8vement le 1er\u00a0mai \u00e0 Paris du p\u00e8re d\u2019un homme ayant fait fortune dans la cryptomonnaie, ont \u00e9t\u00e9 interpell\u00e9es et plac\u00e9es en garde \u00e0 vue ce mardi<\/strong><\/p>\n<p>Ce mardi, plusieurs personnes, soup\u00e7onn\u00e9es d\u2019\u00eatre impliqu\u00e9es dans <a href=\"https:\/\/www.20minutes.fr\/faits_divers\/4151862-20250505-cryptomonnaies-doigt-coupe-rancon-plusieurs-millions-euros-liberation-complexe-homme-enleve-paris?at_medium=RSS%20feed&amp;at_campaign=ynews&amp;utm_source=yahoo&amp;utm_medium=rss&amp;utm_campaign=news_feed&amp;utm_content=in_article_link\" rel=\"nofollow noopener\" target=\"_blank\" data-ylk=\"slk:l\u2019enl\u00e8vement le 1er\u00a0mai \u00e0 Paris du p\u00e8re d\u2019un homme ayant fait fortune dans la cryptomonnaie;elm:context_link;itc:0;sec:content-canvas\" class=\"link \">l\u2019enl\u00e8vement le 1er\u00a0mai \u00e0 Paris du p\u00e8re d\u2019un homme ayant fait fortune dans la cryptomonnaie<\/a>, ont \u00e9t\u00e9 interpell\u00e9es et plac\u00e9es en <a href=\"https:\/\/www.20minutes.fr\/dossier\/garde_a_vue?at_medium=RSS%20feed&amp;at_campaign=ynews&amp;utm_source=yahoo&amp;utm_medium=rss&amp;utm_campaign=news_feed&amp;utm_content=in_article_link\" rel=\"nofollow noopener\" target=\"_blank\" data-ylk=\"slk:garde \u00e0 vue;elm:context_link;itc:0;sec:content-canvas\" class=\"link \">garde \u00e0 vue<\/a>, a-t-on appris mercredi de source proche du dossier, confirmant une information de <a href=\"https:\/\/www.parismatch.com\/actu\/faits-divers\/info-paris-match-plusieurs-gardes-a-vue-en-cours-apres-lenlevement-du-pere-dun-patron-de-la-cryptomonnaie-252619?at_medium=RSS%20feed&amp;at_campaign=ynews&amp;utm_source=yahoo&amp;utm_medium=rss&amp;utm_campaign=news_feed&amp;utm_content=in_article_link\" rel=\"nofollow noopener\" target=\"_blank\" data-ylk=\"slk:Paris Match;elm:context_link;itc:0;sec:content-canvas\" class=\"link \">Paris Match<\/a>.<\/p>\n<p>Aucun \u00e9l\u00e9ment sur le nombre des mis en cause ou les lieux de leur interpellation n\u2019a \u00e9t\u00e9 divulgu\u00e9. Leur garde \u00e0 vue peut aller jusqu\u2019\u00e0 96 heures.<\/p>\n<p>Une enqu\u00eate \u00ab\u00a0hors norme\u00a0\u00bb et d&rsquo;\u00ab\u00a0anthologie\u00a0\u00bb<\/p>\n<p>Le 1er\u00a0mai, en milieu de matin\u00e9e, le p\u00e8re d\u2019un homme g\u00e9rant une soci\u00e9t\u00e9 sp\u00e9cialis\u00e9e en cryptomonnaies bas\u00e9e \u00e0 Malte, avait \u00e9t\u00e9 enlev\u00e9 par quatre hommes cagoul\u00e9s, dans le 14e\u00a0arrondissement de <a href=\"https:\/\/www.20minutes.fr\/paris\/?at_medium=RSS%20feed&amp;at_campaign=ynews&amp;utm_source=yahoo&amp;utm_medium=rss&amp;utm_campaign=news_feed&amp;utm_content=in_article_link\" rel=\"nofollow noopener\" target=\"_blank\" data-ylk=\"slk:Paris;elm:context_link;itc:0;sec:content-canvas\" class=\"link \">Paris<\/a>.<\/p>\n<p>La victime, \u00e0 qui les ravisseurs avaient coup\u00e9 un doigt et pour laquelle une ran\u00e7on de plusieurs millions d\u2019euros avait \u00e9t\u00e9 r\u00e9clam\u00e9e, avait \u00e9t\u00e9 lib\u00e9r\u00e9e 58 heures plus tard lors d\u2019un assaut de la BRI (Brigade de recherche et d\u2019intervention) dans un pavillon de l\u2019Essonne o\u00f9 elle \u00e9tait s\u00e9questr\u00e9e.<\/p>\n<p>Une source proche du dossier avait \u00e9voqu\u00e9 alors aupr\u00e8s de l\u2019AFP une enqu\u00eate \u00ab\u00a0hors norme\u00a0\u00bb et d&rsquo; \u00ab\u00a0anthologie\u00a0\u00bb, avec une centaine de policiers mobilis\u00e9s, issus de plusieurs services de police judiciaire parisiens.<\/p>\n<p>Un suspect arr\u00eat\u00e9 au Maroc<\/p>\n<p>Depuis le d\u00e9but de l\u2019ann\u00e9e, plusieurs enl\u00e8vements et tentatives d\u2019enl\u00e8vements li\u00e9s au milieu des cryptomonnaies se sont succ\u00e9d\u00e9. Cette s\u00e9rie noire avait commenc\u00e9 en janvier avec le rapt du cofondateur de Ledger, David Balland et de sa compagne.<\/p>\n<p>Ce dernier avait fina(&#8230;)<\/p>\n<p><a href=\"https:\/\/www.20minutes.fr\/justice\/4157986-20250611-cryptomonnaies-plusieurs-interpellations-enquete-enlevement-1er-mai-paris?at_medium=RSS%20feed&amp;at_campaign=ynews&amp;utm_source=yahoo&amp;utm_medium=rss&amp;utm_campaign=news_feed&amp;utm_content=read_more_link&quot;\" rel=\"nofollow noopener\" target=\"_blank\" data-ylk=\"slk:Lire la suite sur 20minutes;elm:context_link;itc:0;sec:content-canvas\" class=\"link \">Lire la suite sur 20minutes<\/a><\/p>\n<p>\u00c0 lire aussi :<br \/><a href=\"https:\/\/www.20minutes.fr\/faits_divers\/4153372-20250514-retailleau-annonce-va-reunir-entrepreneurs-cryptomonnaies-beauvau-apres-plusieurs-affaires-enlevement?at_medium=RSS%20feed&amp;at_campaign=ynews&amp;utm_source=yahoo&amp;utm_medium=rss&amp;utm_campaign=news_feed&amp;utm_content=related_content_link\" rel=\"nofollow noopener\" target=\"_blank\" data-ylk=\"slk:Retailleau va r\u00e9unir les entrepreneurs en cryptomonnaies \u00e0 Beauvau apr\u00e8s plusieurs affaires d\u2019enl\u00e8vement;elm:context_link;itc:0;sec:content-canvas\" class=\"link \">Retailleau va r\u00e9unir les entrepreneurs en cryptomonnaies \u00e0 Beauvau apr\u00e8s plusieurs affaires d\u2019enl\u00e8vement<\/a><br \/><a href=\"https:\/\/www.20minutes.fr\/faits_divers\/4151862-20250505-cryptomonnaies-doigt-coupe-rancon-plusieurs-millions-euros-liberation-complexe-homme-enleve-paris?at_medium=RSS%20feed&amp;at_campaign=ynews&amp;utm_source=yahoo&amp;utm_medium=rss&amp;utm_campaign=news_feed&amp;utm_content=related_content_link\" rel=\"nofollow noopener\" target=\"_blank\" data-ylk=\"slk:Cryptomonnaies\u00a0: Doigt coup\u00e9, ran\u00e7on de plusieurs millions d\u2019euros, la lib\u00e9ration \u00ab\u00a0complexe\u00a0\u00bb d\u2019un homme enlev\u00e9 \u00e0 Paris;elm:context_link;itc:0;sec:content-canvas\" class=\"link \">Cryptomonnaies\u00a0: Doigt coup\u00e9, ran\u00e7on de plusieurs millions d\u2019euros, la lib\u00e9ration \u00ab\u00a0complexe\u00a0\u00bb d\u2019un homme enlev\u00e9 \u00e0 Paris<\/a><\/p>\n","protected":false},"excerpt":{"rendered":"Enqu\u00eate &#8211; Plusieurs personnes soup\u00e7onn\u00e9es d\u2019\u00eatre impliqu\u00e9es dans l\u2019enl\u00e8vement le 1er\u00a0mai \u00e0 Paris du p\u00e8re d\u2019un homme ayant&hellip;\n","protected":false},"author":2,"featured_media":168429,"comment_status":"","ping_status":"","sticky":false,"template":"","format":"standard","meta":{"footnotes":""},"categories":[1888],"tags":[1111,1928,11,1927,30172,1777,674,1011,27,7774,30173,2565,12,1926,626,1925,25],"class_list":{"0":"post-168427","1":"post","2":"type-post","3":"status-publish","4":"format-standard","5":"has-post-thumbnail","7":"category-paris","8":"tag-actu","9":"tag-actu-paris","10":"tag-actualites","11":"tag-actualites-paris","12":"tag-brigade-de-recherche-et-dintervention","13":"tag-eu","14":"tag-europe","15":"tag-fr","16":"tag-france","17":"tag-garde-a-vue","18":"tag-lenlevement","19":"tag-mai","20":"tag-news","21":"tag-news-paris","22":"tag-paris","23":"tag-paris-news","24":"tag-republique-francaise"},"share_on_mastodon":{"url":"https:\/\/pubeurope.com\/@fr\/114665230637149397","error":""},"_links":{"self":[{"href":"https:\/\/www.europesays.com\/fr\/wp-json\/wp\/v2\/posts\/168427","targetHints":{"allow":["GET"]}}],"collection":[{"href":"https:\/\/www.europesays.com\/fr\/wp-json\/wp\/v2\/posts"}],"about":[{"href":"https:\/\/www.europesays.com\/fr\/wp-json\/wp\/v2\/types\/post"}],"author":[{"embeddable":true,"href":"https:\/\/www.europesays.com\/fr\/wp-json\/wp\/v2\/users\/2"}],"replies":[{"embeddable":true,"href":"https:\/\/www.europesays.com\/fr\/wp-json\/wp\/v2\/comments?post=168427"}],"version-history":[{"count":0,"href":"https:\/\/www.europesays.com\/fr\/wp-json\/wp\/v2\/posts\/168427\/revisions"}],"wp:featuredmedia":[{"embeddable":true,"href":"https:\/\/www.europesays.com\/fr\/wp-json\/wp\/v2\/media\/168429"}],"wp:attachment":[{"href":"https:\/\/www.europesays.com\/fr\/wp-json\/wp\/v2\/media?parent=168427"}],"wp:term":[{"taxonomy":"category","embeddable":true,"href":"https:\/\/www.europesays.com\/fr\/wp-json\/wp\/v2\/categories?post=168427"},{"taxonomy":"post_tag","embeddable":true,"href":"https:\/\/www.europesays.com\/fr\/wp-json\/wp\/v2\/tags?post=168427"}],"curies":[{"name":"wp","href":"https:\/\/api.w.org\/{rel}","templated":true}]}}