{"id":16843,"date":"2025-04-11T08:30:06","date_gmt":"2025-04-11T08:30:06","guid":{"rendered":"https:\/\/www.europesays.com\/fr\/16843\/"},"modified":"2025-04-11T08:30:06","modified_gmt":"2025-04-11T08:30:06","slug":"pres-de-lyon-les-gendarmes-cernent-lentree-de-cette-commune-pluie-de-pv-en-2h","status":"publish","type":"post","link":"https:\/\/www.europesays.com\/fr\/16843\/","title":{"rendered":"Pr\u00e8s de Lyon. Les gendarmes cernent l&rsquo;entr\u00e9e de cette commune, pluie de PV en 2h"},"content":{"rendered":"<p>            Par<br \/>\n        <strong><br \/>\n            <a href=\"https:\/\/actu.fr\/auteur\/anthony-soudani\" title=\"Consulter tous les articles de Anthony Soudani\" rel=\"nofollow noopener\" target=\"_blank\">Anthony Soudani<\/a><br \/>\n        <\/strong><\/p>\n<p>        Publi\u00e9 le<\/p>\n<p>            11 avr. 2025 \u00e0 9h46        <\/p>\n<p>Les gendarmes ont conduit une op\u00e9ration anti-d\u00e9linquance \u00e0 L\u2019Arbresle, commune du <a href=\"https:\/\/actu.fr\/auvergne-rhone-alpes\/rhone_69\" rel=\"nofollow noopener\" target=\"_blank\">Rh\u00f4ne<\/a> \u00e0 l\u2019ouest de la m\u00e9tropole de <a href=\"https:\/\/actu.fr\/lyon\/\" rel=\"nofollow noopener\" target=\"_blank\">Lyon<\/a>. Les flux entrants et sortants de la ville ont \u00e9t\u00e9 cibl\u00e9s le samedi 5 avril, en soir\u00e9e, de 20h \u00e0 22h.\u00a0<\/p>\n<p>    <a href=\"https:\/\/www.google.com\/maps\/embed?pb=!1m18!1m12!1m3!1d77031.12592118695!2d4.654110330090756!3d45.80742824832036!2m3!1f0!2f0!3f0!3m2!1i1024!2i768!4f13.1!3m3!1m2!1s0x47f48b6c075d4927%3A0x408ab2ae4bb28e0!2s69210%20L%27Arbresle!5e0!3m2!1sfr!2sfr!4v1744356861920!5m2!1sfr!2sfr\" title=\"Ouvrie le lien\" rel=\"nofollow noopener\" target=\"_blank\">Cliquez ici pour visualiser le contenu<\/a><\/p>\n<p class=\" wall-content\">Au total, treize gendarmes ont \u00e9t\u00e9 mobilis\u00e9s pour <strong>contr\u00f4ler 83 v\u00e9hicules<\/strong>. Les militaires ont effectu\u00e9 45 d\u00e9pistages d\u2019alcool et 22 d\u00e9pistages de stup\u00e9fiants. De nombreux PV sont tomb\u00e9s et des v\u00e9hicules ont \u00e9t\u00e9 immobilis\u00e9s.\u00a0<\/p>\n<p>Les PV tombent en deux heures<\/p>\n<p class=\" wall-content\">Le bilan de l\u2019op\u00e9ration en seulement 2h n\u2019est pas anodin.<strong> Deux conduites sous stup\u00e9fiants et une sous alcool\u00e9mie<\/strong> ont \u00e9t\u00e9 relev\u00e9es.<\/p>\n<p class=\" wall-content\">Les gendarmes font part d\u2019une conduite malgr\u00e9 immobilisation, d\u2019un d\u00e9faut de permis, de trois d\u00e9fauts d\u2019assurance, de sept d\u00e9fauts de contr\u00f4le technique, d\u2019un usage du t\u00e9l\u00e9phone au volant, d\u2019un tapage injurieux (automobiliste r\u00e9calcitrant), d\u2019un rod\u00e9o en cyclomoteur.\u00a0<\/p>\n<p>Vid\u00e9os : en ce moment sur Actu<\/p>\n<p class=\" wall-content\">Six v\u00e9hicules ont \u00e9t\u00e9 immobilis\u00e9s et trois voitures ont \u00e9t\u00e9 plac\u00e9es en fourri\u00e8re. Les gendarmes pr\u00e9viennent : \u00ab\u00a0D\u2019autres actions similaires seront men\u00e9es prochainement.\u00a0\u00bb<\/p>\n<p class=\" wall-content\">Suivez toute l\u2019actualit\u00e9 de vos villes et m\u00e9dias favoris en vous inscrivant \u00e0 <a href=\"https:\/\/moncompte.actu.fr\" title=\"D\u00e9couvez Mon Actu\" rel=\"nofollow noopener\" data-trk=\"{&quot;cta&quot;:{&quot;action&quot;:&quot;https:\\\/\\\/moncompte.actu.fr&quot;,&quot;category&quot;:&quot;mon compte&quot;,&quot;from&quot;:&quot;article footer&quot;,&quot;name&quot;:&quot;Mon actu&quot;,&quot;type&quot;:&quot;cta&quot;}}\" target=\"_blank\">Mon Actu<\/a>.<\/p>\n<ul class=\"ac-article-tag wall-content\">\n<li><a href=\"https:\/\/actu.fr\/tag\/gendarmerie\" data-trk=\"{&quot;cta&quot;:{&quot;action&quot;:&quot;Gendarmerie&quot;,&quot;category&quot;:&quot;tag&quot;,&quot;from&quot;:&quot;article footer&quot;,&quot;name&quot;:&quot;Gendarmerie&quot;,&quot;type&quot;:&quot;cta&quot;}}\" rel=\"nofollow noopener\" target=\"_blank\">#Gendarmerie<\/a><\/li>\n<li><a href=\"https:\/\/actu.fr\/tag\/securite-routiere\" data-trk=\"{&quot;cta&quot;:{&quot;action&quot;:&quot;S\\u00e9curit\\u00e9 routi\\u00e8re&quot;,&quot;category&quot;:&quot;tag&quot;,&quot;from&quot;:&quot;article footer&quot;,&quot;name&quot;:&quot;S\\u00e9curit\\u00e9 routi\\u00e8re&quot;,&quot;type&quot;:&quot;cta&quot;}}\" rel=\"nofollow noopener\" target=\"_blank\">#S\u00e9curit\u00e9 routi\u00e8re<\/a><\/li>\n<\/ul>\n","protected":false},"excerpt":{"rendered":"Par Anthony Soudani Publi\u00e9 le 11 avr. 2025 \u00e0 9h46 Les gendarmes ont conduit une op\u00e9ration anti-d\u00e9linquance \u00e0&hellip;\n","protected":false},"author":2,"featured_media":16844,"comment_status":"","ping_status":"","sticky":false,"template":"","format":"standard","meta":{"footnotes":""},"categories":[1889],"tags":[1111,11,2430,1777,674,118,1011,27,3381,2428,12,25,5009],"class_list":{"0":"post-16843","1":"post","2":"type-post","3":"status-publish","4":"format-standard","5":"has-post-thumbnail","7":"category-lyon","8":"tag-actu","9":"tag-actualites","10":"tag-auvergne-rhone-alpes","11":"tag-eu","12":"tag-europe","13":"tag-faits-divers","14":"tag-fr","15":"tag-france","16":"tag-gendarmerie","17":"tag-lyon","18":"tag-news","19":"tag-republique-francaise","20":"tag-securite-routiere"},"share_on_mastodon":{"url":"https:\/\/pubeurope.com\/@fr\/114318398169102135","error":""},"_links":{"self":[{"href":"https:\/\/www.europesays.com\/fr\/wp-json\/wp\/v2\/posts\/16843","targetHints":{"allow":["GET"]}}],"collection":[{"href":"https:\/\/www.europesays.com\/fr\/wp-json\/wp\/v2\/posts"}],"about":[{"href":"https:\/\/www.europesays.com\/fr\/wp-json\/wp\/v2\/types\/post"}],"author":[{"embeddable":true,"href":"https:\/\/www.europesays.com\/fr\/wp-json\/wp\/v2\/users\/2"}],"replies":[{"embeddable":true,"href":"https:\/\/www.europesays.com\/fr\/wp-json\/wp\/v2\/comments?post=16843"}],"version-history":[{"count":0,"href":"https:\/\/www.europesays.com\/fr\/wp-json\/wp\/v2\/posts\/16843\/revisions"}],"wp:featuredmedia":[{"embeddable":true,"href":"https:\/\/www.europesays.com\/fr\/wp-json\/wp\/v2\/media\/16844"}],"wp:attachment":[{"href":"https:\/\/www.europesays.com\/fr\/wp-json\/wp\/v2\/media?parent=16843"}],"wp:term":[{"taxonomy":"category","embeddable":true,"href":"https:\/\/www.europesays.com\/fr\/wp-json\/wp\/v2\/categories?post=16843"},{"taxonomy":"post_tag","embeddable":true,"href":"https:\/\/www.europesays.com\/fr\/wp-json\/wp\/v2\/tags?post=16843"}],"curies":[{"name":"wp","href":"https:\/\/api.w.org\/{rel}","templated":true}]}}