{"id":168434,"date":"2025-06-11T14:37:14","date_gmt":"2025-06-11T14:37:14","guid":{"rendered":"https:\/\/www.europesays.com\/fr\/168434\/"},"modified":"2025-06-11T14:37:14","modified_gmt":"2025-06-11T14:37:14","slug":"frappes-russes-meurtrieres-sur-kharkiv-lukraine-recupere-les-corps-de-1-200-soldats","status":"publish","type":"post","link":"https:\/\/www.europesays.com\/fr\/168434\/","title":{"rendered":"Frappes russes meurtri\u00e8res sur Kharkiv, l&rsquo;Ukraine r\u00e9cup\u00e8re les corps de 1.200 soldats"},"content":{"rendered":"<p>Des frappes russes ont tu\u00e9 trois personnes et fait plus de soixante bless\u00e9s dans la nuit de mardi \u00e0 mercredi \u00e0 Kharkiv, deuxi\u00e8me ville d&rsquo;Ukraine, alors que Moscou a intensifi\u00e9 ses attaques quotidiennes sur ce pays et que les n\u00e9gociations de paix sont dans l&rsquo;impasse.<\/p>\n<p>Parall\u00e8lement aux attaques, un nouvel \u00e9change de militaires gri\u00e8vement bless\u00e9s doit avoir lieu jeudi, a annonc\u00e9 Moscou. Kiev a de son c\u00f4t\u00e9 annonc\u00e9 avoir r\u00e9cup\u00e9r\u00e9 1.212 corps de ses soldats tu\u00e9s sur le front, une des plus importantes op\u00e9rations du genre depuis l&rsquo;invasion lanc\u00e9e par Moscou il y a plus de trois ans. <\/p>\n<p>Le pr\u00e9sident ukrainien Volodymyr Zelensky a appel\u00e9 les Occidentaux \u00e0 \u00ab\u00a0ne pas avoir peur\u00a0\u00bb d'\u00a0\u00bbagir\u00a0\u00bb apr\u00e8s les nouvelles frappes. Cela doit, selon lui, forcer Moscou \u00e0 \u00ab\u00a0s&rsquo;engager dans la v\u00e9ritable diplomatie\u00a0\u00bb pour mettre fin \u00e0 la guerre. <\/p>\n<p>\u00ab\u00a0Cela d\u00e9pend principalement des Etats-Unis\u00a0\u00bb, a-t-il d\u00e9clar\u00e9 sur les r\u00e9seaux sociaux. <\/p>\n<p>Le pr\u00e9sident am\u00e9ricain Donald Trump a maintes fois exhort\u00e9 Moscou et Kiev \u00e0 n\u00e9gocier pour arr\u00eater ce conflit, le pire en Europe depuis la Seconde Guerre mondiale, mais s&rsquo;est montr\u00e9 tr\u00e8s r\u00e9ticent \u00e0 imposer de nouvelles sanctions \u00e0 l&rsquo;encontre de la Russie, malgr\u00e9 des appels en ce sens de l&rsquo;Ukraine et des Europ\u00e9ens. <\/p>\n<p>La Russie a tir\u00e9 un nombre record de drones et missiles sur les zones civiles en Ukraine ces derni\u00e8res semaines, apr\u00e8s avoir avanc\u00e9 des conditions maximalistes pour faire cesser les combats, que Kiev a rejet\u00e9es.<\/p>\n<p>Une nouvelle attaque de drones russes contre Kharkiv a tu\u00e9 trois personnes et bless\u00e9 une soixantaine d&rsquo;autres, dont neuf enfants, selon les autorit\u00e9s.<\/p>\n<p>  \u00ab\u00a0Jamais eu aussi peur\u00a0\u00bb<\/p>\n<p>Des journalistes de l&rsquo;AFP sur place ont vu des immeubles endommag\u00e9s et des voitures calcin\u00e9es.<\/p>\n<p>\u00ab\u00a0Je n&rsquo;ai jamais eu aussi peur de ma vie\u00a0\u00bb, a gliss\u00e9 \u00e0 l&rsquo;AFP une dame \u00e2g\u00e9e au regard perdu, tandis qu&rsquo;un homme maudissait les Russes en nettoyant des d\u00e9bris.<\/p>\n<p>Une autre habitante, Olena Khoroujeva, a dit s&rsquo;\u00eatre pr\u00e9cipit\u00e9e dans le couloir, loin des fen\u00eatres, avec ses deux enfants lorsqu&rsquo;elle a entendu les drones approcher en pleine nuit. <\/p>\n<p>\u00ab\u00a0Le plus jeune \u00e9tait allong\u00e9 sur le sol, les mains sur la t\u00eate. Je me suis allong\u00e9e sur lui\u00a0\u00bb pour le prot\u00e9ger, a racont\u00e9 \u00e0 l&rsquo;AFP cette pharmacienne de 41 ans. \u00ab\u00a0Il y a eu un silence, puis nous avons \u00e9t\u00e9 projet\u00e9s contre le mur&#8230; Il y a eu d&rsquo;autres explosions, puis nous avons entendu des gens crier +Au secours ! Au secours !+\u00a0\u00bb. <\/p>\n<tr>\n<td>\n          <img decoding=\"async\" onerror=\"this.style.display='none' src=\" https:=\"\" title=\"Un pompier \u00e9teint un incendie \u00e0 Kharkiv, le 7 juin 2025 - AFP\/Archives\" alt=\"AFP\/Archives\"\/>\n        <\/td>\n<td>\n<p class=\"copyright\">\u00a9 AFP\/Archives<\/p>\n<p class=\"caption\">Un pompier \u00e9teint un incendie \u00e0 Kharkiv, le 7 juin 2025<\/p>\n<\/td>\n<\/tr>\n<p>Situ\u00e9e \u00e0 une trentaine de kilom\u00e8tres de la fronti\u00e8re russe, Kharkiv voit se multiplier les attaques nocturnes d&rsquo;ampleur depuis une semaine, comme l&rsquo;ensemble du pays.<\/p>\n<p>La ville avait connu dans la nuit de vendredi \u00e0 samedi son attaque la plus puissante depuis le d\u00e9but de la guerre en 2022, avec une cinquantaine de frappes.<\/p>\n<p>  Impasse<\/p>\n<p>Kiev, en parall\u00e8le, multiplie les attaques de drones sur des sites militaires et strat\u00e9giques en Russie. <\/p>\n<p>Trente-deux drones ukrainiens ont \u00e9t\u00e9 intercept\u00e9s au-dessus de la Russie dans la nuit de mardi \u00e0 mercredi, selon le minist\u00e8re russe de la D\u00e9fense.<\/p>\n<p>L&rsquo;Ukraine reste en difficult\u00e9 sur le front. L&rsquo;arm\u00e9e russe, qui avait annonc\u00e9 dimanche attaquer une nouvelle r\u00e9gion ukrainienne, celle de Dnipropetrovsk, a dit mercredi y avoir envoy\u00e9 davantage de troupes.<\/p>\n<p>Cette r\u00e9gion centrale borde celle de Donetsk, \u00e9picentre des combats, mais les soldats russes n&rsquo;y avaient encore jamais p\u00e9n\u00e9tr\u00e9 en plus de trois ans de guerre.<\/p>\n<tr>\n<td>\n          <img decoding=\"async\" onerror=\"this.style.display='none' src=\" https:=\"\" title=\"Un pompier combat un incendie \u00e0 Kharkiv, le 7 juin 2025 - AFP\/Archives\" alt=\"AFP\/Archives\"\/>\n        <\/td>\n<td>\n<p class=\"copyright\">\u00a9 AFP\/Archives<\/p>\n<p class=\"caption\">Un pompier combat un incendie \u00e0 Kharkiv, le 7 juin 2025<\/p>\n<\/td>\n<\/tr>\n<p>Malgr\u00e9 les attaques, Kiev et Moscou ont tout de m\u00eame proc\u00e9d\u00e9 lundi et mardi \u00e0 un \u00e9change d&rsquo;ampleur de prisonniers de guerre, seul r\u00e9sultat concret des pourparlers directs \u00e0 Istanbul d\u00e9but juin.<\/p>\n<p>Contrairement \u00e0 l&rsquo;habitude, aucun camp n&rsquo;a communiqu\u00e9 le nombre de soldats rapatri\u00e9s. <\/p>\n<tr>\n<td>\n          <img decoding=\"async\" onerror=\"this.style.display='none' src=\" https:=\"\" title=\"Des pompiers \u00e9teignent un incendie \u00e0 Kharkiv, le 7 juin 2025 - AFP\/Archives\" alt=\"AFP\/Archives\"\/>\n        <\/td>\n<td>\n<p class=\"copyright\">\u00a9 AFP\/Archives<\/p>\n<p class=\"caption\">Des pompiers \u00e9teignent un incendie \u00e0 Kharkiv, le 7 juin 2025<\/p>\n<\/td>\n<\/tr>\n<p>Apr\u00e8s avoir promis en vain de r\u00e9gler le conflit \u00ab\u00a0en 24 heures\u00a0\u00bb et renou\u00e9 le contact avec son homologue russe Vladimir Poutine, Donald Trump s&rsquo;est mis en retrait du conflit ces derni\u00e8res semaines.<\/p>\n<p>Il a notamment compar\u00e9 l&rsquo;invasion russe de l&rsquo;Ukraine \u00e0 \u00ab\u00a0des jeunes enfants qui se battent\u00a0\u00bb.<\/p>\n<p>Les Europ\u00e9ens ont, eux, menac\u00e9 la Russie de nouvelles \u00ab\u00a0sanctions massives\u00a0\u00bb si elle refusait une tr\u00eave inconditionnelle de 30 jours, mais ils peinent \u00e0 trouver une r\u00e9ponse sans le soutien de Washington.<\/p>\n<p>De son c\u00f4t\u00e9, Kiev poursuit ses efforts diplomatiques pour engranger des soutiens et accueille mercredi dans le port ukrainien d&rsquo;Odessa, sur la mer Noire, plusieurs dirigeants d&rsquo;Europe du Sud-Est.<\/p>\n<p>Le pr\u00e9sident serbe Aleksandar Vucic doit notamment participer \u00e0 ce sommet, selon ses services. Il s&rsquo;agirait de sa premi\u00e8re visite en Ukraine depuis le d\u00e9but de l&rsquo;invasion en 2022, alors que Belgrade a gard\u00e9 de bonnes relations avec Moscou malgr\u00e9 le conflit.<\/p>\n","protected":false},"excerpt":{"rendered":"Des frappes russes ont tu\u00e9 trois personnes et fait plus de soixante bless\u00e9s dans la nuit de mardi&hellip;\n","protected":false},"author":2,"featured_media":168435,"comment_status":"","ping_status":"","sticky":false,"template":"","format":"standard","meta":{"footnotes":""},"categories":[1591],"tags":[11,1887,12,1885,1886,132],"class_list":{"0":"post-168434","1":"post","2":"type-post","3":"status-publish","4":"format-standard","5":"has-post-thumbnail","7":"category-russie","8":"tag-actualites","9":"tag-federation-de-russie","10":"tag-news","11":"tag-russia","12":"tag-russian-federation","13":"tag-russie"},"share_on_mastodon":{"url":"https:\/\/pubeurope.com\/@fr\/114665242376010333","error":""},"_links":{"self":[{"href":"https:\/\/www.europesays.com\/fr\/wp-json\/wp\/v2\/posts\/168434","targetHints":{"allow":["GET"]}}],"collection":[{"href":"https:\/\/www.europesays.com\/fr\/wp-json\/wp\/v2\/posts"}],"about":[{"href":"https:\/\/www.europesays.com\/fr\/wp-json\/wp\/v2\/types\/post"}],"author":[{"embeddable":true,"href":"https:\/\/www.europesays.com\/fr\/wp-json\/wp\/v2\/users\/2"}],"replies":[{"embeddable":true,"href":"https:\/\/www.europesays.com\/fr\/wp-json\/wp\/v2\/comments?post=168434"}],"version-history":[{"count":0,"href":"https:\/\/www.europesays.com\/fr\/wp-json\/wp\/v2\/posts\/168434\/revisions"}],"wp:featuredmedia":[{"embeddable":true,"href":"https:\/\/www.europesays.com\/fr\/wp-json\/wp\/v2\/media\/168435"}],"wp:attachment":[{"href":"https:\/\/www.europesays.com\/fr\/wp-json\/wp\/v2\/media?parent=168434"}],"wp:term":[{"taxonomy":"category","embeddable":true,"href":"https:\/\/www.europesays.com\/fr\/wp-json\/wp\/v2\/categories?post=168434"},{"taxonomy":"post_tag","embeddable":true,"href":"https:\/\/www.europesays.com\/fr\/wp-json\/wp\/v2\/tags?post=168434"}],"curies":[{"name":"wp","href":"https:\/\/api.w.org\/{rel}","templated":true}]}}