{"id":168436,"date":"2025-06-11T14:38:12","date_gmt":"2025-06-11T14:38:12","guid":{"rendered":"https:\/\/www.europesays.com\/fr\/168436\/"},"modified":"2025-06-11T14:38:12","modified_gmt":"2025-06-11T14:38:12","slug":"une-importante-cathedrale-de-kiev-endommagee-lors-des-recentes-frappes-russes","status":"publish","type":"post","link":"https:\/\/www.europesays.com\/fr\/168436\/","title":{"rendered":"une importante cath\u00e9drale de Kiev endommag\u00e9e lors des r\u00e9centes frappes russes"},"content":{"rendered":"<p>Cette cath\u00e9drale orthodoxe, aux murs blancs, \u00e0 la fa\u00e7ade verte et aux coupoles dor\u00e9es, est un \u00e9difice embl\u00e9matique datant du XIe si\u00e8cle, construit lors de la p\u00e9riode de la Rus&rsquo; de Kiev, un Etat m\u00e9di\u00e9val commun \u00e0 l&rsquo;histoire de l&rsquo;Ukraine, de la Russie et du B\u00e9larus.<\/p>\n<p>\u00ab\u00a0La cath\u00e9drale Sainte-Sophie, dans la capitale, a \u00e9t\u00e9 endommag\u00e9e: une partie de sa fa\u00e7ade s&rsquo;est effondr\u00e9e sous l&rsquo;effet de l&rsquo;onde de choc\u00a0\u00bb d&rsquo;une explosion \u00e0 proximit\u00e9, a indiqu\u00e9 mardi soir le pr\u00e9sident Volodymyr Zelensky dans son adresse quotidienne sur les r\u00e9seaux sociaux.<\/p>\n<p>\u00ab\u00a0Toute menace de dommage ou de destruction envers (la cath\u00e9drale) Sainte-Sophie est absolument inacceptable, catastrophique. Mais pas pour la Russie\u00a0\u00bb, a-t-il d\u00e9nonc\u00e9.<\/p>\n<p>Un journaliste de l&rsquo;AFP sur place a constat\u00e9 mercredi qu&rsquo;un morceau de la corniche de la cath\u00e9drale, \u00e9l\u00e9ment qui date du XVIIIe si\u00e8cle, est tomb\u00e9 au sol.<\/p>\n<p>Selon Vadym Kyrylenko, directeur adjoint du monument, il n&rsquo;est pas possible dans l&rsquo;imm\u00e9diat de d\u00e9terminer si l&rsquo;onde de choc qui a provoqu\u00e9 ces d\u00e9g\u00e2ts est due \u00e0 l&rsquo;impact d&rsquo;un drone russe \u00e0 proximit\u00e9 ou \u00e0 l&rsquo;interception d&rsquo;un tel engin par la d\u00e9fense antia\u00e9rienne ukrainienne.<\/p>\n<p>\u00ab\u00a0Heureusement, l&rsquo;onde de choc n&rsquo;\u00e9tait pas tr\u00e8s puissante\u00a0\u00bb, a pr\u00e9cis\u00e9 \u00e0 l&rsquo;AFP cet homme de 47 ans.<\/p>\n<p>La Russie, qui a envahi l&rsquo;Ukraine en 2022, a tir\u00e9 dans la nuit de lundi \u00e0 mardi 315 drones explosifs et sept missiles sur le pays, dont une partie ont \u00e9t\u00e9 neutralis\u00e9s, selon l&rsquo;arm\u00e9e de l&rsquo;air ukrainienne. Cette attaque a fait trois morts \u00e0 Kiev et Odessa (sud).<\/p>\n<p>Selon M. Kyrylenko, des d\u00e9bris de drones russes avaient d\u00e9j\u00e0 \u00e9t\u00e9 retrouv\u00e9s sur le territoire de la cath\u00e9drale depuis le d\u00e9but de la guerre, mais le dernier impact direct sur l&rsquo;\u00e9difice date de la Deuxi\u00e8me Guerre mondiale.<\/p>\n<p>Valeria Sergue\u00efeva, une habitante de Kiev qui \u00e9tudie \u00e0 l&rsquo;Acad\u00e9mie des arts, a indiqu\u00e9 \u00e0 l&rsquo;AFP \u00eatre \u00ab\u00a0boulevers\u00e9e\u00a0\u00bb que la cath\u00e9drale, un endroit o\u00f9 elle aime peindre, ait \u00e9t\u00e9 touch\u00e9e.<\/p>\n<p>\u00ab\u00a0C&rsquo;est tr\u00e8s triste que des choses qui nous rappellent le pass\u00e9 souffrent des actions des gens du pr\u00e9sent\u00a0\u00bb, a-t-elle dit.<\/p>\n<p>Le minist\u00e8re ukrainien de la Culture a de son c\u00f4t\u00e9 annonc\u00e9 son intention de saisir les instances internationales.<\/p>\n","protected":false},"excerpt":{"rendered":"Cette cath\u00e9drale orthodoxe, aux murs blancs, \u00e0 la fa\u00e7ade verte et aux coupoles dor\u00e9es, est un \u00e9difice embl\u00e9matique&hellip;\n","protected":false},"author":2,"featured_media":168437,"comment_status":"","ping_status":"","sticky":false,"template":"","format":"standard","meta":{"footnotes":""},"categories":[1590],"tags":[17,11,13601,30176,1777,674,329,30175,11229,7826,12,220,96],"class_list":{"0":"post-168436","1":"post","2":"type-post","3":"status-publish","4":"format-standard","5":"has-post-thumbnail","7":"category-ukraine","8":"tag-17","9":"tag-actualites","10":"tag-cathedrale","11":"tag-endommagee","12":"tag-eu","13":"tag-europe","14":"tag-france-monde","15":"tag-importante","16":"tag-kiev","17":"tag-lors","18":"tag-news","19":"tag-ukraine","20":"tag-une"},"share_on_mastodon":{"url":"https:\/\/pubeurope.com\/@fr\/114665246275300058","error":""},"_links":{"self":[{"href":"https:\/\/www.europesays.com\/fr\/wp-json\/wp\/v2\/posts\/168436","targetHints":{"allow":["GET"]}}],"collection":[{"href":"https:\/\/www.europesays.com\/fr\/wp-json\/wp\/v2\/posts"}],"about":[{"href":"https:\/\/www.europesays.com\/fr\/wp-json\/wp\/v2\/types\/post"}],"author":[{"embeddable":true,"href":"https:\/\/www.europesays.com\/fr\/wp-json\/wp\/v2\/users\/2"}],"replies":[{"embeddable":true,"href":"https:\/\/www.europesays.com\/fr\/wp-json\/wp\/v2\/comments?post=168436"}],"version-history":[{"count":0,"href":"https:\/\/www.europesays.com\/fr\/wp-json\/wp\/v2\/posts\/168436\/revisions"}],"wp:featuredmedia":[{"embeddable":true,"href":"https:\/\/www.europesays.com\/fr\/wp-json\/wp\/v2\/media\/168437"}],"wp:attachment":[{"href":"https:\/\/www.europesays.com\/fr\/wp-json\/wp\/v2\/media?parent=168436"}],"wp:term":[{"taxonomy":"category","embeddable":true,"href":"https:\/\/www.europesays.com\/fr\/wp-json\/wp\/v2\/categories?post=168436"},{"taxonomy":"post_tag","embeddable":true,"href":"https:\/\/www.europesays.com\/fr\/wp-json\/wp\/v2\/tags?post=168436"}],"curies":[{"name":"wp","href":"https:\/\/api.w.org\/{rel}","templated":true}]}}