{"id":168440,"date":"2025-06-11T14:40:09","date_gmt":"2025-06-11T14:40:09","guid":{"rendered":"https:\/\/www.europesays.com\/fr\/168440\/"},"modified":"2025-06-11T14:40:09","modified_gmt":"2025-06-11T14:40:09","slug":"il-se-fait-amputer-de-quatre-orteils-a-cause-de-chaussures-orthopediques-trop-petites","status":"publish","type":"post","link":"https:\/\/www.europesays.com\/fr\/168440\/","title":{"rendered":"Il se fait amputer de quatre orteils \u00e0 cause de chaussures orthop\u00e9diques trop petites"},"content":{"rendered":"<p>Il n\u2019aurait jamais imagin\u00e9 que le plus beau jour de sa vie serait aussi le d\u00e9but\u00a0d\u2019un v\u00e9ritable\u00a0cauchemar.\u00a0Martin Ralph, un <a href=\"https:\/\/www.20minutes.fr\/monde\/royaume-uni\/\" class=\"color-ultramarine c-link\" target=\"_blank\" rel=\"noopener\">Britannique<\/a> \u00e2g\u00e9 de 61 ans, a d\u00fb \u00eatre amput\u00e9 d\u2019une partie du pied apr\u00e8s avoir port\u00e9 des chaussures orthop\u00e9diques trop petites le jour de son <a href=\"https:\/\/www.20minutes.fr\/dossier\/mariage\" class=\"color-ultramarine c-link\" target=\"_blank\" rel=\"noopener\">mariage<\/a>, rapporte le <a href=\"https:\/\/nypost.com\/2025\/06\/09\/lifestyle\/my-wedding-shoes-were-too-tight-then-they-had-to-amputate-my-toes\/?utm_campaign=nypost&amp;utm_source=twitter&amp;utm_medium=social\" target=\"_blank\" class=\"color-ultramarine c-link\" rel=\"noopener\">New York Post<\/a>. Il a\u00a0perdu quatre orteils en quatre ans.<\/p>\n<p>Le sexag\u00e9naire, atteint\u00a0de diab\u00e8te, avait\u00a0d\u00e9cid\u00e9 de s\u2019offrir des chaussures orthop\u00e9diques sur mesure pour c\u00e9l\u00e9brer son union avec sa femme Melissa.\u00a0Il a donc fait mesurer son pied \u00e0 l\u2019h\u00f4pital\u00a0et\u00a0a re\u00e7u, apr\u00e8s plusieurs mois d\u2019attente, sa paire flambant neuve\u00a0le jour de\u00a0son mariage, le 27\u00a0juillet 2019.\u00a0Mais d\u00e8s l\u2019essayage, Martin Ralph a senti que quelque chose n\u2019allait pas. \u00ab\u00a0Les chaussures \u00e9taient trop petites\u00a0\u00bb, raconte-t-il.<\/p>\n<p class=\"mb-m@xs text-l@xs\">En cliquant sur\u00ab J\u2019accepte \u00bb, vous acceptez le d\u00e9p\u00f4t de cookies par des services externes et aurez ainsi acc\u00e8s aux contenus de nos partenaires.<\/p>\n<p class=\"mb-xl@xs text-s@xs\">Plus d\u2019informations sur la page<a href=\"https:\/\/www.20minutes.fr\/gestion-cookies\" class=\"mx-xxs@xs color-ultramarine\" target=\"_blank\" rel=\"noopener\">Politique de gestion des cookies<\/a><\/p>\n<p>J\u2019accepte\u00ab\u00a0Comme si un boucher \u00e9tait pass\u00e9 par l\u00e0\u00a0\u00bb<\/p>\n<p>Le personnel du NHS (le service de sant\u00e9 britannique) lui a assur\u00e9 qu\u2019elles allaient se d\u00e9tendre lorsqu\u2019il les porterait. Sauf que le jour de son mariage, la douleur est devenue\u00a0si insupportable qu\u2019il a \u00e9t\u00e9 oblig\u00e9 de les enlever. \u00ab\u00a0Au milieu de la journ\u00e9e, l\u2019un de mes pieds devenait vraiment douloureux\u00a0\u00bb, poursuit-il. Quelques semaines plus tard, il a rep\u00e9r\u00e9 une ampoule sur le m\u00eame pied qui semblait\u00a0\u00eatre infect\u00e9e. \u00ab\u00a0Quand j\u2019ai enlev\u00e9 ma chaussette, mon orteil \u00e9tait trois fois plus grand qu\u2019il aurait d\u00fb l\u2019\u00eatre\u00a0\u00bb, se souvient-il.<\/p>\n<p>Malgr\u00e9 une prescription d\u2019antibiotiques, l\u2019infection s\u2019est rapidement propag\u00e9e dans sa\u00a0jambe.\u00a0Lorsque Martin a finalement \u00e9t\u00e9 hospitalis\u00e9, l\u2019os de son orteil \u00e9tait visible. \u00ab\u00a0C\u2019\u00e9tait comme si un boucher \u00e9tait pass\u00e9 par l\u00e0, j\u2019\u00e9tais sous le choc\u00a0\u00bb, confie-t-il.\u00a0Pour sauver sa jambe, les m\u00e9decins n\u2019ont pas eu le\u00a0choix d\u2019amputer son\u00a0gros orteil droit, au niveau de la phalange.\u00a0Au cours des quatre ann\u00e9es suivantes, le p\u00e8re de quatre enfants a d\u00e9velopp\u00e9 de\u00a0nouvelles complications au pied et trois autres orteils ont d\u00fb \u00eatre amput\u00e9s.<\/p>\n<\/p>\n<p>Ancien propri\u00e9taire d\u2019une entreprise de nettoyage, Martin Ralph ne peut d\u00e9sormais plus travailler. Il souffre de douleurs chroniques et se d\u00e9place difficilement.\u00a0Il a engag\u00e9 une action en justice contre le Buckinghamshire Healthcare NHS Trust. L\u2019organisme a reconnu sa responsabilit\u00e9, admettant que ces amputations auraient \u00e9t\u00e9 \u00e9vit\u00e9es sans ces\u00a0chaussures trop petites.\u00a0Dans un communiqu\u00e9, le NHS a pr\u00e9sent\u00e9 ses \u00ab\u00a0sinc\u00e8res\u00a0excuses\u00a0\u00bb \u00e0 la victime.<\/p>\n","protected":false},"excerpt":{"rendered":"Il n\u2019aurait jamais imagin\u00e9 que le plus beau jour de sa vie serait aussi le d\u00e9but\u00a0d\u2019un v\u00e9ritable\u00a0cauchemar.\u00a0Martin Ralph,&hellip;\n","protected":false},"author":2,"featured_media":168441,"comment_status":"","ping_status":"","sticky":false,"template":"","format":"standard","meta":{"footnotes":""},"categories":[1588],"tags":[47,11,1777,674,100,1757,303,1930,74,12,473,1853,1851,1850,1852],"class_list":{"0":"post-168440","1":"post","2":"type-post","3":"status-publish","4":"format-standard","5":"has-post-thumbnail","7":"category-royaume-uni","8":"tag-actualite","9":"tag-actualites","10":"tag-eu","11":"tag-europe","12":"tag-hopital","13":"tag-insolite","14":"tag-justice","15":"tag-mariage","16":"tag-monde","17":"tag-news","18":"tag-royaume-uni","19":"tag-royaume-uni-de-grande-bretagne-et-dirlande-du-nord","20":"tag-uk","21":"tag-united-kingdom","22":"tag-united-kingdom-of-great-britain-and-northern-ireland"},"share_on_mastodon":{"url":"https:\/\/pubeurope.com\/@fr\/114665254200714914","error":""},"_links":{"self":[{"href":"https:\/\/www.europesays.com\/fr\/wp-json\/wp\/v2\/posts\/168440","targetHints":{"allow":["GET"]}}],"collection":[{"href":"https:\/\/www.europesays.com\/fr\/wp-json\/wp\/v2\/posts"}],"about":[{"href":"https:\/\/www.europesays.com\/fr\/wp-json\/wp\/v2\/types\/post"}],"author":[{"embeddable":true,"href":"https:\/\/www.europesays.com\/fr\/wp-json\/wp\/v2\/users\/2"}],"replies":[{"embeddable":true,"href":"https:\/\/www.europesays.com\/fr\/wp-json\/wp\/v2\/comments?post=168440"}],"version-history":[{"count":0,"href":"https:\/\/www.europesays.com\/fr\/wp-json\/wp\/v2\/posts\/168440\/revisions"}],"wp:featuredmedia":[{"embeddable":true,"href":"https:\/\/www.europesays.com\/fr\/wp-json\/wp\/v2\/media\/168441"}],"wp:attachment":[{"href":"https:\/\/www.europesays.com\/fr\/wp-json\/wp\/v2\/media?parent=168440"}],"wp:term":[{"taxonomy":"category","embeddable":true,"href":"https:\/\/www.europesays.com\/fr\/wp-json\/wp\/v2\/categories?post=168440"},{"taxonomy":"post_tag","embeddable":true,"href":"https:\/\/www.europesays.com\/fr\/wp-json\/wp\/v2\/tags?post=168440"}],"curies":[{"name":"wp","href":"https:\/\/api.w.org\/{rel}","templated":true}]}}