{"id":168448,"date":"2025-06-11T14:44:10","date_gmt":"2025-06-11T14:44:10","guid":{"rendered":"https:\/\/www.europesays.com\/fr\/168448\/"},"modified":"2025-06-11T14:44:10","modified_gmt":"2025-06-11T14:44:10","slug":"document-rtl-ce-nest-pas-possible-sur-rtl-lemotion-du-pere-du-lyceen-francais-tue-dans-la-fusillade-en-autriche","status":"publish","type":"post","link":"https:\/\/www.europesays.com\/fr\/168448\/","title":{"rendered":"DOCUMENT RTL &#8211; \u00ab\u00a0Ce n&rsquo;est pas possible\u00a0\u00bb : sur RTL, l&rsquo;\u00e9motion du p\u00e8re du lyc\u00e9en fran\u00e7ais tu\u00e9 dans la fusillade en Autriche"},"content":{"rendered":"<p class=\"article-p mdl\"><strong>Deuil national de trois jours et minute de silence<\/strong> :\u00a0l&rsquo;Autriche\u00a0se recueille ce mercredi 11 juin au lendemain de la mort dans un \u00e9tablissement scolaire de Graz <strong>de dix personnes<\/strong>, tu\u00e9es par balles <strong>par un ancien \u00e9l\u00e8ve qui s&rsquo;est ensuite suicid\u00e9<\/strong>, une \u00e9preuve in\u00e9dite dans ce pays paisible.<\/p>\n<p class=\"article-p mdl\">L&rsquo;auteur pr\u00e9sum\u00e9,<a class=\"link\" href=\"https:\/\/www.rtl.fr\/actu\/international\/autriche-une-attaque-dans-une-ecole-fait-plusieurs-morts-7900513873\" target=\"_blank\" rel=\"noopener\"> <strong>un Autrichien de 21 ans<\/strong><\/a>, a agi seul et s&rsquo;est donn\u00e9 la mort dans les toilettes apr\u00e8s son crime, selon la police, qui tente d&rsquo;y voir plus clair sur son mobile et le d\u00e9roul\u00e9 exact des \u00e9v\u00e9nements. Les enqu\u00eateurs ont d\u00e9couvert lors d&rsquo;une perquisition \u00e0 son domicile <strong>\u00ab\u00a0une bombe artisanale non fonctionnelle\u00a0\u00bb <\/strong>et <strong>une lettre d&rsquo;adieu adress\u00e9e \u00e0 ses parents<\/strong>, sans offrir aucun indice sur ce qui l&rsquo;a pouss\u00e9 \u00e0 semer la mort.<\/p>\n<p class=\"article-p mdl\">Parmi les victimes,\u00a0<a class=\"link\" href=\"https:\/\/www.rtl.fr\/actu\/justice-faits-divers\/autriche-un-eleve-francais-de-17-ans-parmi-les-victimes-de-la-tuerie-dans-un-lycee-7900514252\" target=\"_blank\" rel=\"noopener\"><strong>L\u00e9o, un jeune Franco-Autrichien de 17 ans<\/strong><\/a> dont une partie de sa famille est \u00e9tablie \u00e0 Graz. Son p\u00e8re t\u00e9moigne sur RTL. \u00ab\u00a0On a \u00e9t\u00e9 avis\u00e9 officiellement de son d\u00e9c\u00e8s \u00e0 18h30 par la venue de la police \u00e0 notre domicile. Ils avaient tr\u00e8s peu d&rsquo;\u00e9l\u00e9ments, ils sont venus avec un organisme de soutien psychologique.\u00a0\u00bb <\/p>\n<p class=\"article-p mdl\">\u00ab\u00a0Ce n&rsquo;est pas possible (&#8230;)<strong> Il y a la tristesse de toute la famille<\/strong>. Le probl\u00e8me, comme en France, il n&rsquo;y a aucun niveau de protection qui est mis en place pour renforcer encore la s\u00e9curit\u00e9\u00a0\u00bb, a-t-il poursuivi, la voix submerg\u00e9e par l&rsquo;\u00e9motion. Et de conclure : \u00ab\u00a0Une autopsie va \u00eatre r\u00e9alis\u00e9e. Et apr\u00e8s, le n\u00e9cessaire sera fait.\u00a0\u00bb<\/p>\n<p class=\"article-p mdl\">Loin des drames de ce genre qui frappent r\u00e9guli\u00e8rement d&rsquo;autres pays occidentaux, l&rsquo;Autriche, <strong>pays de 9,2 millions d&rsquo;habitants<\/strong>, n&rsquo;a pas l&rsquo;habitude de ce type de criminalit\u00e9. <strong>Elle figure parmi les dix \u00c9tats les plus s\u00fbrs du monde<\/strong>, d&rsquo;apr\u00e8s l&rsquo;Indice mondial pour la paix (Global Peace Index).<\/p>\n<p>    La r\u00e9daction vous recommande<\/p>\n<p class=\"s-newsletter__title\">\n                L\u2019actualit\u00e9 par la r\u00e9daction de RTL dans votre bo\u00eete mail.\n            <\/p>\n<p class=\"s-newsletter__subtitle\">\n                Gr\u00e2ce \u00e0 votre compte RTL abonnez-vous \u00e0 la newsletter RTL info pour suivre toute l&rsquo;actualit\u00e9 au quotidien\n            <\/p>\n<p>\n                                    Lire la suite\n                                <\/p>\n","protected":false},"excerpt":{"rendered":"Deuil national de trois jours et minute de silence :\u00a0l&rsquo;Autriche\u00a0se recueille ce mercredi 11 juin au lendemain de&hellip;\n","protected":false},"author":2,"featured_media":168449,"comment_status":"","ping_status":"","sticky":false,"template":"","format":"standard","meta":{"footnotes":""},"categories":[2],"tags":[11,13989,107,1011,27,3832,14,2633,28152,12,362,25],"class_list":{"0":"post-168448","1":"post","2":"type-post","3":"status-publish","4":"format-standard","5":"has-post-thumbnail","7":"category-actualites","8":"tag-actualites","9":"tag-autriche","10":"tag-fil-info","11":"tag-fr","12":"tag-france","13":"tag-fusillade","14":"tag-international","15":"tag-lycee","16":"tag-meurtres","17":"tag-news","18":"tag-replay","19":"tag-republique-francaise"},"share_on_mastodon":{"url":"https:\/\/pubeurope.com\/@fr\/114665269946018960","error":""},"_links":{"self":[{"href":"https:\/\/www.europesays.com\/fr\/wp-json\/wp\/v2\/posts\/168448","targetHints":{"allow":["GET"]}}],"collection":[{"href":"https:\/\/www.europesays.com\/fr\/wp-json\/wp\/v2\/posts"}],"about":[{"href":"https:\/\/www.europesays.com\/fr\/wp-json\/wp\/v2\/types\/post"}],"author":[{"embeddable":true,"href":"https:\/\/www.europesays.com\/fr\/wp-json\/wp\/v2\/users\/2"}],"replies":[{"embeddable":true,"href":"https:\/\/www.europesays.com\/fr\/wp-json\/wp\/v2\/comments?post=168448"}],"version-history":[{"count":0,"href":"https:\/\/www.europesays.com\/fr\/wp-json\/wp\/v2\/posts\/168448\/revisions"}],"wp:featuredmedia":[{"embeddable":true,"href":"https:\/\/www.europesays.com\/fr\/wp-json\/wp\/v2\/media\/168449"}],"wp:attachment":[{"href":"https:\/\/www.europesays.com\/fr\/wp-json\/wp\/v2\/media?parent=168448"}],"wp:term":[{"taxonomy":"category","embeddable":true,"href":"https:\/\/www.europesays.com\/fr\/wp-json\/wp\/v2\/categories?post=168448"},{"taxonomy":"post_tag","embeddable":true,"href":"https:\/\/www.europesays.com\/fr\/wp-json\/wp\/v2\/tags?post=168448"}],"curies":[{"name":"wp","href":"https:\/\/api.w.org\/{rel}","templated":true}]}}