{"id":168455,"date":"2025-06-11T14:48:09","date_gmt":"2025-06-11T14:48:09","guid":{"rendered":"https:\/\/www.europesays.com\/fr\/168455\/"},"modified":"2025-06-11T14:48:09","modified_gmt":"2025-06-11T14:48:09","slug":"un-champion-olympique-vient-garnir-les-rangs-du-mhsc-vb-pour-la-saison-prochaine","status":"publish","type":"post","link":"https:\/\/www.europesays.com\/fr\/168455\/","title":{"rendered":"Un champion olympique vient garnir les rangs du MHSC VB pour la saison prochaine"},"content":{"rendered":"<p>\n                                                                Montpellier a r\u00e9alis\u00e9 un gros coup sur le march\u00e9 des transferts en faisant revenir le central international fran\u00e7ais Quentin Jouffroy, sept ans apr\u00e8s son d\u00e9part du club.\n                            <\/p>\n<p>Un nouveau champion olympique d\u00e9barque en France. En plus de Nicolas Le Goff, Quentin Jouffroy, sacr\u00e9 avec les Bleus l\u2019\u00e9t\u00e9 dernier aux Jeux de Paris, sera le deuxi\u00e8me m\u00e9daill\u00e9 d\u2019or fran\u00e7ais \u00e0 \u00e9voluer dans le championnat national la saison prochaine.<\/p>\n<p>Celui qui \u00e9volue au poste de central comme son partenaire de l\u2019\u00e9quipe de France vient remplacer Joris Seddik, parti \u00e0 Piacenza en Italie, dans l\u2019effectif du MHSC VB. Il apportera son talent et son exp\u00e9rience\u00a0dans la qu\u00eate d\u2019un titre national et d\u2019un troph\u00e9e continental.<\/p>\n<p>Champion de France 2017 avec Tours<\/p>\n<p>Avec cette arriv\u00e9e, le MHSC VB signe le gros coup du mercato estival. N\u00e9 \u00e0 Grenoble le 5\u00a0juillet 1993, Quentin Jouffroy est d\u00e9j\u00e0 pass\u00e9 par Montpellier entre\u00a02018 et\u00a02020 sous les ordres d\u2019Olivier Lecat.<\/p>\n<p>Form\u00e9 \u00e0 Lyon (2012-2016), le joueur de 2,02m a jou\u00e9 \u00e0 Tours entre\u00a02016 et\u00a02018 avec qui il remporte le championnat de France 2018 et la CEV Cup 2017. Il a ensuite \u00e9volu\u00e9 au Gaz\u00e9lec Ajaccio (2020-2021), \u00e0 Narbonne (2021-2023) et au Plessis-Robinson (2023-2024). Cette saison, il portait les couleurs de Slepsk Suwalki en Pologne.<\/p>\n<p>En tant qu\u2019international fran\u00e7ais, il a donc remport\u00e9 les Jeux Olympiques de Paris 2024 mais aussi la Ligue des nations en\u00a02022 et\u00a02024.<\/p>\n","protected":false},"excerpt":{"rendered":"Montpellier a r\u00e9alis\u00e9 un gros coup sur le march\u00e9 des transferts en faisant revenir le central international fran\u00e7ais&hellip;\n","protected":false},"author":2,"featured_media":168456,"comment_status":"","ping_status":"","sticky":false,"template":"","format":"standard","meta":{"footnotes":""},"categories":[1417],"tags":[1011,27,60,1470,1469],"class_list":{"0":"post-168455","1":"post","2":"type-post","3":"status-publish","4":"format-standard","5":"has-post-thumbnail","7":"category-volley","8":"tag-fr","9":"tag-france","10":"tag-sports","11":"tag-volley","12":"tag-volleyball"},"share_on_mastodon":{"url":"https:\/\/pubeurope.com\/@fr\/114665285604487368","error":""},"_links":{"self":[{"href":"https:\/\/www.europesays.com\/fr\/wp-json\/wp\/v2\/posts\/168455","targetHints":{"allow":["GET"]}}],"collection":[{"href":"https:\/\/www.europesays.com\/fr\/wp-json\/wp\/v2\/posts"}],"about":[{"href":"https:\/\/www.europesays.com\/fr\/wp-json\/wp\/v2\/types\/post"}],"author":[{"embeddable":true,"href":"https:\/\/www.europesays.com\/fr\/wp-json\/wp\/v2\/users\/2"}],"replies":[{"embeddable":true,"href":"https:\/\/www.europesays.com\/fr\/wp-json\/wp\/v2\/comments?post=168455"}],"version-history":[{"count":0,"href":"https:\/\/www.europesays.com\/fr\/wp-json\/wp\/v2\/posts\/168455\/revisions"}],"wp:featuredmedia":[{"embeddable":true,"href":"https:\/\/www.europesays.com\/fr\/wp-json\/wp\/v2\/media\/168456"}],"wp:attachment":[{"href":"https:\/\/www.europesays.com\/fr\/wp-json\/wp\/v2\/media?parent=168455"}],"wp:term":[{"taxonomy":"category","embeddable":true,"href":"https:\/\/www.europesays.com\/fr\/wp-json\/wp\/v2\/categories?post=168455"},{"taxonomy":"post_tag","embeddable":true,"href":"https:\/\/www.europesays.com\/fr\/wp-json\/wp\/v2\/tags?post=168455"}],"curies":[{"name":"wp","href":"https:\/\/api.w.org\/{rel}","templated":true}]}}