{"id":168457,"date":"2025-06-11T14:49:11","date_gmt":"2025-06-11T14:49:11","guid":{"rendered":"https:\/\/www.europesays.com\/fr\/168457\/"},"modified":"2025-06-11T14:49:11","modified_gmt":"2025-06-11T14:49:11","slug":"super-xiii-tristan-dupuy-de-retour-la-saison-prochaine-pour-defendre-notre-titre-avec-une-equipe-competitive-rugby-a-xiii","status":"publish","type":"post","link":"https:\/\/www.europesays.com\/fr\/168457\/","title":{"rendered":"Super XIII &#8211; Tristan Dupuy : \u00ab\u00a0De retour la saison prochaine pour d\u00e9fendre notre titre avec une \u00e9quipe comp\u00e9titive\u00a0\u00bb &#8211; Rugby \u00e0 XIII"},"content":{"rendered":"<p style=\"text-align: justify;\"><strong>Tristan Dupuy, co-capitaine d\u2019Albi RL, revient sur le titre de champion de France et \u00e9voque le d\u00e9part des coachs.<\/strong><\/p>\n<p style=\"text-align: justify;\"><strong>Quelques semaines apr\u00e8s le titre, comment analyses-tu la saison et la finale en particulier ?<\/strong><\/p>\n<p style=\"text-align: justify;\">C\u2019\u00e9tait une tr\u00e8s belle saison dans l\u2019ensemble pour le club et le groupe. C\u2019est la premi\u00e8re fois dans l\u2019histoire du club qu\u2019Albi finit premier de la saison r\u00e9guli\u00e8re de Super XIII. Malgr\u00e9 la d\u00e9faite en finale de Coupe de France, nous avons su relever la t\u00eate et se serrer les coudes pour aller chercher le titre. La finale fut un gros bras de fer et je pense que c\u2019\u00e9tait une belle finale pour tous les spectateurs. Carcassonne a r\u00e9alis\u00e9 une belle premi\u00e8re mi-temps en \u00e9tant tr\u00e8s dangereux au milieu, nous avons su laisser passer l\u2019orage pour pouvoir revenir dans la partie.<\/p>\n<p style=\"text-align: justify;\">C\u2019\u00e9tait une grosse bataille devant, avec tr\u00e8s peu d\u2019erreurs. Nous avons su \u00eatre disciplin\u00e9s et patients, ce qui \u00e9tait notre ma\u00eetre mot pour aborder cette finale. En seconde mi-temps, notre patience et notre r\u00e9silience ont pay\u00e9, \u00e0 l\u2019image de notre centre Cl\u00e9ment Tailhades qui nous sort la t\u00eate de l\u2019eau avec un essai sorti de nulle part. La suite, vous la connaissez : une perc\u00e9e de Micka Goudemand pour envoyer Coco Le Cam en dame et c\u2019est la d\u00e9livrance.<\/p>\n<p style=\"text-align: justify;\"><strong> Apr\u00e8s la d\u00e9faite en Coupe contre Saint-Est\u00e8ve XIII Catalan, la pression \u00e9tait tr\u00e8s forte sur vous. Comment avez-vous g\u00e9r\u00e9 cela ? Vous avez paru plus serein contre Carcassonne, qu\u2019en penses-tu ?<\/strong><\/p>\n<p style=\"text-align: justify;\">C\u2019est vrai que cette d\u00e9faite en finale de Coupe de France a fait tr\u00e8s mal \u00e0 l\u2019ensemble du club. Par la suite, nous avons fait quelques r\u00e9unions entre joueurs et staff pour crever l\u2019abc\u00e8s et se remettre au travail correctement. Inconsciemment, la pression devenait de plus en plus forte pour les anciens et les leaders du groupe apr\u00e8s ces \u00e9checs en finale depuis les trois derni\u00e8res ann\u00e9es. Tout le monde \u00e0 Albi attendait un titre et je n\u2019ose pas imaginer la d\u00e9ception si nous avions \u00e9chou\u00e9. Nous avons su nous remettre en question, nous dire les v\u00e9rit\u00e9s pour avancer dans la m\u00eame direction. Pour la suite, nos valeurs et notre \u00e9tat d\u2019esprit de comp\u00e9titeur ont fait le reste.<\/p>\n<p style=\"text-align: justify;\"><strong>Comment as-tu appris le d\u00e9part des deux coachs et que pourrais-tu dire du travail de Joris Canton et Fabien Denis que tu as beaucoup c\u00f4toy\u00e9s ?<\/strong><\/p>\n<p style=\"text-align: justify;\">J\u2019ai appris le d\u00e9part des coachs tout juste apr\u00e8s la finale, dans les vestiaires. J\u2019\u00e9tais tr\u00e8s surpris de l\u2019apprendre de cette fa\u00e7on mais aussi triste de les voir quitter le bateau apr\u00e8s toutes ces ann\u00e9es de travail, de collaboration et surtout juste apr\u00e8s avoir atteint la r\u00e9compense supr\u00eame.<\/p>\n<p style=\"text-align: justify;\">Joris et Fabien ont fait \u00e9norm\u00e9ment pour le club depuis toutes ces ann\u00e9es. Il ne faut pas oublier que cinq ans en arri\u00e8re, le groupe n\u2019\u00e9tait m\u00eame pas qualifi\u00e9 pour les playoffs. Apr\u00e8s sept ann\u00e9es pass\u00e9es dans le club, Joris n\u2019a jamais rien l\u00e2ch\u00e9 et a toujours cru en nous et en nos objectifs\u202f? Il a su tenir sa parole en changeant le statu quo d\u2019Albi Rugby League pour d\u00e9passer les belles \u00e9quipes de l\u2019Aude, de Perpignan et de d\u00e9crocher un titre de champion de France tant convoit\u00e9 par tous les clubs.<\/p>\n<p style=\"text-align: justify;\">J\u2019en profite d\u2019ailleurs pour les remercier tous les deux pour leur confiance, pour toutes ces heures de travail durant ces derni\u00e8res ann\u00e9es ainsi que tous ces bons souvenirs. Merci Messieurs d\u2019avoir fait grandir notre club.<\/p>\n<p style=\"text-align: justify;\"><strong>Qu\u2019as-tu pens\u00e9 du niveau du Super XIII cette saison ?<\/strong><\/p>\n<p style=\"text-align: justify;\">Je trouve que le niveau de Super XIII a \u00e9volu\u00e9 cette ann\u00e9e avec un championnat homog\u00e8ne et donc plus int\u00e9ressant. Notre championnat attire de plus en plus de bons joueurs \u00e9trangers et fran\u00e7ais, en esp\u00e9rant que cela ne fasse que grandir.<\/p>\n<p style=\"text-align: justify;\"><strong>Un repos bien m\u00e9rit\u00e9 et un titre \u00e0 d\u00e9fendre la saison prochaine. Vous serez l\u2019\u00e9quipe \u00e0 battre, sur quoi devez-vous progresser selon toi ?<\/strong><\/p>\n<p style=\"text-align: justify;\">Je pense que le repos est bien m\u00e9rit\u00e9, oui, et que je vais passer un tr\u00e8s bon \u00e9t\u00e9 (rires). Nous serons de retour la saison prochaine pour d\u00e9fendre notre titre avec une \u00e9quipe comp\u00e9titive. Nous avons beaucoup de marge de progression dans de nombreux domaines pour jouer un meilleur rugby et r\u00e9galer nos supporters albigeois.<\/p>\n","protected":false},"excerpt":{"rendered":"Tristan Dupuy, co-capitaine d\u2019Albi RL, revient sur le titre de champion de France et \u00e9voque le d\u00e9part des&hellip;\n","protected":false},"author":2,"featured_media":168458,"comment_status":"","ping_status":"","sticky":false,"template":"","format":"standard","meta":{"footnotes":""},"categories":[1416],"tags":[7296,1011,27,479,2228,1468,2229,60,2231,30178],"class_list":{"0":"post-168457","1":"post","2":"type-post","3":"status-publish","4":"format-standard","5":"has-post-thumbnail","7":"category-rugby","8":"tag-albi","9":"tag-fr","10":"tag-france","11":"tag-rugby","12":"tag-rugby-a-xiii","13":"tag-rugby-football","14":"tag-rugby-league","15":"tag-sports","16":"tag-super-xiii","17":"tag-tristan-dupuy"},"share_on_mastodon":{"url":"https:\/\/pubeurope.com\/@fr\/114665289680513052","error":""},"_links":{"self":[{"href":"https:\/\/www.europesays.com\/fr\/wp-json\/wp\/v2\/posts\/168457","targetHints":{"allow":["GET"]}}],"collection":[{"href":"https:\/\/www.europesays.com\/fr\/wp-json\/wp\/v2\/posts"}],"about":[{"href":"https:\/\/www.europesays.com\/fr\/wp-json\/wp\/v2\/types\/post"}],"author":[{"embeddable":true,"href":"https:\/\/www.europesays.com\/fr\/wp-json\/wp\/v2\/users\/2"}],"replies":[{"embeddable":true,"href":"https:\/\/www.europesays.com\/fr\/wp-json\/wp\/v2\/comments?post=168457"}],"version-history":[{"count":0,"href":"https:\/\/www.europesays.com\/fr\/wp-json\/wp\/v2\/posts\/168457\/revisions"}],"wp:featuredmedia":[{"embeddable":true,"href":"https:\/\/www.europesays.com\/fr\/wp-json\/wp\/v2\/media\/168458"}],"wp:attachment":[{"href":"https:\/\/www.europesays.com\/fr\/wp-json\/wp\/v2\/media?parent=168457"}],"wp:term":[{"taxonomy":"category","embeddable":true,"href":"https:\/\/www.europesays.com\/fr\/wp-json\/wp\/v2\/categories?post=168457"},{"taxonomy":"post_tag","embeddable":true,"href":"https:\/\/www.europesays.com\/fr\/wp-json\/wp\/v2\/tags?post=168457"}],"curies":[{"name":"wp","href":"https:\/\/api.w.org\/{rel}","templated":true}]}}