{"id":168463,"date":"2025-06-11T14:53:11","date_gmt":"2025-06-11T14:53:11","guid":{"rendered":"https:\/\/www.europesays.com\/fr\/168463\/"},"modified":"2025-06-11T14:53:11","modified_gmt":"2025-06-11T14:53:11","slug":"lance-stroll-de-retour-avec-aston-martin-au-gp-du-canada","status":"publish","type":"post","link":"https:\/\/www.europesays.com\/fr\/168463\/","title":{"rendered":"Lance Stroll de retour avec Aston Martin au GP du Canada"},"content":{"rendered":"<p>Deux semaines apr\u00e8s avoir d\u00fb renoncer \u00e0 disputer le GP d&rsquo;Espagne, c&rsquo;est le soulagement pour <a href=\"https:\/\/fr.motorsport.com\/driver\/lance-stroll\/96414\/\" target=\"_blank\" rel=\"noopener\">Lance Stroll<\/a>. Le pilote canadien va pouvoir reprendre la comp\u00e9tition \u00e0 l&rsquo;occasion de son Grand Prix national, une nouvelle confirm\u00e9e par <a href=\"https:\/\/fr.motorsport.com\/team\/aston-martin\/806\/\" target=\"_blank\" rel=\"noopener\">Aston Martin<\/a> ce mercredi.<\/p>\n<p>Stroll fera son retour au volant de l&rsquo;AMR25 d\u00e8s vendredi, jour des premiers essais \u00e0 Montr\u00e9al. Il a re\u00e7u le feu vert des m\u00e9decins qui ont soign\u00e9 sa main droite apr\u00e8s des douleurs l&rsquo;ayant pouss\u00e9 au forfait \u00e0 Barcelone apr\u00e8s les qualifications. Cette g\u00eane d\u00e9coulait d&rsquo;une ancienne fracture subie il y a plus de deux ans dans un accident \u00e0 v\u00e9lo et qui, \u00e0 l&rsquo;\u00e9poque, l&rsquo;avait d\u00e9j\u00e0 priv\u00e9 des essais de pr\u00e9-saison.<\/p>\n<p>Les soins pratiqu\u00e9s ces derniers jours se sont r\u00e9v\u00e9l\u00e9s efficaces, ce qui a pu \u00eatre confirm\u00e9 lors d&rsquo;un roulage organis\u00e9 au Paul-Ricard au volant d&rsquo;une F1 d&rsquo;ancienne g\u00e9n\u00e9ration.\u00a0Lance Stroll y est apparu apte \u00e0 piloter et il a donc \u00e9t\u00e9 autoris\u00e9 par ses m\u00e9decins \u00e0 se rendre au Canada pour son Grand Prix maison.<\/p>\n<p>\u00ab\u00a0Nous sommes heureux de confirmer que Lance Stroll sera de retour avec l&rsquo;\u00e9quipe pour participer \u00e0 la course de Montr\u00e9al ce week-end\u00a0\u00bb, communique Aston Martin.\u00a0\u00ab\u00a0Il a subi avec succ\u00e8s une intervention m\u00e9dicale pour \u00e9liminer les sympt\u00f4mes qu&rsquo;il ressentait, et il a effectu\u00e9 quelques tours au volant d&rsquo;une ancienne F1 au Paul Ricard en d\u00e9but de semaine. Lance se sent en forme et en bonne sant\u00e9, et il est tr\u00e8s enthousiaste \u00e0 l&rsquo;id\u00e9e de courir devant son public.\u00a0\u00bb<\/p>\n<p>   <img decoding=\"async\" draggable=\"false\" src=\"https:\/\/www.europesays.com\/fr\/wp-content\/uploads\/2025\/06\/lance-stroll-aston-martin-raci.jpg\" alt=\"Lance Stroll avait renonc\u00e9 apr\u00e8s les qualifications \u00e0 Barcelone.\" width=\"1200\" height=\"800\" loading=\"lazy\"\/> <\/p>\n<p class=\"title\">Lance Stroll avait renonc\u00e9 apr\u00e8s les qualifications \u00e0 Barcelone.<\/p>\n<p class=\"photographer\">Photo de: Andy Hone \/ Motorsport Images<\/p>\n<p>Lance Stroll s&rsquo;est dit soulag\u00e9 de la nouvelle\u00a0:\u00a0\u00ab\u00a0Je suis ravi de reprendre le volant avec l&rsquo;\u00e9quipe pour mon Grand Prix national ce week-end. Je me suis battu pour \u00eatre pr\u00eat \u00e0 courir devant le public de Montr\u00e9al. Je me sens bien apr\u00e8s mon intervention et j&rsquo;ai fait quelques tours au Paul-Ricard cette semaine pour me pr\u00e9parer.\u00a0\u00bb<\/p>\n<p>\u00ab\u00a0Les pilotes veulent courir\u00a0\u00bb<\/p>\n<p>D\u00e9mentant des rumeurs selon lesquelles son forfait \u00e0 Barcelone aurait pu \u00eatre d\u00fb \u00e0 sa col\u00e8re apr\u00e8s des qualifications d\u00e9cevantes, Aston Martin avait indiqu\u00e9 en Espagne que Lance Stroll avait souffert \u00e0 divers degr\u00e9s depuis six semaines lorsque la g\u00eane est finalement devenue trop forte pour qu&rsquo;il aille au bout du week-end. Il a ensuite \u00e9t\u00e9 soign\u00e9 le lundi.<\/p>\n<p>\u00ab\u00a0Tout a commenc\u00e9 en 2023\u00a0\u00bb, avait indiqu\u00e9 Mike Krack, directeur des activit\u00e9s piste d&rsquo;Aston Martin. \u00ab\u00a0Ces derni\u00e8res semaines, il a parl\u00e9 de douleurs mais on ne demande pas au pilote toutes les cinq minutes s&rsquo;il a mal ou pas. Je pense que c&rsquo;est juste devenu trop fort et, qu&rsquo;au final, apr\u00e8s les qualifications, Lance et son \u00e9quipe ont d\u00e9cid\u00e9 qu&rsquo;il valait mieux qu&rsquo;il aille faire contr\u00f4ler cela. Et la recommandation a ensuite \u00e9t\u00e9 qu&rsquo;il [valait] mieux qu&rsquo;il ne coure pas.\u00a0\u00bb<\/p>\n<p>\u00ab\u00a0En 2023, nous avons vu Lance se battre pour revenir. Les pilotes veulent courir, ils ne veulent pas \u00eatre forfait. Je crois que, tr\u00e8s souvent, ils pilotent avec probablement plus de douleurs qu&rsquo;ils ne seraient pr\u00eats \u00e0 l&rsquo;admettre, pour pouvoir courir. Parce que c&rsquo;est ce qu&rsquo;ils aiment faire.\u00a0\u00bb<\/p>\n<p><a href=\"https:\/\/fr.motorsport.com\/driver\/felipe-drugovich\/337877\/\" target=\"_blank\" rel=\"noopener\">Felipe Drugovich<\/a>, pilote de r\u00e9serve d&rsquo;Aston Martin, se tenait pr\u00eat \u00e0 assurer l&rsquo;int\u00e9rim si jamais Lance Stroll n&rsquo;avait pu revenir en piste cette semaine. D\u00e9sormais, le Br\u00e9silien va bien pouvoir disputer les 24 Heures du Mans cette semaine, comme pr\u00e9vu, avec Cadillac.<\/p>\n<p>Lire aussi :<\/p>\n<p>Dans cet article<\/p>\n<p>    Filip Cleeren\n<\/p>\n<p>    Formule 1\n<\/p>\n<p>    Lance Stroll\n<\/p>\n<p>    Aston Martin\n<\/p>\n<p>Soyez le premier inform\u00e9 et souscrivez aux alertes mails pour recevoir les infos en temps r\u00e9el<\/p>\n<p>    S&rsquo;abonner aux alertes de news<\/p>\n","protected":false},"excerpt":{"rendered":"Deux semaines apr\u00e8s avoir d\u00fb renoncer \u00e0 disputer le GP d&rsquo;Espagne, c&rsquo;est le soulagement pour Lance Stroll. Le&hellip;\n","protected":false},"author":2,"featured_media":168464,"comment_status":"","ping_status":"","sticky":false,"template":"","format":"standard","meta":{"footnotes":""},"categories":[1412],"tags":[1709,30180,1451,1452,1453,1454,1455,1011,27,30179,2246,60],"class_list":{"0":"post-168463","1":"post","2":"type-post","3":"status-publish","4":"format-standard","5":"has-post-thumbnail","7":"category-f1","8":"tag-aston-martin","9":"tag-circuit-gilles-villeneuve","10":"tag-f1","11":"tag-formula-1","12":"tag-formula1","13":"tag-formule-1","14":"tag-formule1","15":"tag-fr","16":"tag-france","17":"tag-gp-du-canada","18":"tag-lance-stroll","19":"tag-sports"},"share_on_mastodon":{"url":"https:\/\/pubeurope.com\/@fr\/114665305151483506","error":""},"_links":{"self":[{"href":"https:\/\/www.europesays.com\/fr\/wp-json\/wp\/v2\/posts\/168463","targetHints":{"allow":["GET"]}}],"collection":[{"href":"https:\/\/www.europesays.com\/fr\/wp-json\/wp\/v2\/posts"}],"about":[{"href":"https:\/\/www.europesays.com\/fr\/wp-json\/wp\/v2\/types\/post"}],"author":[{"embeddable":true,"href":"https:\/\/www.europesays.com\/fr\/wp-json\/wp\/v2\/users\/2"}],"replies":[{"embeddable":true,"href":"https:\/\/www.europesays.com\/fr\/wp-json\/wp\/v2\/comments?post=168463"}],"version-history":[{"count":0,"href":"https:\/\/www.europesays.com\/fr\/wp-json\/wp\/v2\/posts\/168463\/revisions"}],"wp:featuredmedia":[{"embeddable":true,"href":"https:\/\/www.europesays.com\/fr\/wp-json\/wp\/v2\/media\/168464"}],"wp:attachment":[{"href":"https:\/\/www.europesays.com\/fr\/wp-json\/wp\/v2\/media?parent=168463"}],"wp:term":[{"taxonomy":"category","embeddable":true,"href":"https:\/\/www.europesays.com\/fr\/wp-json\/wp\/v2\/categories?post=168463"},{"taxonomy":"post_tag","embeddable":true,"href":"https:\/\/www.europesays.com\/fr\/wp-json\/wp\/v2\/tags?post=168463"}],"curies":[{"name":"wp","href":"https:\/\/api.w.org\/{rel}","templated":true}]}}