{"id":168465,"date":"2025-06-11T14:54:10","date_gmt":"2025-06-11T14:54:10","guid":{"rendered":"https:\/\/www.europesays.com\/fr\/168465\/"},"modified":"2025-06-11T14:54:10","modified_gmt":"2025-06-11T14:54:10","slug":"remco-evenepoel-rend-hommage-a-son-epouse-oumi-a-travers-un-nouveau-tatouage-cest-joliment-ecrit","status":"publish","type":"post","link":"https:\/\/www.europesays.com\/fr\/168465\/","title":{"rendered":"Remco Evenepoel rend hommage \u00e0 son \u00e9pouse Oumi \u00e0 travers un nouveau tatouage\u00a0: \u00ab\u00a0C&rsquo;est joliment \u00e9crit\u00a0\u00bb"},"content":{"rendered":"<p class=\"ap-StoryElement ap-StoryElement--mb ap-StoryText\">Un tatouage discret mais r\u00e9v\u00e9lateur de son attachement \u00e9ternel \u00e0 son \u00e9pouse. <b>Remco Evenepoel<\/b> est apparu tout r\u00e9cemment avec un nouveau<b> tatouage<\/b> sur l&rsquo;avant-bras droit alors qu&rsquo;il s&rsquo;appr\u00eate \u00e0 disputer ce mercredi le chrono du Dauphin\u00e9 pour lequel il portera l&rsquo;\u00e9tiquette du favori. En cas de succ\u00e8s, le champion olympique pourrait offrir une 1000e victoire \u00e0 sa formation Soudal Quick-Step.<\/p>\n<p><a href=\"https:\/\/www.parismatch.be\/actualites\/sport\/2025\/04\/29\/remco-evenepoel-monte-au-creneau-pour-defendre-la-famille-de-son-epouse-oumi-des-propos-ridicules-et-irrespectueux-7TYKHPPWFBCEZLTAJDFFH4OXTE\/\" target=\"_blank\" rel=\"noopener noreferrer nofollow\" class=\"ap-StoryInterstitialLink ap-StoryElement ap-StoryElement--mb\">Remco Evenepoel monte au cr\u00e9neau pour d\u00e9fendre la famille de son \u00e9pouse Oumi : \u00ab\u00a0Des propos ridicules et irrespectueux\u00a0\u00bb<\/a><\/p>\n<p class=\"ap-StoryElement ap-StoryElement--mb ap-StoryText\">Comme de nombreux autres sportifs l&rsquo;ont d\u00e9j\u00e0 fait, il se pourrait qu&rsquo;il embrasse sur la ligne d&rsquo;arriv\u00e9e l&rsquo;endroit m\u00eame o\u00f9 se situe son tatouage. Remco Evenepoel rendrait alors par la m\u00eame occasion un nouvel hommage \u00e0 son <b>\u00e9pouse Oumi<\/b> puisque il a d\u00e9cid\u00e9 de se faire graver une marque faisant r\u00e9f\u00e9rence \u00e0 sa moiti\u00e9 dans sa peau.<\/p>\n","protected":false},"excerpt":{"rendered":"Un tatouage discret mais r\u00e9v\u00e9lateur de son attachement \u00e9ternel \u00e0 son \u00e9pouse. Remco Evenepoel est apparu tout r\u00e9cemment&hellip;\n","protected":false},"author":2,"featured_media":168466,"comment_status":"","ping_status":"","sticky":false,"template":"","format":"standard","meta":{"footnotes":""},"categories":[1411],"tags":[972,1154,207,1011,27,973,60],"class_list":{"0":"post-168465","1":"post","2":"type-post","3":"status-publish","4":"format-standard","5":"has-post-thumbnail","7":"category-cyclisme","8":"tag-celebrite","9":"tag-cycling","10":"tag-cyclisme","11":"tag-fr","12":"tag-france","13":"tag-people","14":"tag-sports"},"share_on_mastodon":{"url":"https:\/\/pubeurope.com\/@fr\/114665309122023105","error":""},"_links":{"self":[{"href":"https:\/\/www.europesays.com\/fr\/wp-json\/wp\/v2\/posts\/168465","targetHints":{"allow":["GET"]}}],"collection":[{"href":"https:\/\/www.europesays.com\/fr\/wp-json\/wp\/v2\/posts"}],"about":[{"href":"https:\/\/www.europesays.com\/fr\/wp-json\/wp\/v2\/types\/post"}],"author":[{"embeddable":true,"href":"https:\/\/www.europesays.com\/fr\/wp-json\/wp\/v2\/users\/2"}],"replies":[{"embeddable":true,"href":"https:\/\/www.europesays.com\/fr\/wp-json\/wp\/v2\/comments?post=168465"}],"version-history":[{"count":0,"href":"https:\/\/www.europesays.com\/fr\/wp-json\/wp\/v2\/posts\/168465\/revisions"}],"wp:featuredmedia":[{"embeddable":true,"href":"https:\/\/www.europesays.com\/fr\/wp-json\/wp\/v2\/media\/168466"}],"wp:attachment":[{"href":"https:\/\/www.europesays.com\/fr\/wp-json\/wp\/v2\/media?parent=168465"}],"wp:term":[{"taxonomy":"category","embeddable":true,"href":"https:\/\/www.europesays.com\/fr\/wp-json\/wp\/v2\/categories?post=168465"},{"taxonomy":"post_tag","embeddable":true,"href":"https:\/\/www.europesays.com\/fr\/wp-json\/wp\/v2\/tags?post=168465"}],"curies":[{"name":"wp","href":"https:\/\/api.w.org\/{rel}","templated":true}]}}