{"id":168473,"date":"2025-06-11T14:58:11","date_gmt":"2025-06-11T14:58:11","guid":{"rendered":"https:\/\/www.europesays.com\/fr\/168473\/"},"modified":"2025-06-11T14:58:11","modified_gmt":"2025-06-11T14:58:11","slug":"malzeville-la-ribambelle-participe-a-des-livres-et-vous","status":"publish","type":"post","link":"https:\/\/www.europesays.com\/fr\/168473\/","title":{"rendered":"Malz\u00e9ville. La Ribambelle participe \u00e0 \u00ab\u00a0Des Livres et vous\u00a0\u00bb"},"content":{"rendered":"<p>La m\u00e9t\u00e9o l\u2019avait annonc\u00e9. Il pleut\u00a0! Pas grave\u2026 La tente est install\u00e9e \u00e0 l\u2019int\u00e9rieur, au niveau de la terrasse sur jardin. Une des animations de \u00ab\u00a0Des Livres et vous\u00a0\u00bb. Plein de coussins\u00a0! Les petits de la cr\u00e8che \u00ab\u00a0la Ribambelle\u00a0\u00bb y sont enfuis pour \u00e9couter. Anne et Estelle ont s\u00e9lectionn\u00e9 des livres pour eux, que des mamans lisent\u00a0: L\u2019Heure du bain ,  Coucou\u00a0! ou encore La Nuit, on dort. Et ils aiment\u00a0!<\/p>\n","protected":false},"excerpt":{"rendered":"La m\u00e9t\u00e9o l\u2019avait annonc\u00e9. Il pleut\u00a0! Pas grave\u2026 La tente est install\u00e9e \u00e0 l\u2019int\u00e9rieur, au niveau de la&hellip;\n","protected":false},"author":2,"featured_media":168474,"comment_status":"","ping_status":"","sticky":false,"template":"","format":"standard","meta":{"footnotes":""},"categories":[1357],"tags":[1379,58,1704,1057,59,1011,27,1380,11259,11260],"class_list":{"0":"post-168473","1":"post","2":"type-post","3":"status-publish","4":"format-standard","5":"has-post-thumbnail","7":"category-livres","8":"tag-books","9":"tag-divertissement","10":"tag-edition-nancy-et-agglomeration","11":"tag-education","12":"tag-entertainment","13":"tag-fr","14":"tag-france","15":"tag-livres","16":"tag-malzeville","17":"tag-metropole-du-grand-nancy-54b4"},"share_on_mastodon":{"url":"https:\/\/pubeurope.com\/@fr\/114665324814012664","error":""},"_links":{"self":[{"href":"https:\/\/www.europesays.com\/fr\/wp-json\/wp\/v2\/posts\/168473","targetHints":{"allow":["GET"]}}],"collection":[{"href":"https:\/\/www.europesays.com\/fr\/wp-json\/wp\/v2\/posts"}],"about":[{"href":"https:\/\/www.europesays.com\/fr\/wp-json\/wp\/v2\/types\/post"}],"author":[{"embeddable":true,"href":"https:\/\/www.europesays.com\/fr\/wp-json\/wp\/v2\/users\/2"}],"replies":[{"embeddable":true,"href":"https:\/\/www.europesays.com\/fr\/wp-json\/wp\/v2\/comments?post=168473"}],"version-history":[{"count":0,"href":"https:\/\/www.europesays.com\/fr\/wp-json\/wp\/v2\/posts\/168473\/revisions"}],"wp:featuredmedia":[{"embeddable":true,"href":"https:\/\/www.europesays.com\/fr\/wp-json\/wp\/v2\/media\/168474"}],"wp:attachment":[{"href":"https:\/\/www.europesays.com\/fr\/wp-json\/wp\/v2\/media?parent=168473"}],"wp:term":[{"taxonomy":"category","embeddable":true,"href":"https:\/\/www.europesays.com\/fr\/wp-json\/wp\/v2\/categories?post=168473"},{"taxonomy":"post_tag","embeddable":true,"href":"https:\/\/www.europesays.com\/fr\/wp-json\/wp\/v2\/tags?post=168473"}],"curies":[{"name":"wp","href":"https:\/\/api.w.org\/{rel}","templated":true}]}}