{"id":168475,"date":"2025-06-11T14:59:09","date_gmt":"2025-06-11T14:59:09","guid":{"rendered":"https:\/\/www.europesays.com\/fr\/168475\/"},"modified":"2025-06-11T14:59:09","modified_gmt":"2025-06-11T14:59:09","slug":"la-serie-sf-confirme-sa-montee-en-puissance","status":"publish","type":"post","link":"https:\/\/www.europesays.com\/fr\/168475\/","title":{"rendered":"la s\u00e9rie SF confirme sa mont\u00e9e en puissance"},"content":{"rendered":"<p>\u201cLe chaos a un nom\u00a0: The Mule\u201d.\u00a0\u00a0Cela fait maintenant deux ans que l\u2019adaptation des romans d\u2019Isaac Asimov n\u2019avait pas montr\u00e9 le bout de son nez, <a href=\"https:\/\/www.journaldugeek.com\/critique\/critique-de-foundation-la-serie-apple-tv-part-sur-de-bonnes-bases\/\" rel=\"nofollow noopener\" target=\"_blank\">Foundation<\/a> signe son retour en ce mois de juillet sur Apple TV+. D\u00e8s le <strong>11 juillet prochain<\/strong>, les spectateurs pourront retrouver <strong>Hari Seldon, Gaal Dornick et Fr\u00e8re au grand jour<\/strong> alors qu\u2019ils continuent de lutter pour la survie de l\u2019Humanit\u00e9. Comme le laisse entendre la bande-annonce, les ennemis d\u2019hier vont devoir s\u2019unir pour affronter une nouvelle menace. Cette nouvelle menace prend la forme d\u2019un antagoniste in\u00e9dit, camp\u00e9 par nul autre que<strong> Pilou Asb\u00e6k<\/strong>. Les fans de Game of Thrones connaissent plut\u00f4t bien l\u2019acteur danois, il pr\u00eatait ses traits \u00e0 Euron Greyjoy dans l\u2019adaptation des romans de George RR Martin.<\/p>\n<p>Ici, il retrouve un personnage tout aussi ambivalent\u2026 et bien connu des lecteurs du Cycle de Fondation. Preuve s\u2019il en fallait une de son importance pour la narration, il occupe tout l\u2019espace dans la premi\u00e8re bande-annonce de la saison 3. <strong>The Mule,<\/strong> ou <strong>Le Mulet<\/strong> dans la version fran\u00e7aise est un des plus grands conqu\u00e9rants de la galaxie. Mutant, il est capable d\u2019alt\u00e9rer les \u00e9motions d\u2019autrui. Un don que la psychohistoire d\u2019Hari Seldon n\u2019avait pas anticip\u00e9 et qui pourrait \u00e9branler les fondements de son plan pour sauver l\u2019humanit\u00e9. Gr\u00e2ce \u00e0 lui, Le Mulet est capable de convertir de nombreux humains \u00e0 sa cause et de dresser ses partisans contre Seldon.<\/p>\n<p>Pour rappel, la saison 3 plongera les spectateurs <strong>152 ans apr\u00e8s les \u00e9v\u00e9nements de la saison 2.<\/strong> La Fondation s\u2019est solidement install\u00e9e au-del\u00e0 de ses modestes d\u00e9buts et l\u2019Empire de la dynastie Cleon est sur le d\u00e9clin. Les deux puissances tentent de nouer une alliance fragile mais <strong>The Mule<\/strong> menace cette stabilit\u00e9.<\/p>\n<p> Changement de programme <\/p>\n<p>Les plus attentifs auront remarqu\u00e9 un changement dans la distribution de cette saison 3. The Mule \u00e9tait en effet bri\u00e8vement apparu dans la saison 2 de Foundation mais sous les traits de Mikael Persbrandt. Sans que les raisons de son d\u00e9part ne soient communiqu\u00e9es, l\u2019acteur sera remplac\u00e9 par <strong>Pilou Asb\u00e6k.\u00a0<\/strong><\/p>\n<\/p>\n<p>    <a href=\"https:\/\/www.youtube.com\/user\/JournalduGeek?sub_confirmation=1\" target=\"_blank\" rel=\"nofollow noopener\"><br \/>\n        S&rsquo;abonner \u00e0 Journal du Geek<br \/>\n    <\/a> <\/p>\n<p>Ce ne sera d\u2019ailleurs pas la seule nouveaut\u00e9 au programme des prochains mois pour la s\u00e9rie. Le cr\u00e9ateur <strong>David S.Goyer a quitt\u00e9 le navire<\/strong> apr\u00e8s des diff\u00e9rends cr\u00e9atifs. Ce d\u00e9part avait d\u2019ailleurs eu des <strong>cons\u00e9quences sur le tournage<\/strong>, for\u00e7ant les \u00e9quipes \u00e0 observer des pauses pendant plusieurs mois. Si l\u2019avenir paraissait lugubre, Apple TV+ n\u2019a pas profit\u00e9 de l\u2019occasion pour abandonner son ambitieuse adaptation d\u2019un univers illustre de la science-fiction. <strong>Ian Goldberg<\/strong> a \u00e9t\u00e9 recrut\u00e9 pour prendre sa suite et faire \u00e9clore la saison 4. Il travaille actuellement \u00e0 son d\u00e9veloppement. On peut ainsi esp\u00e9rer que la s\u00e9rie ne revienne d\u2019ici deux ans sur le petit \u00e9cran, de quoi laisser \u00e0 tout le monde le temps de faire \u00e9clore de nouveaux \u00e9pisodes de haute vol\u00e9e.<\/p>\n<blockquote>\n<p class=\"text-base text-neutral-700 dark:text-neutral-300\">\ud83d\udfe3 Pour ne manquer aucune news sur le Journal du Geek, abonnez-vous sur <a href=\"https:\/\/news.google.com\/publications\/CAAqBwgKMNr_hAswwYyCAw?hl=fr&amp;gl=FR&amp;ceid=FR%3Afr\" target=\"_blank\" rel=\"nofollow noopener\">Google Actualit\u00e9s<\/a> et sur <a href=\"https:\/\/whatsapp.com\/channel\/0029VaClM5y4tRry12tb7D2h\" target=\"_blank\" rel=\"nofollow noopener\">notre WhatsApp<\/a>. Et si vous nous adorez, on a <a href=\"https:\/\/www.journaldugeek.com\/newsletter\/\" target=\"_blank\" rel=\"nofollow noopener\">une newsletter tous les matins<\/a>.<\/p>\n<\/blockquote>\n","protected":false},"excerpt":{"rendered":"\u201cLe chaos a un nom\u00a0: The Mule\u201d.\u00a0\u00a0Cela fait maintenant deux ans que l\u2019adaptation des romans d\u2019Isaac Asimov n\u2019avait&hellip;\n","protected":false},"author":2,"featured_media":168476,"comment_status":"","ping_status":"","sticky":false,"template":"","format":"standard","meta":{"footnotes":""},"categories":[1356],"tags":[519,58,59,30181,1011,27,252,1364],"class_list":{"0":"post-168475","1":"post","2":"type-post","3":"status-publish","4":"format-standard","5":"has-post-thumbnail","7":"category-television","8":"tag-apple-tv","9":"tag-divertissement","10":"tag-entertainment","11":"tag-foundation","12":"tag-fr","13":"tag-france","14":"tag-television","15":"tag-tv"},"share_on_mastodon":{"url":"https:\/\/pubeurope.com\/@fr\/114665328762362872","error":""},"_links":{"self":[{"href":"https:\/\/www.europesays.com\/fr\/wp-json\/wp\/v2\/posts\/168475","targetHints":{"allow":["GET"]}}],"collection":[{"href":"https:\/\/www.europesays.com\/fr\/wp-json\/wp\/v2\/posts"}],"about":[{"href":"https:\/\/www.europesays.com\/fr\/wp-json\/wp\/v2\/types\/post"}],"author":[{"embeddable":true,"href":"https:\/\/www.europesays.com\/fr\/wp-json\/wp\/v2\/users\/2"}],"replies":[{"embeddable":true,"href":"https:\/\/www.europesays.com\/fr\/wp-json\/wp\/v2\/comments?post=168475"}],"version-history":[{"count":0,"href":"https:\/\/www.europesays.com\/fr\/wp-json\/wp\/v2\/posts\/168475\/revisions"}],"wp:featuredmedia":[{"embeddable":true,"href":"https:\/\/www.europesays.com\/fr\/wp-json\/wp\/v2\/media\/168476"}],"wp:attachment":[{"href":"https:\/\/www.europesays.com\/fr\/wp-json\/wp\/v2\/media?parent=168475"}],"wp:term":[{"taxonomy":"category","embeddable":true,"href":"https:\/\/www.europesays.com\/fr\/wp-json\/wp\/v2\/categories?post=168475"},{"taxonomy":"post_tag","embeddable":true,"href":"https:\/\/www.europesays.com\/fr\/wp-json\/wp\/v2\/tags?post=168475"}],"curies":[{"name":"wp","href":"https:\/\/api.w.org\/{rel}","templated":true}]}}