{"id":168490,"date":"2025-06-11T15:07:09","date_gmt":"2025-06-11T15:07:09","guid":{"rendered":"https:\/\/www.europesays.com\/fr\/168490\/"},"modified":"2025-06-11T15:07:09","modified_gmt":"2025-06-11T15:07:09","slug":"une-femme-condamnee-pour-avoir-baisse-le-pantalon-de-son-collegue","status":"publish","type":"post","link":"https:\/\/www.europesays.com\/fr\/168490\/","title":{"rendered":"Une femme condamn\u00e9e pour avoir baiss\u00e9 le pantalon de son coll\u00e8gue"},"content":{"rendered":"<p>Vous ne le savez peut-\u00eatre pas, mais baisser le pantalon de quelqu\u2019un (appel\u00e9 \u00ab\u00a0pantsing\u00a0\u00bb en anglais) est une <a href=\"https:\/\/www.20minutes.fr\/dossier\/blague\" class=\"color-ultramarine c-link\" target=\"_blank\" rel=\"noopener\">blague<\/a> courante dans les <a href=\"https:\/\/www.20minutes.fr\/dossier\/emission\" class=\"color-ultramarine c-link\" target=\"_blank\" rel=\"noopener\">\u00e9missions<\/a> de vari\u00e9t\u00e9 et de t\u00e9l\u00e9r\u00e9alit\u00e9<a href=\"https:\/\/www.20minutes.fr\/dossier\/coree_du_sud\" class=\"color-ultramarine c-link\" target=\"_blank\" rel=\"noopener\"> sud-cor\u00e9ennes<\/a>. Cette pratique a r\u00e9cemment caus\u00e9 des probl\u00e8mes \u00e0 une femme \u00e2g\u00e9e d\u2019une cinquantaine d\u2019ann\u00e9es.\u00a0Comme le raconte la <a href=\"https:\/\/www.bbc.com\/news\/articles\/cgr5vnpvw71o\" target=\"_blank\" class=\"color-ultramarine c-link\" rel=\"noopener\">BBC<\/a> mardi, elle a \u00e9t\u00e9 condamn\u00e9e pour inconduite sexuelle apr\u00e8s avoir baiss\u00e9 le pantalon d\u2019un coll\u00e8gue.<\/p>\n<p>Cet incident se serait d\u00e9roul\u00e9 en octobre dernier dans la cuisine d\u2019un restaurant de la province de Gangwon, dans le nord-est du pays. Son coll\u00e8gue, un jeune homme d\u2019une vingtaine d\u2019ann\u00e9es, se serait retrouv\u00e9 totalement nu devant toute l\u2019\u00e9quipe. Pour se d\u00e9fendre, la quinquag\u00e9naire a assur\u00e9 qu\u2019elle voulait simplement lui faire une\u00a0blague.<\/p>\n<p>Huit heures de formation<\/p>\n<p>Son argument a \u00e9t\u00e9 rejet\u00e9 par le tribunal, qui a toutefois pris en compte qu\u2019elle n\u2019avait pas d\u2019ant\u00e9c\u00e9dents judiciaires et qu\u2019elle avait exprim\u00e9 des remords. Selon le\u00a0juge, elle s\u2019\u00e9tait agenouill\u00e9e pour pr\u00e9senter ses excuses \u00e0 son coll\u00e8gue et ses parents.\u00a0La\u00a0Sud-Cor\u00e9enne\u00a0a \u00e9t\u00e9 condamn\u00e9e \u00e0 une amende de 2,8\u00a0millions de wons (environ 1.800 euros) ainsi qu\u2019\u00e0 huit heures de formation \u00e0 la pr\u00e9vention de la violence sexuelle.<\/p>\n<\/p>\n<p>Comme le rappellent nos confr\u00e8res, la pratique du \u00ab\u00a0pantsing\u00a0\u00bb avait d\u00e9j\u00e0 fait parler d\u2019elle en\u00a02019 dans le monde du sport.\u00a0Lim Hyo-jun, le champion olympique sud-cor\u00e9en de patinage de vitesse sur piste courte, avait \u00e9t\u00e9 suspendu un an apr\u00e8s avoir baiss\u00e9 le pantalon d\u2019un co\u00e9quipier devant d\u2019autres patineuses.<\/p>\n","protected":false},"excerpt":{"rendered":"Vous ne le savez peut-\u00eatre pas, mais baisser le pantalon de quelqu\u2019un (appel\u00e9 \u00ab\u00a0pantsing\u00a0\u00bb en anglais) est une&hellip;\n","protected":false},"author":2,"featured_media":168491,"comment_status":"","ping_status":"","sticky":false,"template":"","format":"standard","meta":{"footnotes":""},"categories":[5],"tags":[47,11,5640,118,1011,27,1757,14,303,74,12,28],"class_list":{"0":"post-168490","1":"post","2":"type-post","3":"status-publish","4":"format-standard","5":"has-post-thumbnail","7":"category-international","8":"tag-actualite","9":"tag-actualites","10":"tag-coree-du-sud","11":"tag-faits-divers","12":"tag-fr","13":"tag-france","14":"tag-insolite","15":"tag-international","16":"tag-justice","17":"tag-monde","18":"tag-news","19":"tag-world"},"share_on_mastodon":{"url":"https:\/\/pubeurope.com\/@fr\/114665360197025211","error":""},"_links":{"self":[{"href":"https:\/\/www.europesays.com\/fr\/wp-json\/wp\/v2\/posts\/168490","targetHints":{"allow":["GET"]}}],"collection":[{"href":"https:\/\/www.europesays.com\/fr\/wp-json\/wp\/v2\/posts"}],"about":[{"href":"https:\/\/www.europesays.com\/fr\/wp-json\/wp\/v2\/types\/post"}],"author":[{"embeddable":true,"href":"https:\/\/www.europesays.com\/fr\/wp-json\/wp\/v2\/users\/2"}],"replies":[{"embeddable":true,"href":"https:\/\/www.europesays.com\/fr\/wp-json\/wp\/v2\/comments?post=168490"}],"version-history":[{"count":0,"href":"https:\/\/www.europesays.com\/fr\/wp-json\/wp\/v2\/posts\/168490\/revisions"}],"wp:featuredmedia":[{"embeddable":true,"href":"https:\/\/www.europesays.com\/fr\/wp-json\/wp\/v2\/media\/168491"}],"wp:attachment":[{"href":"https:\/\/www.europesays.com\/fr\/wp-json\/wp\/v2\/media?parent=168490"}],"wp:term":[{"taxonomy":"category","embeddable":true,"href":"https:\/\/www.europesays.com\/fr\/wp-json\/wp\/v2\/categories?post=168490"},{"taxonomy":"post_tag","embeddable":true,"href":"https:\/\/www.europesays.com\/fr\/wp-json\/wp\/v2\/tags?post=168490"}],"curies":[{"name":"wp","href":"https:\/\/api.w.org\/{rel}","templated":true}]}}